{"id":63913,"date":"2017-06-17T11:38:45","date_gmt":"2017-06-17T14:38:45","guid":{"rendered":"http:\/\/www.hoymercedes.com.ar\/principal\/?p=63913"},"modified":"2017-06-17T00:12:02","modified_gmt":"2017-06-17T03:12:02","slug":"compromiso-para-instalar-camaras-en-la-zona-rural","status":"publish","type":"post","link":"https:\/\/www.hoymercedes.com.ar\/principal\/2017\/06\/17\/compromiso-para-instalar-camaras-en-la-zona-rural\/","title":{"rendered":"Compromiso para instalar c\u00e1maras en la zona rural"},"content":{"rendered":"<p>El pasado mi\u00e9rcoles el primer mandatario local estuvo reunido en la localidad de Tom\u00e1s Jofr\u00e9 con vecinos de la zona rural del Partido. En el di\u00e1logo, el Intendente Ustarroz tom\u00f3 el compromiso de sumar c\u00e1maras de vigilancia aprovechando la puesta en marcha del Centro de Protecci\u00f3n Integral.<\/p>\n<p>\u201cHemos tenido una fruct\u00edfera reuni\u00f3n\u201d destac\u00f3 el primer mandatario local Juan Ignacio Ustarroz en relaci\u00f3n al encuentro con los vecinos. En Tom\u00e1s Jofr\u00e9 uno de los pedidos fue la colocaci\u00f3n de c\u00e1maras de seguridad. En igual sentido en Gowland y Agote, localidades donde adem\u00e1s los habitantes por iniciativa propia efectuaron en el mes de abril una junta de firma para darle mayor acompa\u00f1amiento al pedido.<\/p>\n<p>El proyecto es parte del Plan Integral de Seguridad que Mercedes present\u00f3 tiempo atr\u00e1s siendo incluso. Esta propuesta est\u00e1 planificada, adem\u00e1s de haber sido solicitada por los vecinos de las zonas rurales que presentaron las firmas con la petici\u00f3n. Los vecinos que m\u00e1s firmaron fueron los de Gowland que se preocuparon ante un hecho concreto en el pueblo.<\/p>\n<p>Fuente: Comunicaciones FMPV<\/p>\n","protected":false},"excerpt":{"rendered":"<p>El pasado mi\u00e9rcoles el primer mandatario local estuvo reunido en la localidad de Tom\u00e1s Jofr\u00e9 con vecinos de la zona &#8230; <a title=\"Compromiso para instalar c\u00e1maras en la zona rural\" class=\"read-more\" href=\"https:\/\/www.hoymercedes.com.ar\/principal\/2017\/06\/17\/compromiso-para-instalar-camaras-en-la-zona-rural\/\" aria-label=\"Leer m\u00e1s sobre Compromiso para instalar c\u00e1maras en la zona rural\">Leer m\u00e1s<\/a><\/p>\n","protected":false},"author":1,"featured_media":63914,"comment_status":"closed","ping_status":"open","sticky":false,"template":"","format":"standard","meta":{"_monsterinsights_skip_tracking":false,"_monsterinsights_sitenote_active":false,"_monsterinsights_sitenote_note":"","_monsterinsights_sitenote_category":0,"jetpack_post_was_ever_published":false,"_jetpack_newsletter_access":"","_jetpack_dont_email_post_to_subs":false,"_jetpack_newsletter_tier_id":0,"_jetpack_memberships_contains_paywalled_content":false,"_jetpack_memberships_contains_paid_content":false,"footnotes":"","jetpack_publicize_message":"","jetpack_publicize_feature_enabled":true,"jetpack_social_post_already_shared":true,"jetpack_social_options":{"image_generator_settings":{"template":"highway","default_image_id":0,"font":"","enabled":false},"version":2},"_wpas_customize_per_network":false},"categories":[30],"tags":[1981,11352,875,244,5319,802,594,11351],"class_list":["post-63913","post","type-post","status-publish","format-standard","has-post-thumbnail","hentry","category-municipio","tag-agote","tag-camaras","tag-gowland","tag-municipio-2","tag-politica-2","tag-seguridad","tag-tomas-jofre","tag-zonas-rurales","generate-columns","tablet-grid-50","mobile-grid-100","grid-parent","grid-50"],"jetpack_publicize_connections":[],"jetpack_featured_media_url":"https:\/\/www.hoymercedes.com.ar\/principal\/wp-content\/uploads\/2017\/06\/17-vecinos.intendente.jpeg","wps_subtitle":"Reuni\u00f3n con vecinos","jetpack_sharing_enabled":true,"_links":{"self":[{"href":"https:\/\/www.hoymercedes.com.ar\/principal\/wp-json\/wp\/v2\/posts\/63913","targetHints":{"allow":["GET"]}}],"collection":[{"href":"https:\/\/www.hoymercedes.com.ar\/principal\/wp-json\/wp\/v2\/posts"}],"about":[{"href":"https:\/\/www.hoymercedes.com.ar\/principal\/wp-json\/wp\/v2\/types\/post"}],"author":[{"embeddable":true,"href":"https:\/\/www.hoymercedes.com.ar\/principal\/wp-json\/wp\/v2\/users\/1"}],"replies":[{"embeddable":true,"href":"https:\/\/www.hoymercedes.com.ar\/principal\/wp-json\/wp\/v2\/comments?post=63913"}],"version-history":[{"count":0,"href":"https:\/\/www.hoymercedes.com.ar\/principal\/wp-json\/wp\/v2\/posts\/63913\/revisions"}],"wp:featuredmedia":[{"embeddable":true,"href":"https:\/\/www.hoymercedes.com.ar\/principal\/wp-json\/wp\/v2\/media\/63914"}],"wp:attachment":[{"href":"https:\/\/www.hoymercedes.com.ar\/principal\/wp-json\/wp\/v2\/media?parent=63913"}],"wp:term":[{"taxonomy":"category","embeddable":true,"href":"https:\/\/www.hoymercedes.com.ar\/principal\/wp-json\/wp\/v2\/categories?post=63913"},{"taxonomy":"post_tag","embeddable":true,"href":"https:\/\/www.hoymercedes.com.ar\/principal\/wp-json\/wp\/v2\/tags?post=63913"}],"curies":[{"name":"wp","href":"https:\/\/api.w.org\/{rel}","templated":true}]}}