{"id":63933,"date":"2017-06-18T15:45:06","date_gmt":"2017-06-18T18:45:06","guid":{"rendered":"http:\/\/www.hoymercedes.com.ar\/principal\/?p=63933"},"modified":"2017-06-18T13:07:29","modified_gmt":"2017-06-18T16:07:29","slug":"la-camara-economica-firmo-convenio-con-toyota-para-brindar-beneficios-a-sus-socios","status":"publish","type":"post","link":"https:\/\/www.hoymercedes.com.ar\/principal\/2017\/06\/18\/la-camara-economica-firmo-convenio-con-toyota-para-brindar-beneficios-a-sus-socios\/","title":{"rendered":"La C\u00e1mara Econ\u00f3mica firm\u00f3 convenio con Toyota para brindar beneficios a sus socios"},"content":{"rendered":"<p><em><strong>El acuerdo fue firmado por el presidente de la CEM, Juan Carlos Cardinale y un representante de la concesionaria oficial Gustavo Ricciardi S.A. El socio tendr\u00e1 descuentos en el Plan de Ahorro, as\u00ed como en el servicio porst-venta.<\/strong><\/em><\/p>\n<p><img loading=\"lazy\" decoding=\"async\" data-attachment-id=\"63935\" data-permalink=\"https:\/\/www.hoymercedes.com.ar\/principal\/2017\/06\/18\/la-camara-economica-firmo-convenio-con-toyota-para-brindar-beneficios-a-sus-socios\/18-convnio-toyota-3\/#main\" data-orig-file=\"https:\/\/www.hoymercedes.com.ar\/principal\/wp-content\/uploads\/2017\/06\/18-convnio-toyota-3.jpg\" data-orig-size=\"630,420\" data-comments-opened=\"0\" data-image-meta=\"{&quot;aperture&quot;:&quot;4&quot;,&quot;credit&quot;:&quot;&quot;,&quot;camera&quot;:&quot;NIKON D3100&quot;,&quot;caption&quot;:&quot;&quot;,&quot;created_timestamp&quot;:&quot;1497609360&quot;,&quot;copyright&quot;:&quot;&quot;,&quot;focal_length&quot;:&quot;26&quot;,&quot;iso&quot;:&quot;800&quot;,&quot;shutter_speed&quot;:&quot;0.016666666666667&quot;,&quot;title&quot;:&quot;&quot;,&quot;orientation&quot;:&quot;1&quot;}\" data-image-title=\"18 convnio toyota 3\" data-image-description=\"\" data-image-caption=\"\" data-large-file=\"https:\/\/www.hoymercedes.com.ar\/principal\/wp-content\/uploads\/2017\/06\/18-convnio-toyota-3.jpg\" class=\"aligncenter size-medium wp-image-63935\" src=\"https:\/\/www.hoymercedes.com.ar\/principal\/wp-content\/uploads\/2017\/06\/18-convnio-toyota-3-630x420.jpg\" alt=\"\" width=\"630\" height=\"420\" srcset=\"https:\/\/www.hoymercedes.com.ar\/principal\/wp-content\/uploads\/2017\/06\/18-convnio-toyota-3.jpg 630w, https:\/\/www.hoymercedes.com.ar\/principal\/wp-content\/uploads\/2017\/06\/18-convnio-toyota-3-150x100.jpg 150w, https:\/\/www.hoymercedes.com.ar\/principal\/wp-content\/uploads\/2017\/06\/18-convnio-toyota-3-300x200.jpg 300w\" sizes=\"auto, (max-width: 630px) 100vw, 630px\" \/><\/p>\n<p>En la ma\u00f1ana de este viernes, la C\u00e1mara Econ\u00f3mica Mercedina sell\u00f3 un acuerdo con Gustavo Ricciardi S.A. que tiene como fin brindar una lista de beneficios para los socios de la instituci\u00f3n que re\u00fane a comerciantes, empresarios e industriales. Los beneficios se centran en los planes de ahorro de la concesionaria oficial de Toyota y el servicio post-venta que la empresa ofrece a sus clientes.<\/p>\n<p>La firma del convenio se realiz\u00f3 con la presencia del presidente de la C\u00e1mara Econ\u00f3mica Mercedina, Juan Carlos Cardinale, el gerente de la CEM Ariel Pietrucha y el comerciante Julio Leconte, uno de los integrantes de la comisi\u00f3n directiva; mientras que representando a Gustavo Ricciardi S.A. se hizo presente Maximiliano Valle y la apoderada de la empresa Jimena Gallo.<\/p>\n<p>\u201cEste convenio es un servicio m\u00e1s de lo que les ofrecemos a los socios. Ser socio de la C\u00e1mara implica una cuota muy baja y los beneficios cada vez m\u00e1s. M\u00e1s socios seamos, m\u00e1s beneficios podremos lograr. Este acuerdo es el primero que hacemos de esta manera. Le agrademos a Ricciardi por acercarse al socio. Son muchos los socios que tienen Toyota y sabemos que est\u00e1n conformes con la marca y apuestan a ella cada d\u00eda m\u00e1s. Les trae beneficios importantes este convenio a ellos. As\u00ed que estamos contentos de firmar el acuerdo con Gustavo Ricciardi S.A.\u201d, resalt\u00f3 Cardinale en el di\u00e1logo con los medios al momento de firmar el convenio con la empresa concesionaria.<\/p>\n<p><img loading=\"lazy\" decoding=\"async\" data-attachment-id=\"63934\" data-permalink=\"https:\/\/www.hoymercedes.com.ar\/principal\/2017\/06\/18\/la-camara-economica-firmo-convenio-con-toyota-para-brindar-beneficios-a-sus-socios\/18-convnio-toyota-2\/#main\" data-orig-file=\"https:\/\/www.hoymercedes.com.ar\/principal\/wp-content\/uploads\/2017\/06\/18-convnio-toyota-2.jpg\" data-orig-size=\"630,420\" data-comments-opened=\"0\" data-image-meta=\"{&quot;aperture&quot;:&quot;4&quot;,&quot;credit&quot;:&quot;&quot;,&quot;camera&quot;:&quot;NIKON D3100&quot;,&quot;caption&quot;:&quot;&quot;,&quot;created_timestamp&quot;:&quot;1497609660&quot;,&quot;copyright&quot;:&quot;&quot;,&quot;focal_length&quot;:&quot;26&quot;,&quot;iso&quot;:&quot;900&quot;,&quot;shutter_speed&quot;:&quot;0.016666666666667&quot;,&quot;title&quot;:&quot;&quot;,&quot;orientation&quot;:&quot;1&quot;}\" data-image-title=\"18 convnio toyota 2\" data-image-description=\"\" data-image-caption=\"\" data-large-file=\"https:\/\/www.hoymercedes.com.ar\/principal\/wp-content\/uploads\/2017\/06\/18-convnio-toyota-2.jpg\" class=\"aligncenter size-medium wp-image-63934\" src=\"https:\/\/www.hoymercedes.com.ar\/principal\/wp-content\/uploads\/2017\/06\/18-convnio-toyota-2-630x420.jpg\" alt=\"\" width=\"630\" height=\"420\" srcset=\"https:\/\/www.hoymercedes.com.ar\/principal\/wp-content\/uploads\/2017\/06\/18-convnio-toyota-2.jpg 630w, https:\/\/www.hoymercedes.com.ar\/principal\/wp-content\/uploads\/2017\/06\/18-convnio-toyota-2-150x100.jpg 150w, https:\/\/www.hoymercedes.com.ar\/principal\/wp-content\/uploads\/2017\/06\/18-convnio-toyota-2-300x200.jpg 300w\" sizes=\"auto, (max-width: 630px) 100vw, 630px\" \/><\/p>\n<p>Por su parte, Maximiliano Valle destac\u00f3 que Toyota se quiere acercar a los clientes a trav\u00e9s de las concesionarias oficiales. \u201cCon este convenio, los socios de la C\u00e1mara Econ\u00f3mica tendr\u00e1n beneficios diferenciales a otros clientes. Apuntamos no s\u00f3lo a nuevos clientes, sino tambi\u00e9n a quienes ya son clientes y tiene un veh\u00edculo usado. Por m\u00e1s que est\u00e9n fuera de garant\u00eda tambi\u00e9n tendr\u00e1n un beneficio y podr\u00e1n seguir atendi\u00e9ndolo en la concesionaria oficial. Este es un puntapi\u00e9 inicial en cuanto a beneficios para los socios ya que podremos ir renovando los beneficios o ampli\u00e1ndolos\u201d, resalt\u00f3 Valle que enumer\u00f3 los primeros beneficios que tendr\u00e1n los socios de la CEM.<\/p>\n<p>El acuerdo entre Gustavo Ricciardi y la C\u00e1mara Econ\u00f3mica Mercedina incluye una serie de beneficios para los socios de la entidad que re\u00fane a comerciantes, empresarios e industriales. En el Plan de Ahorro, la concesionaria otorgar\u00e1 un 50% de descuento en la suscripci\u00f3n al plan, correspondiente a la primera cuota, dar\u00e1 el kit de seguridad (chaleco, balizas, y matafuergos), el kit de tuercas de seguridad, y el kit de alfombras.<\/p>\n<p>En tanto, en el servicio de post-venta los socios de la CEM ser\u00e1n beneficiados con una bonificaci\u00f3n del 10% en accesorios, el control de los 1000 km de manera gratuita, una bonificaci\u00f3n del 10% del primer service oficial y en el servicio de mantenimiento, para una unidad fuera de garant\u00eda, una promoci\u00f3n de 40% de descuento.<\/p>\n<p>Cabe destacar que el acceso a los beneficios de la concesionaria Toyota de Gustavo Ricciardi S. A.\u00a0 son exclusivos para socios titulares de la C\u00e1mara Econ\u00f3mica. En principio, estos beneficios tienen vigencia hasta fines del mes de septiembre del corriente a\u00f1o, aunque no se descartan que se renueven o sumen nuevos beneficios exclusivos.<\/p>\n<p>&nbsp;<\/p>\n<p>Fuente: Prensa CEM<\/p>\n","protected":false},"excerpt":{"rendered":"<p>El acuerdo fue firmado por el presidente de la CEM, Juan Carlos Cardinale y un representante de la concesionaria oficial &#8230; <a title=\"La C\u00e1mara Econ\u00f3mica firm\u00f3 convenio con Toyota para brindar beneficios a sus socios\" class=\"read-more\" href=\"https:\/\/www.hoymercedes.com.ar\/principal\/2017\/06\/18\/la-camara-economica-firmo-convenio-con-toyota-para-brindar-beneficios-a-sus-socios\/\" aria-label=\"Leer m\u00e1s sobre La C\u00e1mara Econ\u00f3mica firm\u00f3 convenio con Toyota para brindar beneficios a sus socios\">Leer m\u00e1s<\/a><\/p>\n","protected":false},"author":1,"featured_media":63934,"comment_status":"closed","ping_status":"open","sticky":false,"template":"","format":"standard","meta":{"_monsterinsights_skip_tracking":false,"_monsterinsights_sitenote_active":false,"_monsterinsights_sitenote_note":"","_monsterinsights_sitenote_category":0,"jetpack_post_was_ever_published":false,"_jetpack_newsletter_access":"","_jetpack_dont_email_post_to_subs":false,"_jetpack_newsletter_tier_id":0,"_jetpack_memberships_contains_paywalled_content":false,"_jetpack_memberships_contains_paid_content":false,"footnotes":"","jetpack_publicize_message":"","jetpack_publicize_feature_enabled":true,"jetpack_social_post_already_shared":true,"jetpack_social_options":{"image_generator_settings":{"template":"highway","default_image_id":0,"font":"","enabled":false},"version":2},"_wpas_customize_per_network":false},"categories":[5485,8],"tags":[8739,267,9504,11353,7802,11006],"class_list":["post-63933","post","type-post","status-publish","format-standard","has-post-thumbnail","hentry","category-comunidad","category-sociedad","tag-beneficios","tag-camara-economica-mercedina","tag-convenio","tag-gustavo-ricciardi","tag-sociedad","tag-toyota","generate-columns","tablet-grid-50","mobile-grid-100","grid-parent","grid-50"],"jetpack_publicize_connections":[],"jetpack_featured_media_url":"https:\/\/www.hoymercedes.com.ar\/principal\/wp-content\/uploads\/2017\/06\/18-convnio-toyota-2.jpg","wps_subtitle":"Descuentos en al Plan de Ahorro y en la Post-venta","jetpack_sharing_enabled":true,"_links":{"self":[{"href":"https:\/\/www.hoymercedes.com.ar\/principal\/wp-json\/wp\/v2\/posts\/63933","targetHints":{"allow":["GET"]}}],"collection":[{"href":"https:\/\/www.hoymercedes.com.ar\/principal\/wp-json\/wp\/v2\/posts"}],"about":[{"href":"https:\/\/www.hoymercedes.com.ar\/principal\/wp-json\/wp\/v2\/types\/post"}],"author":[{"embeddable":true,"href":"https:\/\/www.hoymercedes.com.ar\/principal\/wp-json\/wp\/v2\/users\/1"}],"replies":[{"embeddable":true,"href":"https:\/\/www.hoymercedes.com.ar\/principal\/wp-json\/wp\/v2\/comments?post=63933"}],"version-history":[{"count":0,"href":"https:\/\/www.hoymercedes.com.ar\/principal\/wp-json\/wp\/v2\/posts\/63933\/revisions"}],"wp:featuredmedia":[{"embeddable":true,"href":"https:\/\/www.hoymercedes.com.ar\/principal\/wp-json\/wp\/v2\/media\/63934"}],"wp:attachment":[{"href":"https:\/\/www.hoymercedes.com.ar\/principal\/wp-json\/wp\/v2\/media?parent=63933"}],"wp:term":[{"taxonomy":"category","embeddable":true,"href":"https:\/\/www.hoymercedes.com.ar\/principal\/wp-json\/wp\/v2\/categories?post=63933"},{"taxonomy":"post_tag","embeddable":true,"href":"https:\/\/www.hoymercedes.com.ar\/principal\/wp-json\/wp\/v2\/tags?post=63933"}],"curies":[{"name":"wp","href":"https:\/\/api.w.org\/{rel}","templated":true}]}}