{"id":64014,"date":"2017-06-21T09:28:22","date_gmt":"2017-06-21T12:28:22","guid":{"rendered":"http:\/\/www.hoymercedes.com.ar\/principal\/?p=64014"},"modified":"2017-06-21T09:57:54","modified_gmt":"2017-06-21T12:57:54","slug":"a-una-fecha-del-final-seis-equipos-buscan-la-mejor-posicion-en-la-liguilla","status":"publish","type":"post","link":"https:\/\/www.hoymercedes.com.ar\/principal\/2017\/06\/21\/a-una-fecha-del-final-seis-equipos-buscan-la-mejor-posicion-en-la-liguilla\/","title":{"rendered":"A una fecha del final, seis equipos buscan la mejor posici\u00f3n en la Liguilla"},"content":{"rendered":"<p>En la jornada del martes se jug\u00f3 en forma \u00edntegra la decimosexta fecha del torneo Apertura de Primera Divisi\u00f3n al igual que en Reserva, que dej\u00f3 la confirmaci\u00f3n de todos los clasificados a la Liguilla cuando quedan todav\u00eda tres puntos en juego. Adem\u00e1s, Atl\u00e9tico Marcos Paz consigui\u00f3 asegurarse el segundo puesto, tras la derrota de Comunicaciones ante Juventud por 2 a 1, ya que era el \u00fanico que lo pod\u00eda superar, pero para eso ten\u00eda que ganar.<\/p>\n<p>En cuanto a las posibilidades de clasificaci\u00f3n del resto, ya con Trocha con el primer puesto confirmado desde hace dos jornadas, resta saber en qu\u00e9 lugar culminar\u00e1n los que clasificaron del tercero al d\u00e9cimo, ya que Pabell\u00f3n de Marcos Paz fue el \u00faltimo de los que se asegur\u00f3 su estad\u00eda en octavos, luego de vencer a V\u00e9lez por 1 a 0 y dejar sin chances a un Quilmes que gole\u00f3 a Palometas 3 a 0.<\/p>\n<p>En base a esto, el an\u00e1lisis es el siguiente:<\/p>\n<p>AMEFIP &#8211; San Mart\u00edn. Hoy est\u00e1 tercero. Con ganar, nadie le arrebatar\u00e1 la ventaja deportiva en las primeras dos instancias del Reducido. S\u00f3lo podr\u00e1 ser superado por Juventud y Comunicaciones, que est\u00e1n a un punto. En caso de que pierda y estos dos empaten, los tres compartir\u00e1n el tercer lugar y ah\u00ed definir\u00e1n los resultados entre s\u00ed. Y en ese triangular, Juventud venci\u00f3 a los dos y quedar\u00eda tercero, el cartero cuartos y los de Camargo, quintos. En caso de que sean dos los que igualen en puntos, Juventud derrot\u00f3 a los dos y Comunicaciones a AMEFIP.<\/p>\n<p>El que podr\u00eda sumarse a esta historia es El Front\u00f3n, que con 25 puntos y de ganar, igualar\u00eda a AMEFIP si pierde o a Juventud y Comunicaciones si empatan. En ese caso, los de Giles empataron con los de Suipacha, cayeron ante Barrio San Mart\u00edn y en la \u00faltima fecha se miden con el cartero. Pero, los de Stopiello miran de reojo a los que tienen abajo, porque podr\u00eda ser alcanzado o superado por Estudiantes y Mercedes en el caso de que estos empaten y los de Giles pierdan. En ese caso, habr\u00eda otro triple empate y ah\u00ed, Mercedes venci\u00f3 a El Front\u00f3n 2 a 0 y empat\u00f3 2 a 2 con Estudiantes, mientras que el pincha cay\u00f3 3 a 1 con El Front\u00f3n. Por lo que el sexto ser\u00eda Mercedes, el s\u00e9ptimo El Front\u00f3n y el octavo, el pincha.<\/p>\n<p>En caso de que El Front\u00f3n gane, ser\u00e1 inalcanzable para el blanquinegro y el pincha y ah\u00ed la clasificaci\u00f3n quedar\u00e1 entre s\u00ed, ya que los dos tienen la misma cantidad de puntos.<\/p>\n<p>En cuanto a Pabell\u00f3n de Marcos Paz y Defensores, en la \u00faltima fecha quedar\u00e1n libre, por lo que son los \u00fanicos dos de octavos de final que quedaron con el noveno y d\u00e9cimo puesto confirmados respectivamente.<\/p>\n<p>S\u00edntesis &#8211; Fecha 16<\/p>\n<p>Pabell\u00f3n 1 &#8211; Juan Barandari\u00e1n<\/p>\n<p>V\u00e9lez 0<\/p>\n<p>&nbsp;<\/p>\n<p>Defensores 0: Germ\u00e1n Mart\u00ednez, Juli\u00e1n Olivera, Lucas Rovito, Braian Noguera, Claudio Aguirre, Bernardo Cantero, Mat\u00edas Casco, Santiago Villafa\u00f1e, Cristian Cabrera, Sebastian Montiel, Esteban Havandjian. DT: Maxi Scorini. Relevos: Francisco Valiente, Maximiliano Fabrizio, Jonathan Fabrizio, Sergio Guerrero, Mat\u00edas Carozza, Emmanuel Cantero.<\/p>\n<p>El Front\u00f3n 3: Mat\u00edas Roncoroni, Ezequiel T\u00e1mparo, Mateo Casas, Pablo D\u00edaz, Federico Grosso, Fabricio Paganini, Mat\u00edas Paolacci, Oscar Zapata, Ramiro Soria, Gabriel Barrienos, Jos\u00e9 Mansilla. DT: Germ\u00e1n Stopiello. Relevos: Mateo Rodr\u00edguez, Marcelo Reble, Sergio G\u00f3mez, Alejandro Morada, Mat\u00edas Silea, Francisco Tallarico.<\/p>\n<p>Goles: Oscar Zapata, Federico Grosso, Gabriel Barrientos para El Front\u00f3n.<\/p>\n<p>&nbsp;<\/p>\n<p>Estudiantes 1: Federico Grosso, Lucas Picone, Nicol\u00e1s Nava, Leandro Vignau, Federico Malano, Facundo Quiroga, Mart\u00edn Bonetti, Pablo Giacoy, Daniel Ortiz, \u00c1ngel Calder\u00f3n, Javier Rosales. DT: Juan Ignacio Mendenz. Relevos: Ger\u00f3nimo Corbell, Nelson Denis, Gonzalo Jaime, Jorge Montenegro, Diego Castro.<\/p>\n<p>Ateneo 1: Agust\u00edn Ramos, Maximiliano Becerra, Juan Lombardo, Maximiliano Arzani, Mariano Villone, Jer\u00f3nimo Luna, Paulo Lescano, Mauro Filippini, Ezequiel Van\u00edn, Facundo P\u00e9rez, Francisco Basualdo. DT: Gustavo Cestari. Relevos: Manuel Mendiola, Daniel Conena, Agust\u00edn Flaherty, Franco L\u00f3pez, Mario Morales, Diego Gorosito.<\/p>\n<p>Goles: Gonzalo Jaime para Estudiantes. Mauro Filippini para Ateneo.<\/p>\n<p>&nbsp;<\/p>\n<p>AMEFIP 4<\/p>\n<p>Costa Brava 0<\/p>\n<p>&nbsp;<\/p>\n<p>Palometas 0: Jos\u00e9 Ventura, Marcelo Carpanetto, Nicol\u00e1s Vargas, David Bertera, Nicol\u00e1s Aranda, Miguel Lobos, Agust\u00edn P\u00f3rfido, Jonathan Guzm\u00e1n, Diego Figueredo, Juan Cruz Rolandelli, Lucas Leguizam\u00f3n. DT. Mariano Pueblas. Relevos: Mariano Bourdieu, Gustavo Medone, Federico Flores Arce y Fancundo Pinto.<\/p>\n<p>Quilmes 3: Franco Trejo, Agust\u00edn Uviz, Mat\u00edas Uviz, Braian Moyano, Sebasti\u00e1n Biaggini, Ezequiel Ramos, Nicol\u00e1s Loza, Braian Climi\u00f1o, Cristian Sandoval, Mat\u00edas Nieves, Enzo Romero. DT: Miguel L\u00f3pez. Relevos: Nahuel Ortiz, Nicol\u00e1s Romero, Jonathan Damonte, Agust\u00edn Mallorqu\u00edn, Mat\u00edas Meriles.<\/p>\n<p>Goles: Agust\u00edn Uviz, Nicol\u00e1s Loza y Cristian Sandoval para Quilmes<\/p>\n<p>&nbsp;<\/p>\n<p>Trocha 3: Nahuel Avenda\u00f1o, Luis Ferreyra, Hern\u00e1n Bruno, Sebasti\u00e1n G\u00f3mez, Joel Segio, Lucas Falcone, Facundo M\u00f3dolo, Juan Rizzo, Marcelo Gonz\u00e1lez, Nicol\u00e1s Ram\u00edrez y Azel Reyne. DT: Mat\u00edas M\u00f3dolo. Relevos: Mat\u00edas Garces, Gabriel Sanini, Pablo Ianoni, Diego Ferrara, Pablo Tosoni, Ezequiel Giachelo, Braian Ferreyra.<\/p>\n<p>Mercedes 1: Francisco Bidone, Agust\u00edn Frustoli, Federico Puliti, Franco Mart\u00ednez, Juan Bustos, Franco P\u00e9rez, Nicol\u00e1s Paniagua, Francisco Silvestre, Juan Luza, Juli\u00e1n Lussello, Ignacio Vacarezza. DT: Walter D\u00edaz. Relevos: Nicol\u00e1s Borrasca, Germ\u00e1n Puliti, Jos\u00e9 Comalini, Ivan G\u00f3mez, Tom\u00e1s Lima, Franco Fredes, Gonzalo Volpe.<\/p>\n<p>Goles. Juan Luza para Mercedez. Nicol\u00e1s Ram\u00edrez, Axel Reyne y Marcelo Gonz\u00e1lez para Trocha.<\/p>\n<p>&nbsp;<\/p>\n<p>Comunicaciones 1: David Br\u00edzolis, Mart\u00edn Ag\u00fcero, Juan Quiroga, Jonathan Bartolomeo, Franco Torres, Oscar Morales, Nery Lazarte, Juli\u00e1n Ag\u00fcero, Federico Amaya, Diego S\u00e1nchez, Alexis S\u00e1nchez. DT: Julio Torres. Relevos: Mat\u00edas Aguero, Elio Serrano, Nahuel Torres, Tom\u00e1s P\u00e9rez, Mart\u00edn Torres.<\/p>\n<p>Juventud 2: Pablo Fontana, Emmanuel Garc\u00eda, Ezequiel Bondanza, Bladimir Gonz\u00e1lez, Daniel Mu\u00f1oz, Alejo Mess\u00eda, Luciano Apariente, Edgardo Su\u00e1rez, Lucas P\u00e9rez Zunino, Maximiliano Machado, Mauro Correa. DT: Jorge Boqu\u00edn. Relevos: Nahuel Guich\u00f3n y Esteban Braghi.<\/p>\n<p>Goles: Juan Quiroga para Comunicaciones. Bondanza y Apariente para Juventud.<\/p>\n<p>&nbsp;<\/p>\n<p>\u00daltima Fecha<\/p>\n<p><em><strong>S\u00e1bado 24 de junio, cancha Liga Mercedina<\/strong><\/em><br \/>\n13:00 hs. Mercedes Vs. El Tim\u00f3n<br \/>\n15:00 hs. A.M.E.F.I.P. -San Mart\u00edn Vs . Palometas<br \/>\n17:00 hs. Quilmes Vs. Atl\u00e9tico Marcos Paz<br \/>\n19:00 hs. V\u00e9lez Vs. Estudiantes<\/p>\n<p><em><strong>S\u00e1bado 24 de junio, cancha El Front\u00f3n<\/strong><\/em><br \/>\n15:00 hs. El Front\u00f3n Vs. Comunicaciones<\/p>\n<p><em><strong>Domingo, 25 de junio cancha Juventud<\/strong><\/em><br \/>\n15:00 hs. Juventud Vs. Trocha<\/p>\n<p><em><strong>A confirmar<\/strong><\/em><br \/>\nAteneo Vs. Costa Brava<\/p>\n<p>&nbsp;<\/p>\n<p><img loading=\"lazy\" decoding=\"async\" data-attachment-id=\"64022\" data-permalink=\"https:\/\/www.hoymercedes.com.ar\/principal\/2017\/06\/21\/a-una-fecha-del-final-seis-equipos-buscan-la-mejor-posicion-en-la-liguilla\/primera-64\/#main\" data-orig-file=\"https:\/\/www.hoymercedes.com.ar\/principal\/wp-content\/uploads\/2017\/06\/Primera-2.png\" data-orig-size=\"525,406\" data-comments-opened=\"0\" data-image-meta=\"{&quot;aperture&quot;:&quot;0&quot;,&quot;credit&quot;:&quot;&quot;,&quot;camera&quot;:&quot;&quot;,&quot;caption&quot;:&quot;&quot;,&quot;created_timestamp&quot;:&quot;0&quot;,&quot;copyright&quot;:&quot;&quot;,&quot;focal_length&quot;:&quot;0&quot;,&quot;iso&quot;:&quot;0&quot;,&quot;shutter_speed&quot;:&quot;0&quot;,&quot;title&quot;:&quot;&quot;,&quot;orientation&quot;:&quot;0&quot;}\" data-image-title=\"Primera\" data-image-description=\"\" data-image-caption=\"\" data-large-file=\"https:\/\/www.hoymercedes.com.ar\/principal\/wp-content\/uploads\/2017\/06\/Primera-2.png\" class=\"aligncenter size-full wp-image-64022\" src=\"https:\/\/www.hoymercedes.com.ar\/principal\/wp-content\/uploads\/2017\/06\/Primera-2.png\" alt=\"\" width=\"525\" height=\"406\" srcset=\"https:\/\/www.hoymercedes.com.ar\/principal\/wp-content\/uploads\/2017\/06\/Primera-2.png 525w, https:\/\/www.hoymercedes.com.ar\/principal\/wp-content\/uploads\/2017\/06\/Primera-2-150x116.png 150w\" sizes=\"auto, (max-width: 525px) 100vw, 525px\" \/><\/p>\n<p>&nbsp;<\/p>\n<p><img loading=\"lazy\" decoding=\"async\" data-attachment-id=\"64023\" data-permalink=\"https:\/\/www.hoymercedes.com.ar\/principal\/2017\/06\/21\/a-una-fecha-del-final-seis-equipos-buscan-la-mejor-posicion-en-la-liguilla\/goleadores-primera-26\/#main\" data-orig-file=\"https:\/\/www.hoymercedes.com.ar\/principal\/wp-content\/uploads\/2017\/06\/Goleadores-Primera-2.png\" data-orig-size=\"326,533\" data-comments-opened=\"0\" data-image-meta=\"{&quot;aperture&quot;:&quot;0&quot;,&quot;credit&quot;:&quot;&quot;,&quot;camera&quot;:&quot;&quot;,&quot;caption&quot;:&quot;&quot;,&quot;created_timestamp&quot;:&quot;0&quot;,&quot;copyright&quot;:&quot;&quot;,&quot;focal_length&quot;:&quot;0&quot;,&quot;iso&quot;:&quot;0&quot;,&quot;shutter_speed&quot;:&quot;0&quot;,&quot;title&quot;:&quot;&quot;,&quot;orientation&quot;:&quot;0&quot;}\" data-image-title=\"Goleadores Primera\" data-image-description=\"\" data-image-caption=\"\" data-large-file=\"https:\/\/www.hoymercedes.com.ar\/principal\/wp-content\/uploads\/2017\/06\/Goleadores-Primera-2.png\" class=\"aligncenter size-full wp-image-64023\" src=\"https:\/\/www.hoymercedes.com.ar\/principal\/wp-content\/uploads\/2017\/06\/Goleadores-Primera-2.png\" alt=\"\" width=\"326\" height=\"533\" srcset=\"https:\/\/www.hoymercedes.com.ar\/principal\/wp-content\/uploads\/2017\/06\/Goleadores-Primera-2.png 326w, https:\/\/www.hoymercedes.com.ar\/principal\/wp-content\/uploads\/2017\/06\/Goleadores-Primera-2-92x150.png 92w\" sizes=\"auto, (max-width: 326px) 100vw, 326px\" \/><\/p>\n","protected":false},"excerpt":{"rendered":"<p>En la jornada del martes se jug\u00f3 en forma \u00edntegra la decimosexta fecha del torneo Apertura de Primera Divisi\u00f3n al &#8230; <a title=\"A una fecha del final, seis equipos buscan la mejor posici\u00f3n en la Liguilla\" class=\"read-more\" href=\"https:\/\/www.hoymercedes.com.ar\/principal\/2017\/06\/21\/a-una-fecha-del-final-seis-equipos-buscan-la-mejor-posicion-en-la-liguilla\/\" aria-label=\"Leer m\u00e1s sobre A una fecha del final, seis equipos buscan la mejor posici\u00f3n en la Liguilla\">Leer m\u00e1s<\/a><\/p>\n","protected":false},"author":1,"featured_media":64022,"comment_status":"closed","ping_status":"open","sticky":false,"template":"","format":"standard","meta":{"_monsterinsights_skip_tracking":false,"_monsterinsights_sitenote_active":false,"_monsterinsights_sitenote_note":"","_monsterinsights_sitenote_category":0,"jetpack_post_was_ever_published":false,"_jetpack_newsletter_access":"","_jetpack_dont_email_post_to_subs":false,"_jetpack_newsletter_tier_id":0,"_jetpack_memberships_contains_paywalled_content":false,"_jetpack_memberships_contains_paid_content":false,"footnotes":"","jetpack_publicize_message":"","jetpack_publicize_feature_enabled":true,"jetpack_social_post_already_shared":true,"jetpack_social_options":{"image_generator_settings":{"template":"highway","default_image_id":0,"font":"","enabled":false},"version":2},"_wpas_customize_per_network":false},"categories":[21],"tags":[204,1003,1901,9403,10],"class_list":["post-64014","post","type-post","status-publish","format-standard","has-post-thumbnail","hentry","category-deportes","tag-deportes-2","tag-futbol","tag-liga-mercedina","tag-liguilla","tag-mercedes","generate-columns","tablet-grid-50","mobile-grid-100","grid-parent","grid-50"],"jetpack_publicize_connections":[],"jetpack_featured_media_url":"https:\/\/www.hoymercedes.com.ar\/principal\/wp-content\/uploads\/2017\/06\/Primera-2.png","wps_subtitle":"Liga Mercedina","jetpack_sharing_enabled":true,"_links":{"self":[{"href":"https:\/\/www.hoymercedes.com.ar\/principal\/wp-json\/wp\/v2\/posts\/64014","targetHints":{"allow":["GET"]}}],"collection":[{"href":"https:\/\/www.hoymercedes.com.ar\/principal\/wp-json\/wp\/v2\/posts"}],"about":[{"href":"https:\/\/www.hoymercedes.com.ar\/principal\/wp-json\/wp\/v2\/types\/post"}],"author":[{"embeddable":true,"href":"https:\/\/www.hoymercedes.com.ar\/principal\/wp-json\/wp\/v2\/users\/1"}],"replies":[{"embeddable":true,"href":"https:\/\/www.hoymercedes.com.ar\/principal\/wp-json\/wp\/v2\/comments?post=64014"}],"version-history":[{"count":0,"href":"https:\/\/www.hoymercedes.com.ar\/principal\/wp-json\/wp\/v2\/posts\/64014\/revisions"}],"wp:featuredmedia":[{"embeddable":true,"href":"https:\/\/www.hoymercedes.com.ar\/principal\/wp-json\/wp\/v2\/media\/64022"}],"wp:attachment":[{"href":"https:\/\/www.hoymercedes.com.ar\/principal\/wp-json\/wp\/v2\/media?parent=64014"}],"wp:term":[{"taxonomy":"category","embeddable":true,"href":"https:\/\/www.hoymercedes.com.ar\/principal\/wp-json\/wp\/v2\/categories?post=64014"},{"taxonomy":"post_tag","embeddable":true,"href":"https:\/\/www.hoymercedes.com.ar\/principal\/wp-json\/wp\/v2\/tags?post=64014"}],"curies":[{"name":"wp","href":"https:\/\/api.w.org\/{rel}","templated":true}]}}