{"id":64018,"date":"2017-06-21T10:47:07","date_gmt":"2017-06-21T13:47:07","guid":{"rendered":"http:\/\/www.hoymercedes.com.ar\/principal\/?p=64018"},"modified":"2017-06-21T09:56:04","modified_gmt":"2017-06-21T12:56:04","slug":"presentan-el-martin-fierro-con-ilustraciones-de-enrique-rapela","status":"publish","type":"post","link":"https:\/\/www.hoymercedes.com.ar\/principal\/2017\/06\/21\/presentan-el-martin-fierro-con-ilustraciones-de-enrique-rapela\/","title":{"rendered":"Presentan el Mart\u00edn Fierro con ilustraciones de Enrique Rapela"},"content":{"rendered":"<p>En 1977, el editor Oscar Quevedo, le encarga al artista mercedino Enrique Rapela, la ilustraci\u00f3n del Mart\u00edn Fierro para una edici\u00f3n biling\u00fce.<\/p>\n<p>Rapela, mercedino nacido en 1911, reconocido ilustrador, autor de El Huinca y Fabi\u00e1n Leyes, gran conocedor de las costumbres gauchescas, emprendi\u00f3 este trabajo realizando hermosas acuarelas. Pero en febrero de 1978, en plena labor, cuando ya hab\u00eda realizado gran parte del trabajo, muere.<\/p>\n<p>A lo largo de los a\u00f1os, diversos problemas impidieron la publicaci\u00f3n del libro. Hasta que hace un tiempo, Quevedo busca a los familiares de Rapela para concluir la tarea.<\/p>\n<p>En el d\u00eda del aniversario de los or\u00edgenes de Mercedes se presentar\u00e1 esta edici\u00f3n del Mart\u00edn Fierro. La cita ser\u00e1 a las 19.30 en el Museo de Arte (MAMM), y ser\u00e1n parte de la mesa de disertantes: el editor Oscar Quevedo, el locutor y familiar del ilustrador Hern\u00e1n Rapela y el profesor Ricardo Tabossi, actuar\u00e1 tambi\u00e9n Tito Sanguinetti, poniendo su voz a los versos del Mart\u00edn Fierro. Adem\u00e1s, habr\u00e1 un stand de venta con ejemplares por Chel\u00e9n Libros.<\/p>\n<p>&nbsp;<\/p>\n<p>Fuente: MAMM<\/p>\n<p>&nbsp;<\/p>\n","protected":false},"excerpt":{"rendered":"<p>En 1977, el editor Oscar Quevedo, le encarga al artista mercedino Enrique Rapela, la ilustraci\u00f3n del Mart\u00edn Fierro para una &#8230; <a title=\"Presentan el Mart\u00edn Fierro con ilustraciones de Enrique Rapela\" class=\"read-more\" href=\"https:\/\/www.hoymercedes.com.ar\/principal\/2017\/06\/21\/presentan-el-martin-fierro-con-ilustraciones-de-enrique-rapela\/\" aria-label=\"Leer m\u00e1s sobre Presentan el Mart\u00edn Fierro con ilustraciones de Enrique Rapela\">Leer m\u00e1s<\/a><\/p>\n","protected":false},"author":1,"featured_media":64025,"comment_status":"closed","ping_status":"open","sticky":false,"template":"","format":"standard","meta":{"_monsterinsights_skip_tracking":false,"_monsterinsights_sitenote_active":false,"_monsterinsights_sitenote_note":"","_monsterinsights_sitenote_category":0,"jetpack_post_was_ever_published":false,"_jetpack_newsletter_access":"","_jetpack_dont_email_post_to_subs":false,"_jetpack_newsletter_tier_id":0,"_jetpack_memberships_contains_paywalled_content":false,"_jetpack_memberships_contains_paid_content":false,"footnotes":"","jetpack_publicize_message":"","jetpack_publicize_feature_enabled":true,"jetpack_social_post_already_shared":true,"jetpack_social_options":{"image_generator_settings":{"template":"highway","default_image_id":0,"font":"","enabled":false},"version":2},"_wpas_customize_per_network":false},"categories":[104],"tags":[7805,11363,73,8674,10869],"class_list":["post-64018","post","type-post","status-publish","format-standard","has-post-thumbnail","hentry","category-cultura","tag-cultura","tag-ilustracion","tag-literatura","tag-mamm","tag-museo-de-arte","generate-columns","tablet-grid-50","mobile-grid-100","grid-parent","grid-50"],"jetpack_publicize_connections":[],"jetpack_featured_media_url":"https:\/\/www.hoymercedes.com.ar\/principal\/wp-content\/uploads\/2017\/06\/21-MAMM-Rapela-3.jpg","wps_subtitle":"Edici\u00f3n hist\u00f3rica","jetpack_sharing_enabled":true,"_links":{"self":[{"href":"https:\/\/www.hoymercedes.com.ar\/principal\/wp-json\/wp\/v2\/posts\/64018","targetHints":{"allow":["GET"]}}],"collection":[{"href":"https:\/\/www.hoymercedes.com.ar\/principal\/wp-json\/wp\/v2\/posts"}],"about":[{"href":"https:\/\/www.hoymercedes.com.ar\/principal\/wp-json\/wp\/v2\/types\/post"}],"author":[{"embeddable":true,"href":"https:\/\/www.hoymercedes.com.ar\/principal\/wp-json\/wp\/v2\/users\/1"}],"replies":[{"embeddable":true,"href":"https:\/\/www.hoymercedes.com.ar\/principal\/wp-json\/wp\/v2\/comments?post=64018"}],"version-history":[{"count":0,"href":"https:\/\/www.hoymercedes.com.ar\/principal\/wp-json\/wp\/v2\/posts\/64018\/revisions"}],"wp:featuredmedia":[{"embeddable":true,"href":"https:\/\/www.hoymercedes.com.ar\/principal\/wp-json\/wp\/v2\/media\/64025"}],"wp:attachment":[{"href":"https:\/\/www.hoymercedes.com.ar\/principal\/wp-json\/wp\/v2\/media?parent=64018"}],"wp:term":[{"taxonomy":"category","embeddable":true,"href":"https:\/\/www.hoymercedes.com.ar\/principal\/wp-json\/wp\/v2\/categories?post=64018"},{"taxonomy":"post_tag","embeddable":true,"href":"https:\/\/www.hoymercedes.com.ar\/principal\/wp-json\/wp\/v2\/tags?post=64018"}],"curies":[{"name":"wp","href":"https:\/\/api.w.org\/{rel}","templated":true}]}}