{"id":64045,"date":"2017-06-22T10:38:52","date_gmt":"2017-06-22T13:38:52","guid":{"rendered":"http:\/\/www.hoymercedes.com.ar\/principal\/?p=64045"},"modified":"2017-06-22T14:20:01","modified_gmt":"2017-06-22T17:20:01","slug":"de-pedro-unidad-ciudadana-va-a-representar-a-los-agredidos-por-el-ajuste-de-macri","status":"publish","type":"post","link":"https:\/\/www.hoymercedes.com.ar\/principal\/2017\/06\/22\/de-pedro-unidad-ciudadana-va-a-representar-a-los-agredidos-por-el-ajuste-de-macri\/","title":{"rendered":"De Pedro: \u00abUnidad Ciudadana va a representar a \u00a0los agredidos por el ajuste de Macri\u00bb\u00a0"},"content":{"rendered":"<p>El Diputado Nacional, Eduardo Wado de Pedro, fue parte de la presentaci\u00f3n del Frente Unidad Ciudadana que encabez\u00f3 la ex Presidenta Cristina Fern\u00e1ndez de Kirchner en el estadio de Arsenal de Sarand\u00ed, de la que tambi\u00e9n particip\u00f3 el intendente Juan Ignacio Ustarroz.<\/p>\n<p>Tras el acto, el legislador mercedino sostuvo que \u00abhay que detener el ajuste de Macri para volver a ordenarle la vida cotidiana a la gente que se complic\u00f3 por el desbarajuste econ\u00f3mico que produjo este gobierno\u00bb.<\/p>\n<p>\u00abCristina fue muy clara en su mensaje, Unidad Ciudadana ser\u00e1 el voto m\u00e1s claro, directo para los ciudadanos que quieren advertir al Gobierno\u00bb insisti\u00f3 \u00a0De Pedro. Y agreg\u00f3: \u00abQueremos advertirle al gobierno que la ciudadan\u00eda no puede m\u00e1s, ya no llega a fin de mes. Hay que cambiar el rumbo del gobierno\u00bb.<\/p>\n<p>Ante la consulta sobre la candidatura de la ex Presidenta, De Pedro explic\u00f3 que \u00abCristina tiene un gran compromiso para defender a la gente y su futuro. No viene para volver al pasado o por ambici\u00f3n. Ella se puso a disposici\u00f3n para construir y organizar este frente que busca representar a todos los argentinos agredidos por el ajuste de Macri\u00bb.<\/p>\n<p>&nbsp;<\/p>\n<p>Fuente: Comunicaciones FMPV<\/p>\n<p><img loading=\"lazy\" decoding=\"async\" data-attachment-id=\"64046\" data-permalink=\"https:\/\/www.hoymercedes.com.ar\/principal\/2017\/06\/22\/de-pedro-unidad-ciudadana-va-a-representar-a-los-agredidos-por-el-ajuste-de-macri\/22-de-pedro\/#main\" data-orig-file=\"https:\/\/www.hoymercedes.com.ar\/principal\/wp-content\/uploads\/2017\/06\/22-de-pedro.jpg\" data-orig-size=\"630,420\" data-comments-opened=\"0\" data-image-meta=\"{&quot;aperture&quot;:&quot;0&quot;,&quot;credit&quot;:&quot;&quot;,&quot;camera&quot;:&quot;&quot;,&quot;caption&quot;:&quot;&quot;,&quot;created_timestamp&quot;:&quot;0&quot;,&quot;copyright&quot;:&quot;&quot;,&quot;focal_length&quot;:&quot;0&quot;,&quot;iso&quot;:&quot;0&quot;,&quot;shutter_speed&quot;:&quot;0&quot;,&quot;title&quot;:&quot;&quot;,&quot;orientation&quot;:&quot;0&quot;}\" data-image-title=\"22 de pedro\" data-image-description=\"\" data-image-caption=\"\" data-large-file=\"https:\/\/www.hoymercedes.com.ar\/principal\/wp-content\/uploads\/2017\/06\/22-de-pedro.jpg\" class=\"aligncenter size-medium wp-image-64046\" src=\"https:\/\/www.hoymercedes.com.ar\/principal\/wp-content\/uploads\/2017\/06\/22-de-pedro-630x420.jpg\" alt=\"\" width=\"630\" height=\"420\" srcset=\"https:\/\/www.hoymercedes.com.ar\/principal\/wp-content\/uploads\/2017\/06\/22-de-pedro.jpg 630w, https:\/\/www.hoymercedes.com.ar\/principal\/wp-content\/uploads\/2017\/06\/22-de-pedro-150x100.jpg 150w, https:\/\/www.hoymercedes.com.ar\/principal\/wp-content\/uploads\/2017\/06\/22-de-pedro-300x200.jpg 300w\" sizes=\"auto, (max-width: 630px) 100vw, 630px\" \/><\/p>\n","protected":false},"excerpt":{"rendered":"<p>El Diputado Nacional, Eduardo Wado de Pedro, fue parte de la presentaci\u00f3n del Frente Unidad Ciudadana que encabez\u00f3 la ex &#8230; <a title=\"De Pedro: \u00abUnidad Ciudadana va a representar a \u00a0los agredidos por el ajuste de Macri\u00bb\u00a0\" class=\"read-more\" href=\"https:\/\/www.hoymercedes.com.ar\/principal\/2017\/06\/22\/de-pedro-unidad-ciudadana-va-a-representar-a-los-agredidos-por-el-ajuste-de-macri\/\" aria-label=\"Leer m\u00e1s sobre De Pedro: \u00abUnidad Ciudadana va a representar a \u00a0los agredidos por el ajuste de Macri\u00bb\u00a0\">Leer m\u00e1s<\/a><\/p>\n","protected":false},"author":1,"featured_media":64046,"comment_status":"closed","ping_status":"open","sticky":false,"template":"","format":"standard","meta":{"_monsterinsights_skip_tracking":false,"_monsterinsights_sitenote_active":false,"_monsterinsights_sitenote_note":"","_monsterinsights_sitenote_category":0,"jetpack_post_was_ever_published":false,"_jetpack_newsletter_access":"","_jetpack_dont_email_post_to_subs":false,"_jetpack_newsletter_tier_id":0,"_jetpack_memberships_contains_paywalled_content":false,"_jetpack_memberships_contains_paid_content":false,"footnotes":"","jetpack_publicize_message":"","jetpack_publicize_feature_enabled":true,"jetpack_social_post_already_shared":true,"jetpack_social_options":{"image_generator_settings":{"template":"highway","default_image_id":0,"font":"","enabled":false},"version":2},"_wpas_customize_per_network":false},"categories":[5,5210],"tags":[44,3674,2810,10,5319,11356],"class_list":["post-64045","post","type-post","status-publish","format-standard","has-post-thumbnail","hentry","category-politica","category-politica-nacional","tag-cristina-fernandez","tag-eduardo-wado-de-pedro","tag-fmpv","tag-mercedes","tag-politica-2","tag-unidad-ciudadana","generate-columns","tablet-grid-50","mobile-grid-100","grid-parent","grid-50"],"jetpack_publicize_connections":[],"jetpack_featured_media_url":"https:\/\/www.hoymercedes.com.ar\/principal\/wp-content\/uploads\/2017\/06\/22-de-pedro.jpg","wps_subtitle":"Presentaci\u00f3n en Arsenal","jetpack_sharing_enabled":true,"_links":{"self":[{"href":"https:\/\/www.hoymercedes.com.ar\/principal\/wp-json\/wp\/v2\/posts\/64045","targetHints":{"allow":["GET"]}}],"collection":[{"href":"https:\/\/www.hoymercedes.com.ar\/principal\/wp-json\/wp\/v2\/posts"}],"about":[{"href":"https:\/\/www.hoymercedes.com.ar\/principal\/wp-json\/wp\/v2\/types\/post"}],"author":[{"embeddable":true,"href":"https:\/\/www.hoymercedes.com.ar\/principal\/wp-json\/wp\/v2\/users\/1"}],"replies":[{"embeddable":true,"href":"https:\/\/www.hoymercedes.com.ar\/principal\/wp-json\/wp\/v2\/comments?post=64045"}],"version-history":[{"count":0,"href":"https:\/\/www.hoymercedes.com.ar\/principal\/wp-json\/wp\/v2\/posts\/64045\/revisions"}],"wp:featuredmedia":[{"embeddable":true,"href":"https:\/\/www.hoymercedes.com.ar\/principal\/wp-json\/wp\/v2\/media\/64046"}],"wp:attachment":[{"href":"https:\/\/www.hoymercedes.com.ar\/principal\/wp-json\/wp\/v2\/media?parent=64045"}],"wp:term":[{"taxonomy":"category","embeddable":true,"href":"https:\/\/www.hoymercedes.com.ar\/principal\/wp-json\/wp\/v2\/categories?post=64045"},{"taxonomy":"post_tag","embeddable":true,"href":"https:\/\/www.hoymercedes.com.ar\/principal\/wp-json\/wp\/v2\/tags?post=64045"}],"curies":[{"name":"wp","href":"https:\/\/api.w.org\/{rel}","templated":true}]}}