{"id":64081,"date":"2017-06-23T14:32:25","date_gmt":"2017-06-23T17:32:25","guid":{"rendered":"http:\/\/www.hoymercedes.com.ar\/principal\/?p=64081"},"modified":"2017-06-23T14:32:25","modified_gmt":"2017-06-23T17:32:25","slug":"el-frente-de-izquieda-confirma-candidatos-a-concejales","status":"publish","type":"post","link":"https:\/\/www.hoymercedes.com.ar\/principal\/2017\/06\/23\/el-frente-de-izquieda-confirma-candidatos-a-concejales\/","title":{"rendered":"El Frente de Izquieda confirma candidatos a Concejales"},"content":{"rendered":"<p><strong><em>El FIT confirm\u00f3 a Pablo Demarco como primer candidato a Concejal, seguido por Mar\u00eda Maldonado y Walter Altavista. Para el Consejo Escolar proponen a Susana Carrera. En la Provincia, N\u00e9stor Pitrola se propone como Senador, mientras que en Diputados la lista est\u00e1 encabezada por Nicol\u00e1s del Ca\u00f1o.\u00a0<\/em><\/strong><\/p>\n<p>A horas de terminar el plazo para presentar las listas de candidatos para las pr\u00f3ximas Primarias Abiertas Simult\u00e1neas Obligatorias (PASO), las agrupaciones pol\u00edticas de Mercedes confirman qui\u00e9nes integrar\u00e1n las listas de candidatos para el Concejo Deliberante y Consejo Escolar, organismos que cambiar\u00e1n en el 50 por ciento.<\/p>\n<p>El Frente de Izquierda y los Trabajadores llevar\u00e1 a Pablo Demarco, candidato a intendente por el FIT en 2015, como primer candidato a concejal, seguido por la Maria Maldonado y Walter Altavista.\u00a0Entre los candidatos de la izquierda, se destacan dirigentes gremiales y de derechos humanos como Patricia Bojorge y Ariel Chacar.\u00a0\u00a0 Para encabezar la nomina de Consejeros escolares, el FIT local confirm\u00f3 a la Trabajadora Social y docente Susana Carrera.<\/p>\n<p><img loading=\"lazy\" decoding=\"async\" data-attachment-id=\"43445\" data-permalink=\"https:\/\/www.hoymercedes.com.ar\/principal\/2015\/07\/28\/maldonado-el-ajuste-sobre-los-recolectores-anticipa-la-politica-de-scioli-y-macri\/pitrola-demarco-maldonado\/#main\" data-orig-file=\"https:\/\/www.hoymercedes.com.ar\/principal\/wp-content\/uploads\/2015\/07\/pitrola-demarco-maldonado.jpg\" data-orig-size=\"620,449\" data-comments-opened=\"1\" data-image-meta=\"{&quot;aperture&quot;:&quot;0&quot;,&quot;credit&quot;:&quot;&quot;,&quot;camera&quot;:&quot;&quot;,&quot;caption&quot;:&quot;&quot;,&quot;created_timestamp&quot;:&quot;0&quot;,&quot;copyright&quot;:&quot;&quot;,&quot;focal_length&quot;:&quot;0&quot;,&quot;iso&quot;:&quot;0&quot;,&quot;shutter_speed&quot;:&quot;0&quot;,&quot;title&quot;:&quot;&quot;,&quot;orientation&quot;:&quot;0&quot;}\" data-image-title=\"pitrola-demarco-maldonado\" data-image-description=\"\" data-image-caption=\"\" data-large-file=\"https:\/\/www.hoymercedes.com.ar\/principal\/wp-content\/uploads\/2015\/07\/pitrola-demarco-maldonado.jpg\" class=\"aligncenter size-full wp-image-43445\" src=\"https:\/\/www.hoymercedes.com.ar\/principal\/wp-content\/uploads\/2015\/07\/pitrola-demarco-maldonado.jpg\" alt=\"\" width=\"620\" height=\"449\" srcset=\"https:\/\/www.hoymercedes.com.ar\/principal\/wp-content\/uploads\/2015\/07\/pitrola-demarco-maldonado.jpg 620w, https:\/\/www.hoymercedes.com.ar\/principal\/wp-content\/uploads\/2015\/07\/pitrola-demarco-maldonado-150x109.jpg 150w, https:\/\/www.hoymercedes.com.ar\/principal\/wp-content\/uploads\/2015\/07\/pitrola-demarco-maldonado-290x210.jpg 290w, https:\/\/www.hoymercedes.com.ar\/principal\/wp-content\/uploads\/2015\/07\/pitrola-demarco-maldonado-50x36.jpg 50w\" sizes=\"auto, (max-width: 620px) 100vw, 620px\" \/><\/p>\n<p>\u201cEntendemos que el enorme avance de la precarizaci\u00f3n laboral, la ausencia de un plan de viviendas y de infraestructura que brinde trabajo, la crisis edilicia en las escuelas y los despidos, demuestran la orientaci\u00f3n social de Cambiemos, pero tambi\u00e9n la responsabilidad del Kirchnerismo que acompa\u00f1o todas las leyes antiobreras del \u00faltimo a\u00f1o y medio. El Frente de Izquierda quiere colocar la agenda de los trabajadores en el Concejo Deliberante local\u201d se\u00f1al\u00f3 Demarco.<\/p>\n<p>En el orden provincial,\u00a0el Frente de Izquierda present\u00f3 a sus principales candidatos en la jornada del \u00faltimo jueves.\u00a0N\u00e9stor Pitrola (PO), volver\u00e1 a encabezar la lista de senadores bonaerenses y Nicol\u00e1s del Ca\u00f1o (PTS), Romina Del Pl\u00e1 (PO) y Juan Carlos Giordano (IS), primeros candidatos de la n\u00f3mina de diputados nacionales.<\/p>\n<p>En la presentaci\u00f3n de la lista del Frente de Izquierda y los Trabajadores, Pitrola se\u00f1alo que: \u201cAunque Cristina esconda al pejotismo, sus listas la integran los mismos que apoyaron las leyes del ajuste macrista en el parlamento y quienes lo ejecutan en las intendencias. Los votos que conquiste el Frente de Izquierda ser\u00e1n un pronunciamiento pol\u00edtico y un instrumento de lucha contra los despidos, la precarizaci\u00f3n laboral, los salarios de miseria, y contra el endeudamiento nacional: una ruta iniciada por Cristina Kirchner y que ahora Macri busca perpetuar a 100 a\u00f1os en un acto de colonialismo supremo, que para peor, fracasa\u201d.<\/p>\n<p>&nbsp;<\/p>\n<p>Fuente: Prensa FIT<\/p>\n","protected":false},"excerpt":{"rendered":"<p>El FIT confirm\u00f3 a Pablo Demarco como primer candidato a Concejal, seguido por Mar\u00eda Maldonado y Walter Altavista. Para el &#8230; <a title=\"El Frente de Izquieda confirma candidatos a Concejales\" class=\"read-more\" href=\"https:\/\/www.hoymercedes.com.ar\/principal\/2017\/06\/23\/el-frente-de-izquieda-confirma-candidatos-a-concejales\/\" aria-label=\"Leer m\u00e1s sobre El Frente de Izquieda confirma candidatos a Concejales\">Leer m\u00e1s<\/a><\/p>\n","protected":false},"author":1,"featured_media":43445,"comment_status":"closed","ping_status":"open","sticky":false,"template":"","format":"standard","meta":{"_monsterinsights_skip_tracking":false,"_monsterinsights_sitenote_active":false,"_monsterinsights_sitenote_note":"","_monsterinsights_sitenote_category":0,"jetpack_post_was_ever_published":false,"_jetpack_newsletter_access":"","_jetpack_dont_email_post_to_subs":false,"_jetpack_newsletter_tier_id":0,"_jetpack_memberships_contains_paywalled_content":false,"_jetpack_memberships_contains_paid_content":false,"footnotes":"","jetpack_publicize_message":"","jetpack_publicize_feature_enabled":true,"jetpack_social_post_already_shared":true,"jetpack_social_options":{"image_generator_settings":{"template":"highway","default_image_id":0,"font":"","enabled":false},"version":2},"_wpas_customize_per_network":false},"categories":[5],"tags":[1409,11275,6253,11376,10,3823,11377,1045,11105,11378,5319],"class_list":["post-64081","post","type-post","status-publish","format-standard","has-post-thumbnail","hentry","category-politica","tag-candidatos","tag-elecciones-2017","tag-fit","tag-frente-de-izquierda-y-los-trabajadores","tag-mercedes","tag-nestor-pitrola","tag-pabloe-demarco","tag-partido-obrero","tag-paso","tag-po","tag-politica-2","generate-columns","tablet-grid-50","mobile-grid-100","grid-parent","grid-50"],"jetpack_publicize_connections":[],"jetpack_featured_media_url":"https:\/\/www.hoymercedes.com.ar\/principal\/wp-content\/uploads\/2015\/07\/pitrola-demarco-maldonado.jpg","wps_subtitle":"Pablo Demarco encabeza la lista","jetpack_sharing_enabled":true,"_links":{"self":[{"href":"https:\/\/www.hoymercedes.com.ar\/principal\/wp-json\/wp\/v2\/posts\/64081","targetHints":{"allow":["GET"]}}],"collection":[{"href":"https:\/\/www.hoymercedes.com.ar\/principal\/wp-json\/wp\/v2\/posts"}],"about":[{"href":"https:\/\/www.hoymercedes.com.ar\/principal\/wp-json\/wp\/v2\/types\/post"}],"author":[{"embeddable":true,"href":"https:\/\/www.hoymercedes.com.ar\/principal\/wp-json\/wp\/v2\/users\/1"}],"replies":[{"embeddable":true,"href":"https:\/\/www.hoymercedes.com.ar\/principal\/wp-json\/wp\/v2\/comments?post=64081"}],"version-history":[{"count":0,"href":"https:\/\/www.hoymercedes.com.ar\/principal\/wp-json\/wp\/v2\/posts\/64081\/revisions"}],"wp:featuredmedia":[{"embeddable":true,"href":"https:\/\/www.hoymercedes.com.ar\/principal\/wp-json\/wp\/v2\/media\/43445"}],"wp:attachment":[{"href":"https:\/\/www.hoymercedes.com.ar\/principal\/wp-json\/wp\/v2\/media?parent=64081"}],"wp:term":[{"taxonomy":"category","embeddable":true,"href":"https:\/\/www.hoymercedes.com.ar\/principal\/wp-json\/wp\/v2\/categories?post=64081"},{"taxonomy":"post_tag","embeddable":true,"href":"https:\/\/www.hoymercedes.com.ar\/principal\/wp-json\/wp\/v2\/tags?post=64081"}],"curies":[{"name":"wp","href":"https:\/\/api.w.org\/{rel}","templated":true}]}}