{"id":64106,"date":"2017-06-24T07:23:47","date_gmt":"2017-06-24T10:23:47","guid":{"rendered":"http:\/\/www.hoymercedes.com.ar\/principal\/?p=64106"},"modified":"2017-06-24T02:31:42","modified_gmt":"2017-06-24T05:31:42","slug":"realizaron-jornada-sobre-diversidad-de-genero","status":"publish","type":"post","link":"https:\/\/www.hoymercedes.com.ar\/principal\/2017\/06\/24\/realizaron-jornada-sobre-diversidad-de-genero\/","title":{"rendered":"Realizaron jornada sobre Diversidad de G\u00e9nero"},"content":{"rendered":"<p>Debate, reflexi\u00f3n, experiencias y una consigna que logr\u00f3 convocar a m\u00e1s de un centenar de vecinos y representantes institucionales. \u201cConceptos b\u00e1sicos sobre diversidad\u201d. Fue organizado por la Coordinaci\u00f3n de Derechos Humanos de la Secretar\u00eda de Gobierno, SUTEBA, ATTA y Consultorio Amigable de Chivilcoy.<\/p>\n<p><img loading=\"lazy\" decoding=\"async\" data-attachment-id=\"64111\" data-permalink=\"https:\/\/www.hoymercedes.com.ar\/principal\/2017\/06\/24\/realizaron-jornada-sobre-diversidad-de-genero\/24-muni-diversidad\/#main\" data-orig-file=\"https:\/\/www.hoymercedes.com.ar\/principal\/wp-content\/uploads\/2017\/06\/24-muni-diversidad.jpg\" data-orig-size=\"552,368\" data-comments-opened=\"0\" data-image-meta=\"{&quot;aperture&quot;:&quot;0&quot;,&quot;credit&quot;:&quot;&quot;,&quot;camera&quot;:&quot;&quot;,&quot;caption&quot;:&quot;????????????????????????????????????&quot;,&quot;created_timestamp&quot;:&quot;0&quot;,&quot;copyright&quot;:&quot;&quot;,&quot;focal_length&quot;:&quot;0&quot;,&quot;iso&quot;:&quot;0&quot;,&quot;shutter_speed&quot;:&quot;0&quot;,&quot;title&quot;:&quot;&quot;,&quot;orientation&quot;:&quot;0&quot;}\" data-image-title=\"24 muni diversidad\" data-image-description=\"\" data-image-caption=\"\" data-large-file=\"https:\/\/www.hoymercedes.com.ar\/principal\/wp-content\/uploads\/2017\/06\/24-muni-diversidad.jpg\" class=\"aligncenter size-full wp-image-64111\" src=\"https:\/\/www.hoymercedes.com.ar\/principal\/wp-content\/uploads\/2017\/06\/24-muni-diversidad.jpg\" alt=\"\" width=\"552\" height=\"368\" srcset=\"https:\/\/www.hoymercedes.com.ar\/principal\/wp-content\/uploads\/2017\/06\/24-muni-diversidad.jpg 552w, https:\/\/www.hoymercedes.com.ar\/principal\/wp-content\/uploads\/2017\/06\/24-muni-diversidad-150x100.jpg 150w, https:\/\/www.hoymercedes.com.ar\/principal\/wp-content\/uploads\/2017\/06\/24-muni-diversidad-300x200.jpg 300w\" sizes=\"auto, (max-width: 552px) 100vw, 552px\" \/><\/p>\n<p>En el recinto del Concejo Deliberante se realiz\u00f3 una jornada sobre Diversidad de G\u00e9nero que cont\u00f3 con m\u00e1s de un centenar de vecinos, representantes institucionales y estudiantes. Hubo una primera etapa de presentaci\u00f3n de contenidos, exposici\u00f3n de conceptos, relatos de casos, proyecci\u00f3n de video y luego un taller de trabajos pr\u00e1cticos que dio lugar a la puesta en com\u00fan y a un cierre con video alusivo. Al final se entregaron certificados.<\/p>\n<p>A la hora de brindar palabras alusivas, quien tom\u00f3 la palabra fue\u00a0Juan Pablo L\u00f3pez Baggio, Secretario de Gobierno. \u201cEsto nace de una charla que tenemos en el marco de una movilizaci\u00f3n realizada en Mercedes hace un par de meses donde me viene a ver un grupo de chicas y cuando uno estaba expectante por las demandas que \u00edbamos a tener se destac\u00f3 mucho la importancia de visibilizar un colectivo, de poder comprender y formar a nuestros vecinos sobre lo que es la identidad, la diversidad de g\u00e9nero\u201d coment\u00f3 el funcionario<\/p>\n<p>En tanto, Sergio Carini, Coordinador de Derechos Humanos celebr\u00f3 el gran encuentro y coment\u00f3 que \u201cnosotros tambi\u00e9n hemos trabajado con Fabi\u00e1n D\u00edaz y Silvia Ju\u00e1rez, desde SUTEBA y nos propusimos trabajar algo juntos, entre la Comuna y ellos. Surgi\u00f3 la idea de efectuar este encuentro aprovechando que la licenciada Mar\u00eda Jos\u00e9 Piacentini ven\u00eda ya trabajando con las chicas y un fuerte contacto con todo el equipo en asistencias\u201d y destac\u00f3 \u00abtodo el trabajo que se viene efectuando desde la Casa de la Mujer, desde el \u00e1rea de g\u00e9nero, con Celeste Burone que es una pionera, con la Secretar\u00eda de Seguridad que acompa\u00f1a fuertemente a las chicas, afirm\u00f3, siendo una actividad de formaci\u00f3n, para compartir y desnaturalizar la realidad rompiendo estereotipos\u201d.<\/p>\n<p>Para la Secretaria de Seguridad, Josefina Kelly, este tipo de encuentros son muy positivos y fruct\u00edferos, muestran que vamos por el camino correcto y efectuando una construcci\u00f3n de derechos s\u00f3lida que se sostiene en ambos planos: el te\u00f3rico y el pr\u00e1ctico con las cotidianas acciones que se realizan en relaci\u00f3n a las cuestiones de diversidad de g\u00e9nero.<\/p>\n<p>&nbsp;<\/p>\n<p>Fuente: Prensa Municipal<\/p>\n","protected":false},"excerpt":{"rendered":"<p>Debate, reflexi\u00f3n, experiencias y una consigna que logr\u00f3 convocar a m\u00e1s de un centenar de vecinos y representantes institucionales. \u201cConceptos &#8230; <a title=\"Realizaron jornada sobre Diversidad de G\u00e9nero\" class=\"read-more\" href=\"https:\/\/www.hoymercedes.com.ar\/principal\/2017\/06\/24\/realizaron-jornada-sobre-diversidad-de-genero\/\" aria-label=\"Leer m\u00e1s sobre Realizaron jornada sobre Diversidad de G\u00e9nero\">Leer m\u00e1s<\/a><\/p>\n","protected":false},"author":1,"featured_media":64111,"comment_status":"closed","ping_status":"open","sticky":false,"template":"","format":"standard","meta":{"_monsterinsights_skip_tracking":false,"_monsterinsights_sitenote_active":false,"_monsterinsights_sitenote_note":"","_monsterinsights_sitenote_category":0,"jetpack_post_was_ever_published":false,"_jetpack_newsletter_access":"","_jetpack_dont_email_post_to_subs":false,"_jetpack_newsletter_tier_id":0,"_jetpack_memberships_contains_paywalled_content":false,"_jetpack_memberships_contains_paid_content":false,"footnotes":"","jetpack_publicize_message":"","jetpack_publicize_feature_enabled":true,"jetpack_social_post_already_shared":true,"jetpack_social_options":{"image_generator_settings":{"template":"highway","default_image_id":0,"font":"","enabled":false},"version":2},"_wpas_customize_per_network":false},"categories":[30],"tags":[11385,9431,244],"class_list":["post-64106","post","type-post","status-publish","format-standard","has-post-thumbnail","hentry","category-municipio","tag-diversidad-de-genero","tag-jornada","tag-municipio-2","generate-columns","tablet-grid-50","mobile-grid-100","grid-parent","grid-50"],"jetpack_publicize_connections":[],"jetpack_featured_media_url":"https:\/\/www.hoymercedes.com.ar\/principal\/wp-content\/uploads\/2017\/06\/24-muni-diversidad.jpg","wps_subtitle":"Diversas instituciones","jetpack_sharing_enabled":true,"_links":{"self":[{"href":"https:\/\/www.hoymercedes.com.ar\/principal\/wp-json\/wp\/v2\/posts\/64106","targetHints":{"allow":["GET"]}}],"collection":[{"href":"https:\/\/www.hoymercedes.com.ar\/principal\/wp-json\/wp\/v2\/posts"}],"about":[{"href":"https:\/\/www.hoymercedes.com.ar\/principal\/wp-json\/wp\/v2\/types\/post"}],"author":[{"embeddable":true,"href":"https:\/\/www.hoymercedes.com.ar\/principal\/wp-json\/wp\/v2\/users\/1"}],"replies":[{"embeddable":true,"href":"https:\/\/www.hoymercedes.com.ar\/principal\/wp-json\/wp\/v2\/comments?post=64106"}],"version-history":[{"count":0,"href":"https:\/\/www.hoymercedes.com.ar\/principal\/wp-json\/wp\/v2\/posts\/64106\/revisions"}],"wp:featuredmedia":[{"embeddable":true,"href":"https:\/\/www.hoymercedes.com.ar\/principal\/wp-json\/wp\/v2\/media\/64111"}],"wp:attachment":[{"href":"https:\/\/www.hoymercedes.com.ar\/principal\/wp-json\/wp\/v2\/media?parent=64106"}],"wp:term":[{"taxonomy":"category","embeddable":true,"href":"https:\/\/www.hoymercedes.com.ar\/principal\/wp-json\/wp\/v2\/categories?post=64106"},{"taxonomy":"post_tag","embeddable":true,"href":"https:\/\/www.hoymercedes.com.ar\/principal\/wp-json\/wp\/v2\/tags?post=64106"}],"curies":[{"name":"wp","href":"https:\/\/api.w.org\/{rel}","templated":true}]}}