{"id":64192,"date":"2017-06-27T19:00:18","date_gmt":"2017-06-27T22:00:18","guid":{"rendered":"http:\/\/www.hoymercedes.com.ar\/principal\/?p=64192"},"modified":"2017-06-27T16:38:18","modified_gmt":"2017-06-27T19:38:18","slug":"esto-no-es-mercedes-en-el-literal-mammbo","status":"publish","type":"post","link":"https:\/\/www.hoymercedes.com.ar\/principal\/2017\/06\/27\/esto-no-es-mercedes-en-el-literal-mammbo\/","title":{"rendered":"\u00abEsto No es Mercedes\u00bb en el Literal MAMMbo"},"content":{"rendered":"<p>Al grito de \u00abVamo Mercede todav\u00eda!!!!!\u00bb los responsables de Literal MAMMbo est\u00e1n ultimando los detalles del evento art\u00edstico que aprovechar\u00e1 a celebrar el aniversario de los or\u00edgenes de la ciudad de Mercedes desde un lado musical, humor\u00edstico, literario, pl\u00e1stico, fotogr\u00e1fico. En el Museo del Arte (MAMM) a partir de la hora 20:30 del viernes 30 de junio, se festejar\u00e1 el \u00abser mercedino\u00bb con \u00ablo buenos y lo malo\u00bb.<\/p>\n<p>\u00abTerritorio amado y a\u00f1orado, o infierno grande, Mercedes aparece como territorio de cuentos, poes\u00edas, canciones. Textos que evocan personajes y otros que convierten a personas comunes (comunes?) \u00a0en protagonistas de ficciones. Eso tambi\u00e9n es Mercedes\u00bb.<\/p>\n<p>\u00abY es el habla que nos caracteriza, esos giros que nos hacen reconocernos, \u00abso&#8217; hijo de Mustoni? Ya vamo&#8217; a comer eso&#8217; pollo&#8217;! M\u00e1s f\u00e1cil que robarle lo&#8217; chorizo&#8217; a L\u00e9rtora!\u00bb. As\u00ed, sin \u00abS.\u00bb Eso es Mercedes. Es Mercedes?<\/p>\n<p>Un lugar donde pasa todo o no pasa nada. Lugar de voces que reconocemos. La de los desfiles y los corsos, la de actores caracter\u00edsticos, la de spots que de tanto escuchar creemos an\u00f3nimos. Tooooodo eso va a estar el viernes 30 de junio<\/p>\n<p>Estar\u00e1n Santiago Su\u00e1rez, Chori Perruolo, Virginia Altube con sus canciones, Fernando Luna, Diego Maru, Lele Fal, con sus voces y textos. Y tambi\u00e9n los de Luj\u00e1n Biaggini, Hern\u00e1n Casciari, Osvaldo Principi, y C\u00e9sar Mariela, Lucas Guinot, Ra\u00fal Porchetto. Y el recuerdo de Ortelli, Ana Sampol y Roberto Lorusso.<\/p>\n<p>A modo de adelanto, los invitamos a ver la colecci\u00f3n de afiches que promocionan el evento. <a href=\"https:\/\/www.facebook.com\/pg\/literalmambo\/photos\/?tab=album&amp;album_id=405121383191069\" target=\"_blank\" rel=\"noopener\">Click aqu\u00ed<\/a><\/p>\n<p>Fuente: MAMM<\/p>\n<p><img loading=\"lazy\" decoding=\"async\" data-attachment-id=\"64286\" data-permalink=\"https:\/\/www.hoymercedes.com.ar\/principal\/2017\/06\/27\/esto-no-es-mercedes-en-el-literal-mammbo\/27-mambo\/#main\" data-orig-file=\"https:\/\/www.hoymercedes.com.ar\/principal\/wp-content\/uploads\/2017\/06\/27-mambo.jpg\" data-orig-size=\"445,630\" data-comments-opened=\"0\" data-image-meta=\"{&quot;aperture&quot;:&quot;0&quot;,&quot;credit&quot;:&quot;&quot;,&quot;camera&quot;:&quot;&quot;,&quot;caption&quot;:&quot;&quot;,&quot;created_timestamp&quot;:&quot;0&quot;,&quot;copyright&quot;:&quot;&quot;,&quot;focal_length&quot;:&quot;0&quot;,&quot;iso&quot;:&quot;0&quot;,&quot;shutter_speed&quot;:&quot;0&quot;,&quot;title&quot;:&quot;&quot;,&quot;orientation&quot;:&quot;0&quot;}\" data-image-title=\"27 mambo\" data-image-description=\"\" data-image-caption=\"\" data-large-file=\"https:\/\/www.hoymercedes.com.ar\/principal\/wp-content\/uploads\/2017\/06\/27-mambo.jpg\" class=\"aligncenter size-medium wp-image-64286\" src=\"https:\/\/www.hoymercedes.com.ar\/principal\/wp-content\/uploads\/2017\/06\/27-mambo-438x620.jpg\" alt=\"\" width=\"438\" height=\"620\" srcset=\"https:\/\/www.hoymercedes.com.ar\/principal\/wp-content\/uploads\/2017\/06\/27-mambo-438x620.jpg 438w, https:\/\/www.hoymercedes.com.ar\/principal\/wp-content\/uploads\/2017\/06\/27-mambo-106x150.jpg 106w, https:\/\/www.hoymercedes.com.ar\/principal\/wp-content\/uploads\/2017\/06\/27-mambo.jpg 445w\" sizes=\"auto, (max-width: 438px) 100vw, 438px\" \/><\/p>\n","protected":false},"excerpt":{"rendered":"<p>Al grito de \u00abVamo Mercede todav\u00eda!!!!!\u00bb los responsables de Literal MAMMbo est\u00e1n ultimando los detalles del evento art\u00edstico que aprovechar\u00e1 &#8230; <a title=\"\u00abEsto No es Mercedes\u00bb en el Literal MAMMbo\" class=\"read-more\" href=\"https:\/\/www.hoymercedes.com.ar\/principal\/2017\/06\/27\/esto-no-es-mercedes-en-el-literal-mammbo\/\" aria-label=\"Leer m\u00e1s sobre \u00abEsto No es Mercedes\u00bb en el Literal MAMMbo\">Leer m\u00e1s<\/a><\/p>\n","protected":false},"author":1,"featured_media":64259,"comment_status":"closed","ping_status":"open","sticky":false,"template":"","format":"standard","meta":{"_monsterinsights_skip_tracking":false,"_monsterinsights_sitenote_active":false,"_monsterinsights_sitenote_note":"","_monsterinsights_sitenote_category":0,"jetpack_post_was_ever_published":false,"_jetpack_newsletter_access":"","_jetpack_dont_email_post_to_subs":false,"_jetpack_newsletter_tier_id":0,"_jetpack_memberships_contains_paywalled_content":false,"_jetpack_memberships_contains_paid_content":false,"footnotes":"","jetpack_publicize_message":"","jetpack_publicize_feature_enabled":true,"jetpack_social_post_already_shared":true,"jetpack_social_options":{"image_generator_settings":{"template":"highway","default_image_id":0,"font":"","enabled":false},"version":2},"_wpas_customize_per_network":false},"categories":[104],"tags":[7805,8674,10],"class_list":["post-64192","post","type-post","status-publish","format-standard","has-post-thumbnail","hentry","category-cultura","tag-cultura","tag-mamm","tag-mercedes","generate-columns","tablet-grid-50","mobile-grid-100","grid-parent","grid-50"],"jetpack_publicize_connections":[],"jetpack_featured_media_url":"https:\/\/www.hoymercedes.com.ar\/principal\/wp-content\/uploads\/2017\/06\/27-no-es-mercedes.jpg","wps_subtitle":"Festejo del aniversario","jetpack_sharing_enabled":true,"_links":{"self":[{"href":"https:\/\/www.hoymercedes.com.ar\/principal\/wp-json\/wp\/v2\/posts\/64192","targetHints":{"allow":["GET"]}}],"collection":[{"href":"https:\/\/www.hoymercedes.com.ar\/principal\/wp-json\/wp\/v2\/posts"}],"about":[{"href":"https:\/\/www.hoymercedes.com.ar\/principal\/wp-json\/wp\/v2\/types\/post"}],"author":[{"embeddable":true,"href":"https:\/\/www.hoymercedes.com.ar\/principal\/wp-json\/wp\/v2\/users\/1"}],"replies":[{"embeddable":true,"href":"https:\/\/www.hoymercedes.com.ar\/principal\/wp-json\/wp\/v2\/comments?post=64192"}],"version-history":[{"count":0,"href":"https:\/\/www.hoymercedes.com.ar\/principal\/wp-json\/wp\/v2\/posts\/64192\/revisions"}],"wp:featuredmedia":[{"embeddable":true,"href":"https:\/\/www.hoymercedes.com.ar\/principal\/wp-json\/wp\/v2\/media\/64259"}],"wp:attachment":[{"href":"https:\/\/www.hoymercedes.com.ar\/principal\/wp-json\/wp\/v2\/media?parent=64192"}],"wp:term":[{"taxonomy":"category","embeddable":true,"href":"https:\/\/www.hoymercedes.com.ar\/principal\/wp-json\/wp\/v2\/categories?post=64192"},{"taxonomy":"post_tag","embeddable":true,"href":"https:\/\/www.hoymercedes.com.ar\/principal\/wp-json\/wp\/v2\/tags?post=64192"}],"curies":[{"name":"wp","href":"https:\/\/api.w.org\/{rel}","templated":true}]}}