{"id":64200,"date":"2017-06-24T21:31:49","date_gmt":"2017-06-25T00:31:49","guid":{"rendered":"http:\/\/www.hoymercedes.com.ar\/principal\/?p=64200"},"modified":"2017-06-28T12:50:29","modified_gmt":"2017-06-28T15:50:29","slug":"martes-27-asueto-en-organismos-nacionales-y-provinciales","status":"publish","type":"post","link":"https:\/\/www.hoymercedes.com.ar\/principal\/2017\/06\/24\/martes-27-asueto-en-organismos-nacionales-y-provinciales\/","title":{"rendered":"Martes 27: Asueto en organismos nacionales y provinciales"},"content":{"rendered":"<p>El martes 27 de junio se conmemora el D\u00eda del Trabajador del Estado de acuerdo a la ley nacional 26876 y a la provincial 14600. Por lo tanto, organismos nacionales y provinciales no prestar\u00e1n servicio ni atenci\u00f3n al p\u00fablico. Tampoco se trabajar\u00e1 en las escuelas de gesti\u00f3n p\u00fablica.<\/p>\n<p>ANSES confirm\u00f3 que se mantendr\u00e1 cerrado y quienes tengan su turno asignado para esta fecha\u00a0ser\u00e1n atendidos a lo largo de la semana.<\/p>\n<p>En tanto, Jefatura Distrital Mercedes comunic\u00f3 a las escuelas de gesti\u00f3n p\u00fablica de la provincia de Buenos Aires que no trabajar\u00e1n debido al asueto por el D\u00eda del Estatal.<\/p>\n<p>Por lo tanto,\u00a0no habr\u00e1 clases en las instituciones educativas del \u00e1mbito p\u00fablico provincial ni en oficinas de administraci\u00f3n como ANSES, IOMA, IPS o ARBA.<\/p>\n<p>Desde el Municipio se inform\u00f3 que la actividad ser\u00e1 normal durante la jornada.<\/p>\n","protected":false},"excerpt":{"rendered":"<p>El martes 27 de junio se conmemora el D\u00eda del Trabajador del Estado de acuerdo a la ley nacional 26876 &#8230; <a title=\"Martes 27: Asueto en organismos nacionales y provinciales\" class=\"read-more\" href=\"https:\/\/www.hoymercedes.com.ar\/principal\/2017\/06\/24\/martes-27-asueto-en-organismos-nacionales-y-provinciales\/\" aria-label=\"Leer m\u00e1s sobre Martes 27: Asueto en organismos nacionales y provinciales\">Leer m\u00e1s<\/a><\/p>\n","protected":false},"author":1,"featured_media":0,"comment_status":"closed","ping_status":"open","sticky":false,"template":"","format":"standard","meta":{"_monsterinsights_skip_tracking":false,"_monsterinsights_sitenote_active":false,"_monsterinsights_sitenote_note":"","_monsterinsights_sitenote_category":0,"jetpack_post_was_ever_published":false,"_jetpack_newsletter_access":"","_jetpack_dont_email_post_to_subs":false,"_jetpack_newsletter_tier_id":0,"_jetpack_memberships_contains_paywalled_content":false,"_jetpack_memberships_contains_paid_content":false,"footnotes":"","jetpack_publicize_message":"","jetpack_publicize_feature_enabled":true,"jetpack_social_post_already_shared":true,"jetpack_social_options":{"image_generator_settings":{"template":"highway","default_image_id":0,"font":"","enabled":false},"version":2},"_wpas_customize_per_network":false},"categories":[11],"tags":[11410,1734,11411],"class_list":["post-64200","post","type-post","status-publish","format-standard","hentry","category-ciudad","tag-asueto","tag-ciudad-2","tag-estatales","generate-columns","tablet-grid-50","mobile-grid-100","grid-parent","grid-50"],"jetpack_publicize_connections":[],"jetpack_featured_media_url":"","wps_subtitle":"","jetpack_sharing_enabled":true,"_links":{"self":[{"href":"https:\/\/www.hoymercedes.com.ar\/principal\/wp-json\/wp\/v2\/posts\/64200","targetHints":{"allow":["GET"]}}],"collection":[{"href":"https:\/\/www.hoymercedes.com.ar\/principal\/wp-json\/wp\/v2\/posts"}],"about":[{"href":"https:\/\/www.hoymercedes.com.ar\/principal\/wp-json\/wp\/v2\/types\/post"}],"author":[{"embeddable":true,"href":"https:\/\/www.hoymercedes.com.ar\/principal\/wp-json\/wp\/v2\/users\/1"}],"replies":[{"embeddable":true,"href":"https:\/\/www.hoymercedes.com.ar\/principal\/wp-json\/wp\/v2\/comments?post=64200"}],"version-history":[{"count":0,"href":"https:\/\/www.hoymercedes.com.ar\/principal\/wp-json\/wp\/v2\/posts\/64200\/revisions"}],"wp:attachment":[{"href":"https:\/\/www.hoymercedes.com.ar\/principal\/wp-json\/wp\/v2\/media?parent=64200"}],"wp:term":[{"taxonomy":"category","embeddable":true,"href":"https:\/\/www.hoymercedes.com.ar\/principal\/wp-json\/wp\/v2\/categories?post=64200"},{"taxonomy":"post_tag","embeddable":true,"href":"https:\/\/www.hoymercedes.com.ar\/principal\/wp-json\/wp\/v2\/tags?post=64200"}],"curies":[{"name":"wp","href":"https:\/\/api.w.org\/{rel}","templated":true}]}}