{"id":64257,"date":"2017-06-27T15:17:19","date_gmt":"2017-06-27T18:17:19","guid":{"rendered":"http:\/\/www.hoymercedes.com.ar\/principal\/?p=64257"},"modified":"2017-06-27T15:18:15","modified_gmt":"2017-06-27T18:18:15","slug":"otro-atropello-imperdonable-contra-el-rio-lujan","status":"publish","type":"post","link":"https:\/\/www.hoymercedes.com.ar\/principal\/2017\/06\/27\/otro-atropello-imperdonable-contra-el-rio-lujan\/","title":{"rendered":"\u00abOtro atropello imperdonable contra el r\u00edo Luj\u00e1n\u00bb"},"content":{"rendered":"<p>Desde la Asociaci\u00f3n Civil S.O.S. H\u00e1bitat denunciaron p\u00fablicamente la emanaci\u00f3n de l\u00edquidos contaminados directamente al R\u00edo Luj\u00e1n, en el sector del r\u00edo lindero al Parque Municipal.<\/p>\n<p>\u00abEn pleno sector del Parque Municipal, a la vista de vecinos y los turistas que los fines de semana nos visitan, un desag\u00fce\u00a0de l\u00edquidos nauseabundos vuelca sus pestilencias al castigado e invalorado r\u00edo Luj\u00e1n\u00bb, dicen los ambientalistas.<\/p>\n<p><img loading=\"lazy\" decoding=\"async\" data-attachment-id=\"64260\" data-permalink=\"https:\/\/www.hoymercedes.com.ar\/principal\/2017\/06\/27\/otro-atropello-imperdonable-contra-el-rio-lujan\/27-sos-habitat-rio-lujan\/#main\" data-orig-file=\"https:\/\/www.hoymercedes.com.ar\/principal\/wp-content\/uploads\/2017\/06\/27-sos-habitat-rio-lujan.jpg\" data-orig-size=\"630,473\" data-comments-opened=\"0\" data-image-meta=\"{&quot;aperture&quot;:&quot;0&quot;,&quot;credit&quot;:&quot;&quot;,&quot;camera&quot;:&quot;&quot;,&quot;caption&quot;:&quot;&quot;,&quot;created_timestamp&quot;:&quot;0&quot;,&quot;copyright&quot;:&quot;&quot;,&quot;focal_length&quot;:&quot;0&quot;,&quot;iso&quot;:&quot;0&quot;,&quot;shutter_speed&quot;:&quot;0&quot;,&quot;title&quot;:&quot;&quot;,&quot;orientation&quot;:&quot;0&quot;}\" data-image-title=\"27 sos habitat rio lujan\" data-image-description=\"\" data-image-caption=\"\" data-large-file=\"https:\/\/www.hoymercedes.com.ar\/principal\/wp-content\/uploads\/2017\/06\/27-sos-habitat-rio-lujan.jpg\" class=\"aligncenter size-medium wp-image-64260\" src=\"https:\/\/www.hoymercedes.com.ar\/principal\/wp-content\/uploads\/2017\/06\/27-sos-habitat-rio-lujan-630x473.jpg\" alt=\"\" width=\"630\" height=\"473\" srcset=\"https:\/\/www.hoymercedes.com.ar\/principal\/wp-content\/uploads\/2017\/06\/27-sos-habitat-rio-lujan.jpg 630w, https:\/\/www.hoymercedes.com.ar\/principal\/wp-content\/uploads\/2017\/06\/27-sos-habitat-rio-lujan-150x113.jpg 150w\" sizes=\"auto, (max-width: 630px) 100vw, 630px\" \/><\/p>\n<p>\u00ab\u00bfCu\u00e1ndo se comenzar\u00e1 a respetar la normativa ambiental? Exigimos respuestas: esta situaci\u00f3n no puede volver a ocurrir. El perjudicado no es s\u00f3lo el r\u00edo, la poblaci\u00f3n est\u00e1 perdiendo un recurso de agua \u00a0dulce imprescindible. Basta de mirar hacia el costado. Es momento de actuar\u00bb, reclaman desde la Asociaci\u00f3n Civil a la espera de una respuesta de los organismos controladores de este tipo de situaciones an\u00f3mala e ilegales.<\/p>\n<p><img loading=\"lazy\" decoding=\"async\" data-attachment-id=\"64261\" data-permalink=\"https:\/\/www.hoymercedes.com.ar\/principal\/2017\/06\/27\/otro-atropello-imperdonable-contra-el-rio-lujan\/27-sos-habitat-rio-lujan2\/#main\" data-orig-file=\"https:\/\/www.hoymercedes.com.ar\/principal\/wp-content\/uploads\/2017\/06\/27-sos-habitat-rio-lujan2.jpg\" data-orig-size=\"630,473\" data-comments-opened=\"0\" data-image-meta=\"{&quot;aperture&quot;:&quot;0&quot;,&quot;credit&quot;:&quot;&quot;,&quot;camera&quot;:&quot;&quot;,&quot;caption&quot;:&quot;&quot;,&quot;created_timestamp&quot;:&quot;0&quot;,&quot;copyright&quot;:&quot;&quot;,&quot;focal_length&quot;:&quot;0&quot;,&quot;iso&quot;:&quot;0&quot;,&quot;shutter_speed&quot;:&quot;0&quot;,&quot;title&quot;:&quot;&quot;,&quot;orientation&quot;:&quot;0&quot;}\" data-image-title=\"27 sos habitat rio lujan2\" data-image-description=\"\" data-image-caption=\"\" data-large-file=\"https:\/\/www.hoymercedes.com.ar\/principal\/wp-content\/uploads\/2017\/06\/27-sos-habitat-rio-lujan2.jpg\" class=\"aligncenter size-medium wp-image-64261\" src=\"https:\/\/www.hoymercedes.com.ar\/principal\/wp-content\/uploads\/2017\/06\/27-sos-habitat-rio-lujan2-630x473.jpg\" alt=\"\" width=\"630\" height=\"473\" srcset=\"https:\/\/www.hoymercedes.com.ar\/principal\/wp-content\/uploads\/2017\/06\/27-sos-habitat-rio-lujan2.jpg 630w, https:\/\/www.hoymercedes.com.ar\/principal\/wp-content\/uploads\/2017\/06\/27-sos-habitat-rio-lujan2-150x113.jpg 150w\" sizes=\"auto, (max-width: 630px) 100vw, 630px\" \/><\/p>\n","protected":false},"excerpt":{"rendered":"<p>Desde la Asociaci\u00f3n Civil S.O.S. H\u00e1bitat denunciaron p\u00fablicamente la emanaci\u00f3n de l\u00edquidos contaminados directamente al R\u00edo Luj\u00e1n, en el sector &#8230; <a title=\"\u00abOtro atropello imperdonable contra el r\u00edo Luj\u00e1n\u00bb\" class=\"read-more\" href=\"https:\/\/www.hoymercedes.com.ar\/principal\/2017\/06\/27\/otro-atropello-imperdonable-contra-el-rio-lujan\/\" aria-label=\"Leer m\u00e1s sobre \u00abOtro atropello imperdonable contra el r\u00edo Luj\u00e1n\u00bb\">Leer m\u00e1s<\/a><\/p>\n","protected":false},"author":1,"featured_media":64260,"comment_status":"closed","ping_status":"open","sticky":false,"template":"","format":"standard","meta":{"_monsterinsights_skip_tracking":false,"_monsterinsights_sitenote_active":false,"_monsterinsights_sitenote_note":"","_monsterinsights_sitenote_category":0,"jetpack_post_was_ever_published":false,"_jetpack_newsletter_access":"","_jetpack_dont_email_post_to_subs":false,"_jetpack_newsletter_tier_id":0,"_jetpack_memberships_contains_paywalled_content":false,"_jetpack_memberships_contains_paid_content":false,"footnotes":"","jetpack_publicize_message":"","jetpack_publicize_feature_enabled":true,"jetpack_social_post_already_shared":true,"jetpack_social_options":{"image_generator_settings":{"template":"highway","default_image_id":0,"font":"","enabled":false},"version":2},"_wpas_customize_per_network":false},"categories":[5485,8],"tags":[1650,7033,402,887],"class_list":["post-64257","post","type-post","status-publish","format-standard","has-post-thumbnail","hentry","category-comunidad","category-sociedad","tag-contaminacion","tag-denuncia","tag-rio-lujan","tag-sos-habitat","generate-columns","tablet-grid-50","mobile-grid-100","grid-parent","grid-50"],"jetpack_publicize_connections":[],"jetpack_featured_media_url":"https:\/\/www.hoymercedes.com.ar\/principal\/wp-content\/uploads\/2017\/06\/27-sos-habitat-rio-lujan.jpg","wps_subtitle":"Denuncia","jetpack_sharing_enabled":true,"_links":{"self":[{"href":"https:\/\/www.hoymercedes.com.ar\/principal\/wp-json\/wp\/v2\/posts\/64257","targetHints":{"allow":["GET"]}}],"collection":[{"href":"https:\/\/www.hoymercedes.com.ar\/principal\/wp-json\/wp\/v2\/posts"}],"about":[{"href":"https:\/\/www.hoymercedes.com.ar\/principal\/wp-json\/wp\/v2\/types\/post"}],"author":[{"embeddable":true,"href":"https:\/\/www.hoymercedes.com.ar\/principal\/wp-json\/wp\/v2\/users\/1"}],"replies":[{"embeddable":true,"href":"https:\/\/www.hoymercedes.com.ar\/principal\/wp-json\/wp\/v2\/comments?post=64257"}],"version-history":[{"count":0,"href":"https:\/\/www.hoymercedes.com.ar\/principal\/wp-json\/wp\/v2\/posts\/64257\/revisions"}],"wp:featuredmedia":[{"embeddable":true,"href":"https:\/\/www.hoymercedes.com.ar\/principal\/wp-json\/wp\/v2\/media\/64260"}],"wp:attachment":[{"href":"https:\/\/www.hoymercedes.com.ar\/principal\/wp-json\/wp\/v2\/media?parent=64257"}],"wp:term":[{"taxonomy":"category","embeddable":true,"href":"https:\/\/www.hoymercedes.com.ar\/principal\/wp-json\/wp\/v2\/categories?post=64257"},{"taxonomy":"post_tag","embeddable":true,"href":"https:\/\/www.hoymercedes.com.ar\/principal\/wp-json\/wp\/v2\/tags?post=64257"}],"curies":[{"name":"wp","href":"https:\/\/api.w.org\/{rel}","templated":true}]}}