{"id":64290,"date":"2017-06-27T16:52:57","date_gmt":"2017-06-27T19:52:57","guid":{"rendered":"http:\/\/www.hoymercedes.com.ar\/principal\/?p=64290"},"modified":"2017-06-27T16:52:57","modified_gmt":"2017-06-27T19:52:57","slug":"lalcec-lanzo-campana-prevencion-de-cancer-de-prostata","status":"publish","type":"post","link":"https:\/\/www.hoymercedes.com.ar\/principal\/2017\/06\/27\/lalcec-lanzo-campana-prevencion-de-cancer-de-prostata\/","title":{"rendered":"LALCEC lanz\u00f3 campa\u00f1a prevenci\u00f3n de c\u00e1ncer de pr\u00f3stata"},"content":{"rendered":"<p>En el marco de la Campa\u00f1a Nacional de Prevenci\u00f3n de C\u00e1ncer de Pr\u00f3stata que LALCEC central lleva adelante entre el lunes 26 y 30 de junio. Desde LALCEC Mercedes invitan a los hombres mayores de 50 a\u00f1os a consultar ya que ofrecen\u00a0la posibilidad de realizar un an\u00e1lisis gratuito con el profesional especialista en la materia Dr. Mariano H. Despalanques (Ur\u00f3logo), el Dr. Nicol\u00e1s Longo (Especialista en Diagn\u00f3stico por Im\u00e1genes) y la colaboraci\u00f3n del Laboratorio de Bioqu\u00edmica Cl\u00ednica del Dr. Juan Carlos Cabachieff .<\/p>\n<p>La campa\u00f1a est\u00e1 dirigida a hombres mayores de 50 a\u00f1os y hombres con antecedentes familiares a partir de los 40 a\u00f1os. \u00a0Todo hombre de m\u00e1s de 40 a\u00f1os debe recibir un examen digital del recto como parte de un examen f\u00edsico anual.<\/p>\n<p>Casi todos los c\u00e1nceres de pr\u00f3stata comienzan en la parte de la gl\u00e1ndula que se puede palpar durante el ex\u00e1men del recto. Este ex\u00e1men tambi\u00e9n ayuda a descubrir el c\u00e1ncer de recto en la etapa temprana.<\/p>\n<p>El c\u00e1ncer de pr\u00f3stata comienza como todos los tumores siendo un grupo de c\u00e9lulas que se multiplican de la gl\u00e1ndula siendo en \u00e9sta etapa de c\u00e1ncer localizado asintom\u00e1tico o sea no tienen ning\u00fan signo ni s\u00edntomas que pueda hacer sospechar su presencia por lo que la \u00fanica manera de diagn\u00f3stico es ir a buscarlo por medio de los tres pilares: tacto rectal, ant\u00edgeno prost\u00e1tico espec\u00edfico en base a estos a datos se decide efectuar o no la biopsia transrectal de pr\u00f3stata la que se confirma el diagn\u00f3stico.<\/p>\n<p>En una etapa m\u00e1s avanzada el c\u00e1ncer de prost\u00e1ta presenta signos de alarma que aparecen con m\u00e1s frecuencia en dificultades para orinar por compresi\u00f3n de la uretra.<\/p>\n<p>Los s\u00edntomas del problema de la pr\u00f3stata incluyen:<\/p>\n<ul>\n<li>*falta de presi\u00f3n o interrupciones en el pase de la orina.<\/li>\n<li>*inhabilidad de orinar.<\/li>\n<li>*necesidad de orinar frecuentemente.<\/li>\n<li>*sangre en la orina.<\/li>\n<li>*dificultad para de orinar.<\/li>\n<li>*dolor o ardor al orinar.<\/li>\n<li>*dolor cont\u00ednuo en la base de la espalda, la regi\u00f3n p\u00e9lvica o la porci\u00f3n alta de los muslos.<\/li>\n<\/ul>\n<p>El c\u00e1ncer de pr\u00f3stata representa la 2\u00b0 causa de muerte por c\u00e1ncer en los varones de cierta edad. No existe tratamiento curativo para el c\u00e1ncer avanzado.\u00a0El c\u00e1ncer de pr\u00f3stata comienza siendo localizado, los pacientes tratados con tumor localizados tienen una sobrevida similar a la poblaci\u00f3n en general.\u00a0No existe ning\u00fan m\u00e9todo para distinguir un c\u00e1ncer de uno indolente.<\/p>\n<p>Fuente: LALCEC Mercedes<\/p>\n<p><img loading=\"lazy\" decoding=\"async\" data-attachment-id=\"64291\" data-permalink=\"https:\/\/www.hoymercedes.com.ar\/principal\/2017\/06\/27\/lalcec-lanzo-campana-prevencion-de-cancer-de-prostata\/27-lalcec\/#main\" data-orig-file=\"https:\/\/www.hoymercedes.com.ar\/principal\/wp-content\/uploads\/2017\/06\/27-lalcec.jpg\" data-orig-size=\"630,630\" data-comments-opened=\"0\" data-image-meta=\"{&quot;aperture&quot;:&quot;0&quot;,&quot;credit&quot;:&quot;&quot;,&quot;camera&quot;:&quot;&quot;,&quot;caption&quot;:&quot;&quot;,&quot;created_timestamp&quot;:&quot;0&quot;,&quot;copyright&quot;:&quot;&quot;,&quot;focal_length&quot;:&quot;0&quot;,&quot;iso&quot;:&quot;0&quot;,&quot;shutter_speed&quot;:&quot;0&quot;,&quot;title&quot;:&quot;&quot;,&quot;orientation&quot;:&quot;0&quot;}\" data-image-title=\"27 lalcec\" data-image-description=\"\" data-image-caption=\"\" data-large-file=\"https:\/\/www.hoymercedes.com.ar\/principal\/wp-content\/uploads\/2017\/06\/27-lalcec.jpg\" class=\"aligncenter size-medium wp-image-64291\" src=\"https:\/\/www.hoymercedes.com.ar\/principal\/wp-content\/uploads\/2017\/06\/27-lalcec-620x620.jpg\" alt=\"\" width=\"620\" height=\"620\" srcset=\"https:\/\/www.hoymercedes.com.ar\/principal\/wp-content\/uploads\/2017\/06\/27-lalcec-620x620.jpg 620w, https:\/\/www.hoymercedes.com.ar\/principal\/wp-content\/uploads\/2017\/06\/27-lalcec-150x150.jpg 150w, https:\/\/www.hoymercedes.com.ar\/principal\/wp-content\/uploads\/2017\/06\/27-lalcec.jpg 630w\" sizes=\"auto, (max-width: 620px) 100vw, 620px\" \/><\/p>\n","protected":false},"excerpt":{"rendered":"<p>En el marco de la Campa\u00f1a Nacional de Prevenci\u00f3n de C\u00e1ncer de Pr\u00f3stata que LALCEC central lleva adelante entre el &#8230; <a title=\"LALCEC lanz\u00f3 campa\u00f1a prevenci\u00f3n de c\u00e1ncer de pr\u00f3stata\" class=\"read-more\" href=\"https:\/\/www.hoymercedes.com.ar\/principal\/2017\/06\/27\/lalcec-lanzo-campana-prevencion-de-cancer-de-prostata\/\" aria-label=\"Leer m\u00e1s sobre LALCEC lanz\u00f3 campa\u00f1a prevenci\u00f3n de c\u00e1ncer de pr\u00f3stata\">Leer m\u00e1s<\/a><\/p>\n","protected":false},"author":1,"featured_media":64291,"comment_status":"closed","ping_status":"open","sticky":false,"template":"","format":"standard","meta":{"_monsterinsights_skip_tracking":false,"_monsterinsights_sitenote_active":false,"_monsterinsights_sitenote_note":"","_monsterinsights_sitenote_category":0,"jetpack_post_was_ever_published":false,"_jetpack_newsletter_access":"","_jetpack_dont_email_post_to_subs":false,"_jetpack_newsletter_tier_id":0,"_jetpack_memberships_contains_paywalled_content":false,"_jetpack_memberships_contains_paid_content":false,"footnotes":"","jetpack_publicize_message":"","jetpack_publicize_feature_enabled":true,"jetpack_social_post_already_shared":true,"jetpack_social_options":{"image_generator_settings":{"template":"highway","default_image_id":0,"font":"","enabled":false},"version":2},"_wpas_customize_per_network":false},"categories":[11],"tags":[7873,8755,66],"class_list":["post-64290","post","type-post","status-publish","format-standard","has-post-thumbnail","hentry","category-ciudad","tag-campana","tag-cancer","tag-lalcec-mercedes","generate-columns","tablet-grid-50","mobile-grid-100","grid-parent","grid-50"],"jetpack_publicize_connections":[],"jetpack_featured_media_url":"https:\/\/www.hoymercedes.com.ar\/principal\/wp-content\/uploads\/2017\/06\/27-lalcec.jpg","wps_subtitle":"","jetpack_sharing_enabled":true,"_links":{"self":[{"href":"https:\/\/www.hoymercedes.com.ar\/principal\/wp-json\/wp\/v2\/posts\/64290","targetHints":{"allow":["GET"]}}],"collection":[{"href":"https:\/\/www.hoymercedes.com.ar\/principal\/wp-json\/wp\/v2\/posts"}],"about":[{"href":"https:\/\/www.hoymercedes.com.ar\/principal\/wp-json\/wp\/v2\/types\/post"}],"author":[{"embeddable":true,"href":"https:\/\/www.hoymercedes.com.ar\/principal\/wp-json\/wp\/v2\/users\/1"}],"replies":[{"embeddable":true,"href":"https:\/\/www.hoymercedes.com.ar\/principal\/wp-json\/wp\/v2\/comments?post=64290"}],"version-history":[{"count":0,"href":"https:\/\/www.hoymercedes.com.ar\/principal\/wp-json\/wp\/v2\/posts\/64290\/revisions"}],"wp:featuredmedia":[{"embeddable":true,"href":"https:\/\/www.hoymercedes.com.ar\/principal\/wp-json\/wp\/v2\/media\/64291"}],"wp:attachment":[{"href":"https:\/\/www.hoymercedes.com.ar\/principal\/wp-json\/wp\/v2\/media?parent=64290"}],"wp:term":[{"taxonomy":"category","embeddable":true,"href":"https:\/\/www.hoymercedes.com.ar\/principal\/wp-json\/wp\/v2\/categories?post=64290"},{"taxonomy":"post_tag","embeddable":true,"href":"https:\/\/www.hoymercedes.com.ar\/principal\/wp-json\/wp\/v2\/tags?post=64290"}],"curies":[{"name":"wp","href":"https:\/\/api.w.org\/{rel}","templated":true}]}}