{"id":64294,"date":"2017-06-27T22:26:08","date_gmt":"2017-06-28T01:26:08","guid":{"rendered":"http:\/\/www.hoymercedes.com.ar\/principal\/?p=64294"},"modified":"2017-06-28T09:59:09","modified_gmt":"2017-06-28T12:59:09","slug":"campana-limpia-convocatoria-por-parte-del-intendente-a-fuerzas-politicas","status":"publish","type":"post","link":"https:\/\/www.hoymercedes.com.ar\/principal\/2017\/06\/27\/campana-limpia-convocatoria-por-parte-del-intendente-a-fuerzas-politicas\/","title":{"rendered":"Las fuerzas pol\u00edtica se encuentran este mi\u00e9rcoles para acordar una Campa\u00f1a Limpia"},"content":{"rendered":"<p>Este mi\u00e9rcoles 28 de junio, 18 horas, en el Palacio Municipal, se llevar\u00e1 a cabo un encuentro entre todas las fuerzas pol\u00edticas de la ciudad de Mercedes con el fin de acordar una \u00abcampa\u00f1a limpia\u00bb en vistas a las elecciones PASO del pr\u00f3ximo 13 de agosto.<\/p>\n<p>Convocados por el Intendente Juan Ignacio Ustarroz, los primeros candidatos de cada una de las fuerzas que se proponen como concejales de la ciudad, est\u00e1n citados para acordar un trabajo conjunto poder desarrollar una campa\u00f1a en la que la ciudad y sus espacio p\u00fablicos no se vean afectados, as\u00ed como tambi\u00e9n para que no haya agresiones y difamaci\u00f3n entre los candidatos, concentr\u00e1ndose en las ideas y propuestas, dentro de la democracia.<\/p>\n<p>&nbsp;<\/p>\n","protected":false},"excerpt":{"rendered":"<p>Este mi\u00e9rcoles 28 de junio, 18 horas, en el Palacio Municipal, se llevar\u00e1 a cabo un encuentro entre todas las &#8230; <a title=\"Las fuerzas pol\u00edtica se encuentran este mi\u00e9rcoles para acordar una Campa\u00f1a Limpia\" class=\"read-more\" href=\"https:\/\/www.hoymercedes.com.ar\/principal\/2017\/06\/27\/campana-limpia-convocatoria-por-parte-del-intendente-a-fuerzas-politicas\/\" aria-label=\"Leer m\u00e1s sobre Las fuerzas pol\u00edtica se encuentran este mi\u00e9rcoles para acordar una Campa\u00f1a Limpia\">Leer m\u00e1s<\/a><\/p>\n","protected":false},"author":1,"featured_media":63900,"comment_status":"closed","ping_status":"open","sticky":false,"template":"","format":"standard","meta":{"_monsterinsights_skip_tracking":false,"_monsterinsights_sitenote_active":false,"_monsterinsights_sitenote_note":"","_monsterinsights_sitenote_category":0,"jetpack_post_was_ever_published":false,"_jetpack_newsletter_access":"","_jetpack_dont_email_post_to_subs":false,"_jetpack_newsletter_tier_id":0,"_jetpack_memberships_contains_paywalled_content":false,"_jetpack_memberships_contains_paid_content":false,"footnotes":"","jetpack_publicize_message":"","jetpack_publicize_feature_enabled":true,"jetpack_social_post_already_shared":true,"jetpack_social_options":{"image_generator_settings":{"template":"highway","default_image_id":0,"font":"","enabled":false},"version":2},"_wpas_customize_per_network":false},"categories":[5],"tags":[11418,11275,10,5319,424],"class_list":["post-64294","post","type-post","status-publish","format-standard","has-post-thumbnail","hentry","category-politica","tag-campana-limpia","tag-elecciones-2017","tag-mercedes","tag-politica-2","tag-ustarroz","generate-columns","tablet-grid-50","mobile-grid-100","grid-parent","grid-50"],"jetpack_publicize_connections":[],"jetpack_featured_media_url":"https:\/\/www.hoymercedes.com.ar\/principal\/wp-content\/uploads\/2017\/06\/17-ustarroz.jpg","wps_subtitle":"Elecciones 2017","jetpack_sharing_enabled":true,"_links":{"self":[{"href":"https:\/\/www.hoymercedes.com.ar\/principal\/wp-json\/wp\/v2\/posts\/64294","targetHints":{"allow":["GET"]}}],"collection":[{"href":"https:\/\/www.hoymercedes.com.ar\/principal\/wp-json\/wp\/v2\/posts"}],"about":[{"href":"https:\/\/www.hoymercedes.com.ar\/principal\/wp-json\/wp\/v2\/types\/post"}],"author":[{"embeddable":true,"href":"https:\/\/www.hoymercedes.com.ar\/principal\/wp-json\/wp\/v2\/users\/1"}],"replies":[{"embeddable":true,"href":"https:\/\/www.hoymercedes.com.ar\/principal\/wp-json\/wp\/v2\/comments?post=64294"}],"version-history":[{"count":0,"href":"https:\/\/www.hoymercedes.com.ar\/principal\/wp-json\/wp\/v2\/posts\/64294\/revisions"}],"wp:featuredmedia":[{"embeddable":true,"href":"https:\/\/www.hoymercedes.com.ar\/principal\/wp-json\/wp\/v2\/media\/63900"}],"wp:attachment":[{"href":"https:\/\/www.hoymercedes.com.ar\/principal\/wp-json\/wp\/v2\/media?parent=64294"}],"wp:term":[{"taxonomy":"category","embeddable":true,"href":"https:\/\/www.hoymercedes.com.ar\/principal\/wp-json\/wp\/v2\/categories?post=64294"},{"taxonomy":"post_tag","embeddable":true,"href":"https:\/\/www.hoymercedes.com.ar\/principal\/wp-json\/wp\/v2\/tags?post=64294"}],"curies":[{"name":"wp","href":"https:\/\/api.w.org\/{rel}","templated":true}]}}