{"id":64304,"date":"2017-06-28T13:48:43","date_gmt":"2017-06-28T16:48:43","guid":{"rendered":"http:\/\/www.hoymercedes.com.ar\/principal\/?p=64304"},"modified":"2017-06-28T14:30:51","modified_gmt":"2017-06-28T17:30:51","slug":"club-mercedes-vencio-a-comunicaciones-y-paso-a-cuartos","status":"publish","type":"post","link":"https:\/\/www.hoymercedes.com.ar\/principal\/2017\/06\/28\/club-mercedes-vencio-a-comunicaciones-y-paso-a-cuartos\/","title":{"rendered":"Club Mercedes venci\u00f3 a Comunicaciones y pas\u00f3 a Cuartos"},"content":{"rendered":"<p>En cancha de la Liga Mercedina comenzaron a jugarse este martes por la noche los cuartos de final de Primera Divisi\u00f3n con el partido entre Club Mercedes y Comunicaciones, encuentro en el que el cartero lo iniciaba con ventaja deportiva. Finalmente, el blanquinegro se qued\u00f3 con el encuentro al vencer por 1 a 0 con gol de Thiago Portessi.<\/p>\n<p>Fue un partido discreto, donde los de Walter D\u00edaz fueron los protagonistas ante un deslucido Comunicaciones que sigue sin poder superar una instancia eliminatoria, ya que en el Apertura y Clausura pasado perdi\u00f3 ante Juventud en los encuentros de cuartos, donde se iniciaba la Liguilla.<\/p>\n<p>El Cartero no tuvo volumen de juego, a pesar de jugar con su habitual equipo, estuvo firme en defensa, sin mostrar desatenciones que lo complicaron en varios partidos, pero careci\u00f3 de peso ofensivo, m\u00e1s all\u00e1 de algunas corridas de Alexis Sanchez o Nery Lazarte por los costados, algo habitual en el equipo de Julio Torres por su forma vertical de juego.<\/p>\n<p>En cuanto a Mercedes, mostr\u00f3 un equipo muy distinto al de las \u00faltima fechas. El piber\u00edo fue reemplazado por muchos jugadores que ya entrenan pensando en el Federal B, como Portessi, Barrientos, Gatti y la vuelta de Gabino Regueiro, un hist\u00f3rico del club, que tras dos a\u00f1os en Hurac\u00e1n de San Antonio de Areco, volvi\u00f3 a vestir la blanca y negra.<\/p>\n<p>Con un equipo m\u00e1s experimentado, Mercedes aprovech\u00f3 los primeros veinte minutos para atacar por izquierda y sorprender por derecha, ya que Alexis Sanchez estaba dedicado al ataque y no marcaba a Portessi, quien a los 19 minutos de iniciado el juego marc\u00f3 el \u00fanico gol del partido. Ya con Sanchez m\u00e1s abocado a la defensa, Comunicaciones perdi\u00f3 sorpresa y nunca logr\u00f3 inquietar a Bidone.<\/p>\n<p>Mercedes tuvo algunas situaciones como para ampliar el resultado, pero malogr\u00f3 dos claras en los pies de Gorosito, una de ellas un mano a mano bien tapado por David Br\u00edzolis.<\/p>\n<p>Con este resultado, Comunicaciones no pudo hacer uso de la ventaja deportiva, que le permit\u00eda pasar con el empate y s\u00ed logro el objetivo Mercedes, que ahora espera por los resultados de este mi\u00e9rcoles, donde se conocer\u00e1n los cuatro equipos que jueguen los cuartos de final, de donde saldr\u00e1n los dos rivales de Trocha y Atl\u00e9tico Marcos Paz, que esperan en semifinales.<\/p>\n<p>&nbsp;<\/p>\n<p><img loading=\"lazy\" decoding=\"async\" data-attachment-id=\"64309\" data-permalink=\"https:\/\/www.hoymercedes.com.ar\/principal\/2017\/06\/28\/club-mercedes-vencio-a-comunicaciones-y-paso-a-cuartos\/liguilla\/#main\" data-orig-file=\"https:\/\/www.hoymercedes.com.ar\/principal\/wp-content\/uploads\/2017\/06\/LIGUILLA.png\" data-orig-size=\"944,223\" data-comments-opened=\"0\" data-image-meta=\"{&quot;aperture&quot;:&quot;0&quot;,&quot;credit&quot;:&quot;&quot;,&quot;camera&quot;:&quot;&quot;,&quot;caption&quot;:&quot;&quot;,&quot;created_timestamp&quot;:&quot;0&quot;,&quot;copyright&quot;:&quot;&quot;,&quot;focal_length&quot;:&quot;0&quot;,&quot;iso&quot;:&quot;0&quot;,&quot;shutter_speed&quot;:&quot;0&quot;,&quot;title&quot;:&quot;&quot;,&quot;orientation&quot;:&quot;0&quot;}\" data-image-title=\"LIGUILLA\" data-image-description=\"\" data-image-caption=\"\" data-large-file=\"https:\/\/www.hoymercedes.com.ar\/principal\/wp-content\/uploads\/2017\/06\/LIGUILLA.png\" class=\"aligncenter size-medium wp-image-64309\" src=\"https:\/\/www.hoymercedes.com.ar\/principal\/wp-content\/uploads\/2017\/06\/LIGUILLA-630x149.png\" alt=\"\" width=\"630\" height=\"149\" srcset=\"https:\/\/www.hoymercedes.com.ar\/principal\/wp-content\/uploads\/2017\/06\/LIGUILLA-630x149.png 630w, https:\/\/www.hoymercedes.com.ar\/principal\/wp-content\/uploads\/2017\/06\/LIGUILLA-150x35.png 150w, https:\/\/www.hoymercedes.com.ar\/principal\/wp-content\/uploads\/2017\/06\/LIGUILLA.png 944w\" sizes=\"auto, (max-width: 630px) 100vw, 630px\" \/><\/p>\n<p>&nbsp;<\/p>\n<p><strong>Comunicaciones 0:<\/strong> Davis Br\u00edsoliz, Mart\u00edn Ag\u00fcero, Juan Quiroga, Jonathan Bartolomeo, Franco Torres, Oscar Morales, Sebasti\u00e1n Filipini, Neri lazarte, Federico Amaya, Diego S\u00e1nchez y Alexis S\u00e1nchez. <strong>DT:<\/strong> Julio Torres. <strong>Suplentes:<\/strong> Mat\u00edas Ag\u00fcero, Jonathan Torres, T. P\u00e9rez y Kevin Caba\u00f1ez.<br \/>\n<strong>Club Mercedes 1:<\/strong> Juan Bidone, Juan Gatti, Gustavo B\u00edsforo, Sebasti\u00e1n Cabral, Cristian Barrientos, Gabino Regueiro, Nicol\u00e1s Paniagua, Tiago Portesi, Solano Espil, Pablo Gorosito y Agust\u00edn Juanicotena. <strong>DT:<\/strong> Walter D\u00edaz. <strong>Suplentes:<\/strong> Nicol\u00e1s Borrasca, Tom\u00e1s Lima, Juli\u00e1n Lussello y Juan Bustos.<br \/>\n<strong><br \/>\nGol en el PT:<\/strong> A los 19\u2019 Tiago Portesi para Club Mercedes.<br \/>\n<strong>Cambios:<\/strong> Jonathan Paj\u00f3n por Diego S\u00e1nchez, Juan Torres por Sebasti\u00e1n Filipini y Juli\u00e1n Ag\u00fcero por Jonathan Bartolomeo en Comunicaciones. Federico Puliti por Gabino Regueiro, Franco P\u00e9rez por Cristian Barrientos e Ignacio Vaccarezza por Agust\u00edn Juanicotena en Club Mercedes.<br \/>\n<strong>Arbitro:<\/strong> Juan Carlos Del Fueyo (Liga de Jun\u00edn).<\/p>\n<p><strong>Mi\u00e9rcoles 27<br \/>\nCancha:<\/strong> Liga Mercedina.<br \/>\nA las 20.15 AMEFIP \u2013 San Mart\u00edn vs. Defensores Juniors.<\/p>\n<p><strong>Cancha:<\/strong> \u201cTito\u201d Crosetti.<br \/>\nA las 21 El Front\u00f3n vs. Estudiantes.<\/p>\n<p><strong>Cancha:<\/strong> Municipal de Suipacha.<br \/>\nA las 21 Juventud vs. Pabell\u00f3n Argentino.<\/p>\n","protected":false},"excerpt":{"rendered":"<p>En cancha de la Liga Mercedina comenzaron a jugarse este martes por la noche los cuartos de final de Primera &#8230; <a title=\"Club Mercedes venci\u00f3 a Comunicaciones y pas\u00f3 a Cuartos\" class=\"read-more\" href=\"https:\/\/www.hoymercedes.com.ar\/principal\/2017\/06\/28\/club-mercedes-vencio-a-comunicaciones-y-paso-a-cuartos\/\" aria-label=\"Leer m\u00e1s sobre Club Mercedes venci\u00f3 a Comunicaciones y pas\u00f3 a Cuartos\">Leer m\u00e1s<\/a><\/p>\n","protected":false},"author":1,"featured_media":64309,"comment_status":"closed","ping_status":"open","sticky":false,"template":"","format":"standard","meta":{"_monsterinsights_skip_tracking":false,"_monsterinsights_sitenote_active":false,"_monsterinsights_sitenote_note":"","_monsterinsights_sitenote_category":0,"jetpack_post_was_ever_published":false,"_jetpack_newsletter_access":"","_jetpack_dont_email_post_to_subs":false,"_jetpack_newsletter_tier_id":0,"_jetpack_memberships_contains_paywalled_content":false,"_jetpack_memberships_contains_paid_content":false,"footnotes":"","jetpack_publicize_message":"","jetpack_publicize_feature_enabled":true,"jetpack_social_post_already_shared":true,"jetpack_social_options":{"image_generator_settings":{"template":"highway","default_image_id":0,"font":"","enabled":false},"version":2},"_wpas_customize_per_network":false},"categories":[21],"tags":[122,2253,204,1003,1901],"class_list":["post-64304","post","type-post","status-publish","format-standard","has-post-thumbnail","hentry","category-deportes","tag-club-mercedes","tag-comunicaciones","tag-deportes-2","tag-futbol","tag-liga-mercedina","generate-columns","tablet-grid-50","mobile-grid-100","grid-parent","grid-50"],"jetpack_publicize_connections":[],"jetpack_featured_media_url":"https:\/\/www.hoymercedes.com.ar\/principal\/wp-content\/uploads\/2017\/06\/LIGUILLA.png","wps_subtitle":"Liga Mercedina","jetpack_sharing_enabled":true,"_links":{"self":[{"href":"https:\/\/www.hoymercedes.com.ar\/principal\/wp-json\/wp\/v2\/posts\/64304","targetHints":{"allow":["GET"]}}],"collection":[{"href":"https:\/\/www.hoymercedes.com.ar\/principal\/wp-json\/wp\/v2\/posts"}],"about":[{"href":"https:\/\/www.hoymercedes.com.ar\/principal\/wp-json\/wp\/v2\/types\/post"}],"author":[{"embeddable":true,"href":"https:\/\/www.hoymercedes.com.ar\/principal\/wp-json\/wp\/v2\/users\/1"}],"replies":[{"embeddable":true,"href":"https:\/\/www.hoymercedes.com.ar\/principal\/wp-json\/wp\/v2\/comments?post=64304"}],"version-history":[{"count":0,"href":"https:\/\/www.hoymercedes.com.ar\/principal\/wp-json\/wp\/v2\/posts\/64304\/revisions"}],"wp:featuredmedia":[{"embeddable":true,"href":"https:\/\/www.hoymercedes.com.ar\/principal\/wp-json\/wp\/v2\/media\/64309"}],"wp:attachment":[{"href":"https:\/\/www.hoymercedes.com.ar\/principal\/wp-json\/wp\/v2\/media?parent=64304"}],"wp:term":[{"taxonomy":"category","embeddable":true,"href":"https:\/\/www.hoymercedes.com.ar\/principal\/wp-json\/wp\/v2\/categories?post=64304"},{"taxonomy":"post_tag","embeddable":true,"href":"https:\/\/www.hoymercedes.com.ar\/principal\/wp-json\/wp\/v2\/tags?post=64304"}],"curies":[{"name":"wp","href":"https:\/\/api.w.org\/{rel}","templated":true}]}}