{"id":64315,"date":"2017-06-28T19:39:30","date_gmt":"2017-06-28T22:39:30","guid":{"rendered":"http:\/\/www.hoymercedes.com.ar\/principal\/?p=64315"},"modified":"2017-06-28T19:39:30","modified_gmt":"2017-06-28T22:39:30","slug":"mercedes-solicito-formalmente-la-entrega-de-kits-qunita","status":"publish","type":"post","link":"https:\/\/www.hoymercedes.com.ar\/principal\/2017\/06\/28\/mercedes-solicito-formalmente-la-entrega-de-kits-qunita\/","title":{"rendered":"Mercedes solicit\u00f3 formalmente la entrega de kits Qunita"},"content":{"rendered":"<p>El Municipio de Mercedes solicit\u00f3 la entrega de 1100 kits Qunita para ser distribuidos en la ciudad. La solicitud, realizada por el intendente Juan Ignacio Ustarroz, tiene lugar luego de conocerse la resoluci\u00f3n judicial que obliga al Ministerio de Salud a distribuir los kits Qunita que el Gobierno tiene guardados en un dep\u00f3sito hace 18 meses.<\/p>\n<p>En la nota presentada ante el ministro Jorge Lemus, Ustarroz fundamenta la decisi\u00f3n en que estos kits permitir\u00e1n continuar profundizando la tarea que la comuna viene realizando en materia de Primera Infancia. Entre otros logros, Mercedes consigui\u00f3 disminuir un 50% la mortalidad infantil en el \u00faltimo a\u00f1o, puso en marcha junto con el Hospital local una Guardia Pedi\u00e1trica 24 hs. y lanz\u00f3 el programa de protecci\u00f3n integral \u00abPrimeros 1000 d\u00edas\u00bb con el que asiste a los reci\u00e9n nacidos y a las familias.<\/p>\n<p>Ustarroz destac\u00f3 que \u00abentendemos la salud de la poblaci\u00f3n es clave. Es una de las forma de actuar en el presente y apostar s\u00f3lidamente al fututo. Nuestros programas buscan impactar en lo inmediato, pero, tambi\u00e9n crear las bases para un futuro mejor. Medidas reales, constatables. Nuestro programa Primeros Mil D\u00edas apunta a ello, interviniendo distintas \u00e1reas, como Salud, Deportes, Desarrollo Social, es integral, como lo es la vida del ser humano\u00bb y remarc\u00f3 que \u201clas Qunitas son un bien que para las familias que los reciben se convierten en una ayuda enorme, que mejora la calidad de vida\u201d<\/p>\n<p>La nota fue presentada formalmente este mi\u00e9rcoles por la ma\u00f1ana en el Ministerio de Salud.<\/p>\n<p>Carta enviada al Ministerio de Salud de Naci\u00f3n<\/p>\n<p><img loading=\"lazy\" decoding=\"async\" data-attachment-id=\"64318\" data-permalink=\"https:\/\/www.hoymercedes.com.ar\/principal\/2017\/06\/28\/mercedes-solicito-formalmente-la-entrega-de-kits-qunita\/29-kit-qunitas-carta\/#main\" data-orig-file=\"https:\/\/www.hoymercedes.com.ar\/principal\/wp-content\/uploads\/2017\/06\/29-kit-qunitas-carta.jpg\" data-orig-size=\"930,1280\" data-comments-opened=\"0\" data-image-meta=\"{&quot;aperture&quot;:&quot;0&quot;,&quot;credit&quot;:&quot;&quot;,&quot;camera&quot;:&quot;&quot;,&quot;caption&quot;:&quot;&quot;,&quot;created_timestamp&quot;:&quot;0&quot;,&quot;copyright&quot;:&quot;&quot;,&quot;focal_length&quot;:&quot;0&quot;,&quot;iso&quot;:&quot;0&quot;,&quot;shutter_speed&quot;:&quot;0&quot;,&quot;title&quot;:&quot;&quot;,&quot;orientation&quot;:&quot;0&quot;}\" data-image-title=\"29 kit qunitas carta\" data-image-description=\"\" data-image-caption=\"\" data-large-file=\"https:\/\/www.hoymercedes.com.ar\/principal\/wp-content\/uploads\/2017\/06\/29-kit-qunitas-carta-744x1024.jpg\" class=\"aligncenter size-medium wp-image-64318\" src=\"https:\/\/www.hoymercedes.com.ar\/principal\/wp-content\/uploads\/2017\/06\/29-kit-qunitas-carta-450x620.jpg\" alt=\"\" width=\"450\" height=\"620\" srcset=\"https:\/\/www.hoymercedes.com.ar\/principal\/wp-content\/uploads\/2017\/06\/29-kit-qunitas-carta-450x620.jpg 450w, https:\/\/www.hoymercedes.com.ar\/principal\/wp-content\/uploads\/2017\/06\/29-kit-qunitas-carta-109x150.jpg 109w, https:\/\/www.hoymercedes.com.ar\/principal\/wp-content\/uploads\/2017\/06\/29-kit-qunitas-carta-744x1024.jpg 744w, https:\/\/www.hoymercedes.com.ar\/principal\/wp-content\/uploads\/2017\/06\/29-kit-qunitas-carta.jpg 930w\" sizes=\"auto, (max-width: 450px) 100vw, 450px\" \/><\/p>\n<p>Fuente: Prensa Municipal<\/p>\n<p>&nbsp;<\/p>\n","protected":false},"excerpt":{"rendered":"<p>El Municipio de Mercedes solicit\u00f3 la entrega de 1100 kits Qunita para ser distribuidos en la ciudad. La solicitud, realizada &#8230; <a title=\"Mercedes solicit\u00f3 formalmente la entrega de kits Qunita\" class=\"read-more\" href=\"https:\/\/www.hoymercedes.com.ar\/principal\/2017\/06\/28\/mercedes-solicito-formalmente-la-entrega-de-kits-qunita\/\" aria-label=\"Leer m\u00e1s sobre Mercedes solicit\u00f3 formalmente la entrega de kits Qunita\">Leer m\u00e1s<\/a><\/p>\n","protected":false},"author":1,"featured_media":64317,"comment_status":"closed","ping_status":"open","sticky":false,"template":"","format":"standard","meta":{"_monsterinsights_skip_tracking":false,"_monsterinsights_sitenote_active":false,"_monsterinsights_sitenote_note":"","_monsterinsights_sitenote_category":0,"jetpack_post_was_ever_published":false,"_jetpack_newsletter_access":"","_jetpack_dont_email_post_to_subs":false,"_jetpack_newsletter_tier_id":0,"_jetpack_memberships_contains_paywalled_content":false,"_jetpack_memberships_contains_paid_content":false,"footnotes":"","jetpack_publicize_message":"","jetpack_publicize_feature_enabled":true,"jetpack_social_post_already_shared":true,"jetpack_social_options":{"image_generator_settings":{"template":"highway","default_image_id":0,"font":"","enabled":false},"version":2},"_wpas_customize_per_network":false},"categories":[30],"tags":[10,6807,244,11427,11426],"class_list":["post-64315","post","type-post","status-publish","format-standard","has-post-thumbnail","hentry","category-municipio","tag-mercedes","tag-ministerio-de-salud","tag-municipio-2","tag-plan-mil-dias","tag-plan-qunitas","generate-columns","tablet-grid-50","mobile-grid-100","grid-parent","grid-50"],"jetpack_publicize_connections":[],"jetpack_featured_media_url":"https:\/\/www.hoymercedes.com.ar\/principal\/wp-content\/uploads\/2017\/06\/29-kit-qunitas.jpg","wps_subtitle":"Para el Plan Mil D\u00edas","jetpack_sharing_enabled":true,"_links":{"self":[{"href":"https:\/\/www.hoymercedes.com.ar\/principal\/wp-json\/wp\/v2\/posts\/64315","targetHints":{"allow":["GET"]}}],"collection":[{"href":"https:\/\/www.hoymercedes.com.ar\/principal\/wp-json\/wp\/v2\/posts"}],"about":[{"href":"https:\/\/www.hoymercedes.com.ar\/principal\/wp-json\/wp\/v2\/types\/post"}],"author":[{"embeddable":true,"href":"https:\/\/www.hoymercedes.com.ar\/principal\/wp-json\/wp\/v2\/users\/1"}],"replies":[{"embeddable":true,"href":"https:\/\/www.hoymercedes.com.ar\/principal\/wp-json\/wp\/v2\/comments?post=64315"}],"version-history":[{"count":0,"href":"https:\/\/www.hoymercedes.com.ar\/principal\/wp-json\/wp\/v2\/posts\/64315\/revisions"}],"wp:featuredmedia":[{"embeddable":true,"href":"https:\/\/www.hoymercedes.com.ar\/principal\/wp-json\/wp\/v2\/media\/64317"}],"wp:attachment":[{"href":"https:\/\/www.hoymercedes.com.ar\/principal\/wp-json\/wp\/v2\/media?parent=64315"}],"wp:term":[{"taxonomy":"category","embeddable":true,"href":"https:\/\/www.hoymercedes.com.ar\/principal\/wp-json\/wp\/v2\/categories?post=64315"},{"taxonomy":"post_tag","embeddable":true,"href":"https:\/\/www.hoymercedes.com.ar\/principal\/wp-json\/wp\/v2\/tags?post=64315"}],"curies":[{"name":"wp","href":"https:\/\/api.w.org\/{rel}","templated":true}]}}