{"id":64325,"date":"2017-06-30T17:14:43","date_gmt":"2017-06-30T20:14:43","guid":{"rendered":"http:\/\/www.hoymercedes.com.ar\/principal\/?p=64325"},"modified":"2017-06-30T23:03:52","modified_gmt":"2017-07-01T02:03:52","slug":"lucas-biglia-negocia-con-milan","status":"publish","type":"post","link":"https:\/\/www.hoymercedes.com.ar\/principal\/2017\/06\/30\/lucas-biglia-negocia-con-milan\/","title":{"rendered":"Lucas Biglia negocia con Milan"},"content":{"rendered":"<p><strong><em>Roma, 27 jun (EFE).- El agente del argentino Lucas Biglia, Enzo Montepaone, ha asegurado que su cliente quiere dejar al Lazio y que hay una \u00abnegociaci\u00f3n abierta\u00bb con el Milan, adem\u00e1s de otra oferta por parte de un club de Inglaterra.<\/em><\/strong><\/p>\n<p><img loading=\"lazy\" decoding=\"async\" data-attachment-id=\"64375\" data-permalink=\"https:\/\/www.hoymercedes.com.ar\/principal\/2017\/06\/30\/lucas-biglia-negocia-con-milan\/biglia-entrenar-es-vida\/#main\" data-orig-file=\"https:\/\/www.hoymercedes.com.ar\/principal\/wp-content\/uploads\/2017\/06\/Biglia-entrenar-es-vida.jpg\" data-orig-size=\"960,960\" data-comments-opened=\"0\" data-image-meta=\"{&quot;aperture&quot;:&quot;0&quot;,&quot;credit&quot;:&quot;&quot;,&quot;camera&quot;:&quot;&quot;,&quot;caption&quot;:&quot;&quot;,&quot;created_timestamp&quot;:&quot;0&quot;,&quot;copyright&quot;:&quot;&quot;,&quot;focal_length&quot;:&quot;0&quot;,&quot;iso&quot;:&quot;0&quot;,&quot;shutter_speed&quot;:&quot;0&quot;,&quot;title&quot;:&quot;&quot;,&quot;orientation&quot;:&quot;0&quot;}\" data-image-title=\"Biglia entrenar es vida\" data-image-description=\"\" data-image-caption=\"\" data-large-file=\"https:\/\/www.hoymercedes.com.ar\/principal\/wp-content\/uploads\/2017\/06\/Biglia-entrenar-es-vida.jpg\" class=\"aligncenter size-medium wp-image-64375\" src=\"https:\/\/www.hoymercedes.com.ar\/principal\/wp-content\/uploads\/2017\/06\/Biglia-entrenar-es-vida-620x620.jpg\" alt=\"\" width=\"620\" height=\"620\" srcset=\"https:\/\/www.hoymercedes.com.ar\/principal\/wp-content\/uploads\/2017\/06\/Biglia-entrenar-es-vida-620x620.jpg 620w, https:\/\/www.hoymercedes.com.ar\/principal\/wp-content\/uploads\/2017\/06\/Biglia-entrenar-es-vida-150x150.jpg 150w, https:\/\/www.hoymercedes.com.ar\/principal\/wp-content\/uploads\/2017\/06\/Biglia-entrenar-es-vida.jpg 960w\" sizes=\"auto, (max-width: 620px) 100vw, 620px\" \/><\/p>\n<p>\u00abLucas (Biglia) habl\u00f3 con el Lazio hace un mes para declarar que su voluntad es irse. Hay una negociaci\u00f3n abierta con el Milan y nosotros estamos esperando que los clubes lleguen a un acuerdo\u00bb, dijo el agente en una entrevista con el diario romano \u00abIl Messaggero\u00bb publicada hoy.<\/p>\n<p>\u00abS\u00e9 que est\u00e1n buscando una soluci\u00f3n y nosotros esperamos, incluso porque hay una oportunidad para ir a Inglaterra, aunque no puedo decir nada m\u00e1s\u00bb, agreg\u00f3.<\/p>\n<p>Biglia, 52 veces internacional argentino, est\u00e1 determinado en dejar al Lazio despu\u00e9s de cuatro a\u00f1os y est\u00e1 dispuesto a fichar por el Milan, subray\u00f3 el agente.<\/p>\n<p>\u00abLazio y Milan tienen que llegar a un acuerdo, en todo caso yo estar\u00e9 en Italia la pr\u00f3xima semana y esperemos que todo se solucione pronto\u00bb, afirm\u00f3 Montepaone.<\/p>\n<p>El argentino, de 31 a\u00f1os, es una de las primeras opciones del Milan para reforzar su centro del campo, una zona en la que ya incorpor\u00f3 al volante marfile\u00f1o Franck Kessie, procedente del Atalanta. EFE<\/p>\n<p>&nbsp;<\/p>\n<p><strong>Entrando en Mercedes<\/strong><\/p>\n<p>Como habitualmente ocurre, cuando Lucas Biglia se encuentra en su ciudad natal, contin\u00faa su entrenamiento f\u00edsico de pretemporada en Entrenar Es Vida, con el profeso Federicho Achille. En la foto se lo ve con varios deportistas locales, como Nicol\u00e1s Bozzini, jugador de la Primera Divisi\u00f3n de B\u00e1squet del Club Quilmes y el arquero Maxi Gim\u00e9nez, entre otros.<\/p>\n","protected":false},"excerpt":{"rendered":"<p>Roma, 27 jun (EFE).- El agente del argentino Lucas Biglia, Enzo Montepaone, ha asegurado que su cliente quiere dejar al &#8230; <a title=\"Lucas Biglia negocia con Milan\" class=\"read-more\" href=\"https:\/\/www.hoymercedes.com.ar\/principal\/2017\/06\/30\/lucas-biglia-negocia-con-milan\/\" aria-label=\"Leer m\u00e1s sobre Lucas Biglia negocia con Milan\">Leer m\u00e1s<\/a><\/p>\n","protected":false},"author":1,"featured_media":64375,"comment_status":"closed","ping_status":"open","sticky":false,"template":"","format":"standard","meta":{"_monsterinsights_skip_tracking":false,"_monsterinsights_sitenote_active":false,"_monsterinsights_sitenote_note":"","_monsterinsights_sitenote_category":0,"jetpack_post_was_ever_published":false,"_jetpack_newsletter_access":"","_jetpack_dont_email_post_to_subs":false,"_jetpack_newsletter_tier_id":0,"_jetpack_memberships_contains_paywalled_content":false,"_jetpack_memberships_contains_paid_content":false,"footnotes":"","jetpack_publicize_message":"","jetpack_publicize_feature_enabled":true,"jetpack_social_post_already_shared":true,"jetpack_social_options":{"image_generator_settings":{"template":"highway","default_image_id":0,"font":"","enabled":false},"version":2},"_wpas_customize_per_network":false},"categories":[21],"tags":[204,1003,7582,305,11200],"class_list":["post-64325","post","type-post","status-publish","format-standard","has-post-thumbnail","hentry","category-deportes","tag-deportes-2","tag-futbol","tag-la-legion","tag-lucas-biglia","tag-milan","generate-columns","tablet-grid-50","mobile-grid-100","grid-parent","grid-50"],"jetpack_publicize_connections":[],"jetpack_featured_media_url":"https:\/\/www.hoymercedes.com.ar\/principal\/wp-content\/uploads\/2017\/06\/Biglia-entrenar-es-vida.jpg","wps_subtitle":"La Legi\u00f3n","jetpack_sharing_enabled":true,"_links":{"self":[{"href":"https:\/\/www.hoymercedes.com.ar\/principal\/wp-json\/wp\/v2\/posts\/64325","targetHints":{"allow":["GET"]}}],"collection":[{"href":"https:\/\/www.hoymercedes.com.ar\/principal\/wp-json\/wp\/v2\/posts"}],"about":[{"href":"https:\/\/www.hoymercedes.com.ar\/principal\/wp-json\/wp\/v2\/types\/post"}],"author":[{"embeddable":true,"href":"https:\/\/www.hoymercedes.com.ar\/principal\/wp-json\/wp\/v2\/users\/1"}],"replies":[{"embeddable":true,"href":"https:\/\/www.hoymercedes.com.ar\/principal\/wp-json\/wp\/v2\/comments?post=64325"}],"version-history":[{"count":0,"href":"https:\/\/www.hoymercedes.com.ar\/principal\/wp-json\/wp\/v2\/posts\/64325\/revisions"}],"wp:featuredmedia":[{"embeddable":true,"href":"https:\/\/www.hoymercedes.com.ar\/principal\/wp-json\/wp\/v2\/media\/64375"}],"wp:attachment":[{"href":"https:\/\/www.hoymercedes.com.ar\/principal\/wp-json\/wp\/v2\/media?parent=64325"}],"wp:term":[{"taxonomy":"category","embeddable":true,"href":"https:\/\/www.hoymercedes.com.ar\/principal\/wp-json\/wp\/v2\/categories?post=64325"},{"taxonomy":"post_tag","embeddable":true,"href":"https:\/\/www.hoymercedes.com.ar\/principal\/wp-json\/wp\/v2\/tags?post=64325"}],"curies":[{"name":"wp","href":"https:\/\/api.w.org\/{rel}","templated":true}]}}