{"id":6434,"date":"2011-08-15T02:58:55","date_gmt":"2011-08-15T02:58:55","guid":{"rendered":"http:\/\/www.hoymercedes.com.ar\/principal\/?p=6434"},"modified":"2011-08-15T02:58:55","modified_gmt":"2011-08-15T02:58:55","slug":"cfk-en-mercedes-habria-pasado-el-56","status":"publish","type":"post","link":"https:\/\/www.hoymercedes.com.ar\/principal\/2011\/08\/15\/cfk-en-mercedes-habria-pasado-el-56\/","title":{"rendered":"CFK en Mercedes habr\u00eda pasado el 56%"},"content":{"rendered":"<p>Seg\u00fan datos publicados por el Ministerio del Interior de la Naci\u00f3n es su sitio sobre las elecciones primarias 2011 donde van cargando datos a medida que se van conociendo la actual presidenta de la Naci\u00f3n, Cristina Fern\u00e1ndez de Kirchner habr\u00eda obtenido una elecci\u00f3n muy importante al conseguir el apoyo de casi 56% de los votos<\/p>\n<p>El electorado local mostr\u00f3 un apoyo al oficialismo como pocas veces se vio. Tres listas iban apoyando a la presidenta: Ustarroz, Selva y Sabattella.<\/p>\n<p>En segundo lugar qued\u00f3 Eduardo Duhalde \u00a0con un 12,29% a m\u00e1s de 44% de diferencia.<\/p>\n<p>Tercero Rodriguez S\u00e1a convirtiendose en una sorpresa ya que superar\u00eda al radicalismo con el 10,48% de los votos.<\/p>\n<p>Cuarto escal\u00f3n para Ricardo Alfons\u00edn con el 7,79%.<\/p>\n<p>La lista sigue oficializada a las cero horas del domingo es la siguiente:<\/p>\n<table id=\"TVOTOS\" summary=\"Resultados obtenidos por las diferentes candidaturas\" width=\"100%\" border=\"0\" cellspacing=\"0\" cellpadding=\"0\">\n<thead>\n<tr>\n<th id=\"list\">Agrupaciones pol\u00edticas<\/th>\n<th id=\"result\" colspan=\"2\">Resultados<\/th>\n<\/tr>\n<\/thead>\n<tbody>\n<tr>\n<th id=\"P0131x2b74ba\">ALIANZA FRENTE PARA LA VICTORIA<\/th>\n<td>4.754.828<\/td>\n<td>50,11%<\/td>\n<\/tr>\n<tr>\n<th id=\"F1990131x000000\" colspan=\"3\">FERNANDEZ DE KIRCHNER, CRISTINA &#8211; BOUDOU, AMADO<\/th>\n<\/tr>\n<tr>\n<th id=\"P0137xFFFFFF\">ALIANZA UNION PARA EL DESARROLLO SOCIAL &#8211; UDESO<\/th>\n<td>1.212.024<\/td>\n<td>12,77%<\/td>\n<\/tr>\n<tr>\n<th id=\"F1990137x000000\" colspan=\"3\">ALFONSIN, RICARDO LUIS &#8211; GONZALEZ FRAGA, JAVIER ANTONIO<\/th>\n<\/tr>\n<tr>\n<th id=\"P0132xb757b0\">ALIANZA FRENTE POPULAR<\/th>\n<td>1.143.211<\/td>\n<td>12,05%<\/td>\n<\/tr>\n<tr>\n<th id=\"F1990132x000000\" colspan=\"3\">DUHALDE, EDUARDO &#8211; DAS NEVES, MARIO<\/th>\n<\/tr>\n<tr>\n<th id=\"P0134xe86f45\">ALIANZA FRENTE AMPLIO PROGRESISTA<\/th>\n<td>989.369<\/td>\n<td>10,43%<\/td>\n<\/tr>\n<tr>\n<th id=\"F1990134x000000\" colspan=\"3\">BINNER, HERMES JUAN &#8211; MORANDINI, NORMA ELENA<\/th>\n<\/tr>\n<tr>\n<th id=\"P0133xbae2ed\">ALIANZA COMPROMISO FEDERAL<\/th>\n<td>707.756<\/td>\n<td>7,46%<\/td>\n<\/tr>\n<tr>\n<th id=\"F1990133x000000\" colspan=\"3\">RODRIGUEZ SAA, ALBERTO JOSE &#8211; VERNET, JOSE MARIA<\/th>\n<\/tr>\n<tr>\n<th id=\"P0047x35617c\">COALICION CIVICA ARI<\/th>\n<td>314.754<\/td>\n<td>3,32%<\/td>\n<\/tr>\n<tr>\n<th id=\"F1990047x000000\" colspan=\"3\">CARRIO, ELISA MARIA EVELINA &#8211; PEREZ, JOSE ADRIAN<\/th>\n<\/tr>\n<tr>\n<th id=\"P0135xd95560\">ALIANZA FRENTE DE IZQUIERDA Y DE LOS TRABAJADORES<\/th>\n<td>231.950<\/td>\n<td>2,44%<\/td>\n<\/tr>\n<tr>\n<th id=\"F1990135x000000\" colspan=\"3\">WERMUS, JOSE SAUL (ALTAMIRA JORGE) &#8211; CASTILLO, CHRISTIAN CARLOS HERNAN<\/th>\n<\/tr>\n<tr>\n<th id=\"P0136x7db34f\">ALIANZA PROYECTO SUR<\/th>\n<td>80.723<\/td>\n<td>0,85%<\/td>\n<\/tr>\n<tr>\n<th id=\"F1990136x000000\" colspan=\"3\">ARGUMEDO, ALCIRA SUSANA &#8211; CARDELLI, JORGE JUSTO<\/th>\n<\/tr>\n<tr>\n<th id=\"P0057x66704e\">MOVIMIENTO DE ACCION VECINAL<\/th>\n<td>30.479<\/td>\n<td>0,32%<\/td>\n<\/tr>\n<tr>\n<th id=\"F1990057x000000\" colspan=\"3\">PASTORE, SERGIO DARIO &#8211; RODRIGUEZ, GILDA MARCELA<\/th>\n<\/tr>\n<tr>\n<th id=\"P0037xf59e45\">DEL CAMPO POPULAR<\/th>\n<td>22.810<\/td>\n<td>0,24%<\/td>\n<\/tr>\n<tr>\n<th id=\"F1990037x000000\" colspan=\"3\">BONACCI, JOSE ALEJANDRO &#8211; VILLENA, JOSE EDUARDO<\/th>\n<\/tr>\n<\/tbody>\n<\/table>\n<p>&nbsp;<\/p>\n","protected":false},"excerpt":{"rendered":"<p>Seg\u00fan datos publicados por el Ministerio del Interior de la Naci\u00f3n es su sitio sobre las elecciones primarias 2011 donde &#8230; <a title=\"CFK en Mercedes habr\u00eda pasado el 56%\" class=\"read-more\" href=\"https:\/\/www.hoymercedes.com.ar\/principal\/2011\/08\/15\/cfk-en-mercedes-habria-pasado-el-56\/\" aria-label=\"Leer m\u00e1s sobre CFK en Mercedes habr\u00eda pasado el 56%\">Leer m\u00e1s<\/a><\/p>\n","protected":false},"author":1,"featured_media":0,"comment_status":"open","ping_status":"open","sticky":false,"template":"","format":"standard","meta":{"_monsterinsights_skip_tracking":false,"_monsterinsights_sitenote_active":false,"_monsterinsights_sitenote_note":"","_monsterinsights_sitenote_category":0,"jetpack_post_was_ever_published":false,"_jetpack_newsletter_access":"","_jetpack_dont_email_post_to_subs":false,"_jetpack_newsletter_tier_id":0,"_jetpack_memberships_contains_paywalled_content":false,"_jetpack_memberships_contains_paid_content":false,"footnotes":"","jetpack_publicize_message":"","jetpack_publicize_feature_enabled":true,"jetpack_social_post_already_shared":false,"jetpack_social_options":{"image_generator_settings":{"template":"highway","default_image_id":0,"font":"","enabled":false},"version":2},"_wpas_customize_per_network":false},"categories":[5],"tags":[957],"class_list":["post-6434","post","type-post","status-publish","format-standard","hentry","category-politica","tag-elecciones-2011-2","generate-columns","tablet-grid-50","mobile-grid-100","grid-parent","grid-50"],"jetpack_publicize_connections":[],"jetpack_featured_media_url":"","wps_subtitle":"","jetpack_sharing_enabled":true,"_links":{"self":[{"href":"https:\/\/www.hoymercedes.com.ar\/principal\/wp-json\/wp\/v2\/posts\/6434","targetHints":{"allow":["GET"]}}],"collection":[{"href":"https:\/\/www.hoymercedes.com.ar\/principal\/wp-json\/wp\/v2\/posts"}],"about":[{"href":"https:\/\/www.hoymercedes.com.ar\/principal\/wp-json\/wp\/v2\/types\/post"}],"author":[{"embeddable":true,"href":"https:\/\/www.hoymercedes.com.ar\/principal\/wp-json\/wp\/v2\/users\/1"}],"replies":[{"embeddable":true,"href":"https:\/\/www.hoymercedes.com.ar\/principal\/wp-json\/wp\/v2\/comments?post=6434"}],"version-history":[{"count":0,"href":"https:\/\/www.hoymercedes.com.ar\/principal\/wp-json\/wp\/v2\/posts\/6434\/revisions"}],"wp:attachment":[{"href":"https:\/\/www.hoymercedes.com.ar\/principal\/wp-json\/wp\/v2\/media?parent=6434"}],"wp:term":[{"taxonomy":"category","embeddable":true,"href":"https:\/\/www.hoymercedes.com.ar\/principal\/wp-json\/wp\/v2\/categories?post=6434"},{"taxonomy":"post_tag","embeddable":true,"href":"https:\/\/www.hoymercedes.com.ar\/principal\/wp-json\/wp\/v2\/tags?post=6434"}],"curies":[{"name":"wp","href":"https:\/\/api.w.org\/{rel}","templated":true}]}}