{"id":6440,"date":"2011-08-15T03:33:46","date_gmt":"2011-08-15T03:33:46","guid":{"rendered":"http:\/\/www.hoymercedes.com.ar\/principal\/?p=6440"},"modified":"2011-08-15T03:33:46","modified_gmt":"2011-08-15T03:33:46","slug":"faltando-escrutar-siete-mesas-selva-reconocio-su-derrota","status":"publish","type":"post","link":"https:\/\/www.hoymercedes.com.ar\/principal\/2011\/08\/15\/faltando-escrutar-siete-mesas-selva-reconocio-su-derrota\/","title":{"rendered":"Faltando escrutar siete mesas Selva reconoci\u00f3 su derrota"},"content":{"rendered":"<p>El actual intendente Carlos Selva reconoci\u00f3 faltando siete mesa en la primaria efectuada en nuestra ciudad sosteniendo al dirigirse a sus seguidores y a los medios de prensa en su local de 29 casi esquina 22 \u201clo concreto es que falta escrutar siete mesas pero el resultado ya no se puede revertir por lo tanto pensando ya en octubre tendremos que hace esta lectura del mensaje que nos ha dejado la ciudadan\u00eda de Mercedes, tendremos que hacer un serio an\u00e1lisis hacia afuera pero adem\u00e1s hacia adentro y ver que es lo que no hicimos como se debe o al menos como los mercedinos quieren.<\/p>\n<p>De cualquier manera esto nos sigue dando todo el impulso necesario para estar presentes con todo nuestro esfuerzo en octubre.<\/p>\n<p>Por otra pare vamos a solicitar se abran algunas urnas para que se haga un recuento porque llama mucho la atenci\u00f3n que dentro de una elecci\u00f3n muy pareja hay mesas en que existe una diferencia de alrededor de setenta votos y esto no significa que pretendamos desconocer la voluntad del pueblo sino tener la seguridad de lo ocurrido reiterando que la diferencia que ya nos han sacado de casi 600 no se revierte en las siete mesas que faltan computar\u201d.<\/p>\n<p>&nbsp;<\/p>\n","protected":false},"excerpt":{"rendered":"<p>El actual intendente Carlos Selva reconoci\u00f3 faltando siete mesa en la primaria efectuada en nuestra ciudad sosteniendo al dirigirse a &#8230; <a title=\"Faltando escrutar siete mesas Selva reconoci\u00f3 su derrota\" class=\"read-more\" href=\"https:\/\/www.hoymercedes.com.ar\/principal\/2011\/08\/15\/faltando-escrutar-siete-mesas-selva-reconocio-su-derrota\/\" aria-label=\"Leer m\u00e1s sobre Faltando escrutar siete mesas Selva reconoci\u00f3 su derrota\">Leer m\u00e1s<\/a><\/p>\n","protected":false},"author":1,"featured_media":0,"comment_status":"open","ping_status":"open","sticky":false,"template":"","format":"standard","meta":{"_monsterinsights_skip_tracking":false,"_monsterinsights_sitenote_active":false,"_monsterinsights_sitenote_note":"","_monsterinsights_sitenote_category":0,"jetpack_post_was_ever_published":false,"_jetpack_newsletter_access":"","_jetpack_dont_email_post_to_subs":false,"_jetpack_newsletter_tier_id":0,"_jetpack_memberships_contains_paywalled_content":false,"_jetpack_memberships_contains_paid_content":false,"footnotes":"","jetpack_publicize_message":"","jetpack_publicize_feature_enabled":true,"jetpack_social_post_already_shared":false,"jetpack_social_options":{"image_generator_settings":{"template":"highway","default_image_id":0,"font":"","enabled":false},"version":2},"_wpas_customize_per_network":false},"categories":[5],"tags":[957,18],"class_list":["post-6440","post","type-post","status-publish","format-standard","hentry","category-politica","tag-elecciones-2011-2","tag-selva","generate-columns","tablet-grid-50","mobile-grid-100","grid-parent","grid-50"],"jetpack_publicize_connections":[],"jetpack_featured_media_url":"","wps_subtitle":"","jetpack_sharing_enabled":true,"_links":{"self":[{"href":"https:\/\/www.hoymercedes.com.ar\/principal\/wp-json\/wp\/v2\/posts\/6440","targetHints":{"allow":["GET"]}}],"collection":[{"href":"https:\/\/www.hoymercedes.com.ar\/principal\/wp-json\/wp\/v2\/posts"}],"about":[{"href":"https:\/\/www.hoymercedes.com.ar\/principal\/wp-json\/wp\/v2\/types\/post"}],"author":[{"embeddable":true,"href":"https:\/\/www.hoymercedes.com.ar\/principal\/wp-json\/wp\/v2\/users\/1"}],"replies":[{"embeddable":true,"href":"https:\/\/www.hoymercedes.com.ar\/principal\/wp-json\/wp\/v2\/comments?post=6440"}],"version-history":[{"count":0,"href":"https:\/\/www.hoymercedes.com.ar\/principal\/wp-json\/wp\/v2\/posts\/6440\/revisions"}],"wp:attachment":[{"href":"https:\/\/www.hoymercedes.com.ar\/principal\/wp-json\/wp\/v2\/media?parent=6440"}],"wp:term":[{"taxonomy":"category","embeddable":true,"href":"https:\/\/www.hoymercedes.com.ar\/principal\/wp-json\/wp\/v2\/categories?post=6440"},{"taxonomy":"post_tag","embeddable":true,"href":"https:\/\/www.hoymercedes.com.ar\/principal\/wp-json\/wp\/v2\/tags?post=6440"}],"curies":[{"name":"wp","href":"https:\/\/api.w.org\/{rel}","templated":true}]}}