{"id":6443,"date":"2011-08-15T03:35:56","date_gmt":"2011-08-15T03:35:56","guid":{"rendered":"http:\/\/www.hoymercedes.com.ar\/principal\/?p=6443"},"modified":"2011-08-15T03:44:20","modified_gmt":"2011-08-15T03:44:20","slug":"juan-ignacio-ustarroz-convoco-a-todos-los-sectores-de-la-ciudad-a-formar-un-proyecto-politico-superador","status":"publish","type":"post","link":"https:\/\/www.hoymercedes.com.ar\/principal\/2011\/08\/15\/juan-ignacio-ustarroz-convoco-a-todos-los-sectores-de-la-ciudad-a-formar-un-proyecto-politico-superador\/","title":{"rendered":"Juan Ignacio Ustarroz convoc\u00f3 a todos los sectores de la ciudad a formar un proyecto pol\u00edtico superador"},"content":{"rendered":"<p>Conocido oficialmente el reconocimiento de parte de Carlos Selva de la victoria de Juan Ignacio Ustarroz, este en su local de calle 25 casi 16 dialog\u00f3 con los representantes de los medios all\u00ed consignados expresando \u201chemos realizado una elecci\u00f3n excelente producto de un muy buen trabajo con la gente ya que siempre nos propusimos llevarle a la comunidad proyectos y acciones concretas, nunca ca\u00edmos en la l\u00f3gica de la conformidad y la verdad que la ciudadan\u00eda apoyo y apoya muchos de estos proyectos y siempre hemos convocado a todos los sectores pol\u00edticos para que formen parte de un proyecto pol\u00edtico superador.<\/p>\n<p>Sabemos que en mercedes en materia de trabajo, de empleo existe una gran carencia, hay mucha gente desempleada y todos sabemos que el empleo genera en una sociedad una mayor armon\u00eda, a menor tasa de desempleo hay menos problemas de seguridad, y muchas otras cosas.<\/p>\n<p>Nosotros siempre mantuvimos una forma de trabajar que hoy la ciudadan\u00eda lo ha reconocido no obstante nosotros sabemos que estos resultados se dan gracias a un importante equipo de trabajo que d\u00eda a d\u00eda se mueven por toda la ciudad para dar una respuesta a la gente para poder avanzar y mejorar todo aquello que haya que mejorar, y en ese sentido hoy hacemos un llamado y un gran agradecimiento a las personas que han confiado en nuestro proyecto, que han confiado en mi persona y decirles que las puertas del Frente est\u00e1n abiertas para todas aquellas personas que sienten un grana mor por nuestra ciudad.<\/p>\n<p>Nosotros tenemos un concepto de pensamiento muy claro que se expresa a trav\u00e9s de la clara conciencia que primero es Mercedes y llegar a todos los ciudadanos con soluciones en materia de Salud, Educaci\u00f3n, Empleo y sobre todo de desarrollo estrat\u00e9gico de nuestra ciudad.<\/p>\n<p>Reitero que hacemos una invitaci\u00f3n a aquellas personas que todav\u00eda no les ha llegado nuestra propuesta y decirles que vamos a seguir trabajando en le mismo sentido, siempre de la misma manera, siempre con la misma humildad y de la misma manera que nos hemos comunicado hasta el momento con los vecinos\u201d.<\/p>\n","protected":false},"excerpt":{"rendered":"<p>Conocido oficialmente el reconocimiento de parte de Carlos Selva de la victoria de Juan Ignacio Ustarroz, este en su local &#8230; <a title=\"Juan Ignacio Ustarroz convoc\u00f3 a todos los sectores de la ciudad a formar un proyecto pol\u00edtico superador\" class=\"read-more\" href=\"https:\/\/www.hoymercedes.com.ar\/principal\/2011\/08\/15\/juan-ignacio-ustarroz-convoco-a-todos-los-sectores-de-la-ciudad-a-formar-un-proyecto-politico-superador\/\" aria-label=\"Leer m\u00e1s sobre Juan Ignacio Ustarroz convoc\u00f3 a todos los sectores de la ciudad a formar un proyecto pol\u00edtico superador\">Leer m\u00e1s<\/a><\/p>\n","protected":false},"author":1,"featured_media":0,"comment_status":"open","ping_status":"open","sticky":false,"template":"","format":"standard","meta":{"_monsterinsights_skip_tracking":false,"_monsterinsights_sitenote_active":false,"_monsterinsights_sitenote_note":"","_monsterinsights_sitenote_category":0,"jetpack_post_was_ever_published":false,"_jetpack_newsletter_access":"","_jetpack_dont_email_post_to_subs":false,"_jetpack_newsletter_tier_id":0,"_jetpack_memberships_contains_paywalled_content":false,"_jetpack_memberships_contains_paid_content":false,"footnotes":"","jetpack_publicize_message":"","jetpack_publicize_feature_enabled":true,"jetpack_social_post_already_shared":false,"jetpack_social_options":{"image_generator_settings":{"template":"highway","default_image_id":0,"font":"","enabled":false},"version":2},"_wpas_customize_per_network":false},"categories":[5],"tags":[1032,1156,18,424],"class_list":["post-6443","post","type-post","status-publish","format-standard","hentry","category-politica","tag-de-pedro","tag-elecciones-primarias-2011-mercedes","tag-selva","tag-ustarroz","generate-columns","tablet-grid-50","mobile-grid-100","grid-parent","grid-50"],"jetpack_publicize_connections":[],"jetpack_featured_media_url":"","wps_subtitle":"","jetpack_sharing_enabled":true,"_links":{"self":[{"href":"https:\/\/www.hoymercedes.com.ar\/principal\/wp-json\/wp\/v2\/posts\/6443","targetHints":{"allow":["GET"]}}],"collection":[{"href":"https:\/\/www.hoymercedes.com.ar\/principal\/wp-json\/wp\/v2\/posts"}],"about":[{"href":"https:\/\/www.hoymercedes.com.ar\/principal\/wp-json\/wp\/v2\/types\/post"}],"author":[{"embeddable":true,"href":"https:\/\/www.hoymercedes.com.ar\/principal\/wp-json\/wp\/v2\/users\/1"}],"replies":[{"embeddable":true,"href":"https:\/\/www.hoymercedes.com.ar\/principal\/wp-json\/wp\/v2\/comments?post=6443"}],"version-history":[{"count":0,"href":"https:\/\/www.hoymercedes.com.ar\/principal\/wp-json\/wp\/v2\/posts\/6443\/revisions"}],"wp:attachment":[{"href":"https:\/\/www.hoymercedes.com.ar\/principal\/wp-json\/wp\/v2\/media?parent=6443"}],"wp:term":[{"taxonomy":"category","embeddable":true,"href":"https:\/\/www.hoymercedes.com.ar\/principal\/wp-json\/wp\/v2\/categories?post=6443"},{"taxonomy":"post_tag","embeddable":true,"href":"https:\/\/www.hoymercedes.com.ar\/principal\/wp-json\/wp\/v2\/tags?post=6443"}],"curies":[{"name":"wp","href":"https:\/\/api.w.org\/{rel}","templated":true}]}}