{"id":64476,"date":"2017-07-03T00:30:40","date_gmt":"2017-07-03T03:30:40","guid":{"rendered":"http:\/\/www.hoymercedes.com.ar\/principal\/?p=64476"},"modified":"2017-07-03T15:14:03","modified_gmt":"2017-07-03T18:14:03","slug":"en-reserva-con-tres-partidos-de-los-que-se-debian-quedaron-los-clasificados","status":"publish","type":"post","link":"https:\/\/www.hoymercedes.com.ar\/principal\/2017\/07\/03\/en-reserva-con-tres-partidos-de-los-que-se-debian-quedaron-los-clasificados\/","title":{"rendered":"En Reserva, con tres partidos de los que se deb\u00edan quedaron los clasificados"},"content":{"rendered":"<p><strong><em>Tal como se hab\u00eda anticipado, se iban a jugar los partidos que fueran necesarios para saber cuales eran los cuatro clasificados a semifinales, ya que hab\u00eda muchos encuentros suspendidos pero poco tiempo por disputarlos, por lo que la Liga dispuso que este s\u00e1bado se jueguen tres partidos que eran claves por la clasificaci\u00f3n y bastaron para saber quienes son los cuatro mejores que se medir\u00e1n en semifinales.<\/em><\/strong><\/p>\n<p>En este sentido, por la fecha 2, Juventud perdi\u00f3 2 a 1 ante Mercedes, por la 3 Comunicaciones derrot\u00f3 3 a 0 a AMEFIP y V\u00e9lez lo hizo por 5 a 3 a El Front\u00f3n en el postergado de la d\u00e9cima.<\/p>\n<p>&nbsp;<\/p>\n<p><strong>Comunicaciones 3:<\/strong> Mart\u00edn Ag\u00fcero, Juli\u00e1n Ag\u00fcero, Juan Cruz Torres, Iv\u00e1n Pedrazza, Franco Torres, Tom\u00e1s P\u00e9rez, Mart\u00edn Torres, Alejandro Cousse, Elio Serrano, Alexis Sanchez y Joaqu\u00edn Torres. <strong>DT:<\/strong> Julio Torres. <strong>Relevos:<\/strong> Juan Vargas, Mart\u00edn Ag\u00fcero, Diego S\u00e1nchez y \u00c1vila.<\/p>\n<p><strong>AMEFIP San Mart\u00edn 0:<\/strong> Jorge Bartolomeo, Jerem\u00edas Paj\u00f3n, Gabriel Maldonado, Braian Galindre, Mariano Mart\u00edn, Alejandro Decicio, Daniel Paj\u00f3n, Nicol\u00e1s Santana, Walter Paj\u00f3n, Nicol\u00e1s Montenegro y Enzo Mendoza. <strong>DT:<\/strong> Pedro Lucero. <strong>Relevos:<\/strong> Mat\u00edas L\u00f3pez, Franco Ju\u00e1rez, Federico Cabrera, Franco Paj\u00f3n y Lucas Cuello.<\/p>\n<p><strong>Goles:<\/strong> Elio Serrano (2) y Mart\u00edn Ag\u00fcero para Comunicaciones<\/p>\n<p>&nbsp;<\/p>\n<p><strong>Mercedes 2:<\/strong> Nicol\u00e1s Borrasca, Federico Blanco, Tom\u00e1s Lima, Santiago Rossi, Iv\u00e1n G\u00f3mez, Mat\u00edas Valenzuela, Juli\u00e1n Lussello, Gonzalo Volpe, Germ\u00e1n Puliti, Gabriel Rodr\u00edguez y Bautista Neyra. <strong>DT:<\/strong> Mart\u00edn Blanco. <strong>Relevos:<\/strong> Franco Mart\u00ednez, Franco Fredes, Ignacio Vaccarezza y Francisco Silvestre.<\/p>\n<p><strong>Juventud 1:<\/strong> Bautista Aranda, Esteban Rocaman, Esteban Clerice, Juli\u00e1n Gonz\u00e1lez, Seraf\u00edn Iribarne, Alejo Mess\u00eda, Agust\u00edn Uriza, Francisco Cocilovo, Horacio Hern\u00e1ndez, Bladimir Gonz\u00e1lez, Franco Taborda. <strong>DT:<\/strong> Calvo. <strong>Relevos:<\/strong> Estanislao L\u00f3pez y Marcelo Rold\u00e1n.<\/p>\n<p><strong>Goles:<\/strong> Bautista Neyra (2) para Mercedes. Alejo Mess\u00eda para Juventud.<\/p>\n<p>&nbsp;<\/p>\n<p><strong>V\u00e9lez 5:<\/strong> Fausto Ballesteros, Carlos Cousse, Iv\u00e1n Lescano, Agust\u00edn Cuello, Maximiliano Letieri, C\u00e9sar Douat, Luis Giacoy, Maximiliano B\u00e1ez, Luciano Aveni, Sebasti\u00e1n Viola, Enzo Jurado. <strong>DT:<\/strong> Miguel Castro. <strong>Relevos:<\/strong> Fabi\u00e1n Guti\u00e9rrez, Lucas Alfonso y Dante D\u00edaz.<\/p>\n<p><strong>El Front\u00f3n 3:<\/strong> Santiago Curotto, Franco Ladebasse, Tom\u00e1s Sirch, Felipe Dilorenzo, Francisco Lennard, Agust\u00edn Ghessi, Ignacio Leiva, Fernando Quiroga, Pablo Ojeda, Francisco Tallarico, Federico Dinardi. <strong>DT:<\/strong> Ariel Pil\u00eda. <strong>Relevo:<\/strong> Alfonso Yacoy.<\/p>\n<p><strong>Goles:<\/strong> Sebasti\u00e1n Viola (3), Luis Giacoy y Dante D\u00edaz para V\u00e9lez. Pablo Ojeda (2) y Federico Dinardi para El Front\u00f3n.<\/p>\n<p>&nbsp;<\/p>\n<p><img loading=\"lazy\" decoding=\"async\" data-attachment-id=\"64477\" data-permalink=\"https:\/\/www.hoymercedes.com.ar\/principal\/2017\/07\/03\/en-reserva-con-tres-partidos-de-los-que-se-debian-quedaron-los-clasificados\/pos-reserva-24\/#main\" data-orig-file=\"https:\/\/www.hoymercedes.com.ar\/principal\/wp-content\/uploads\/2017\/07\/Pos-Reserva.png\" data-orig-size=\"526,577\" data-comments-opened=\"0\" data-image-meta=\"{&quot;aperture&quot;:&quot;0&quot;,&quot;credit&quot;:&quot;&quot;,&quot;camera&quot;:&quot;&quot;,&quot;caption&quot;:&quot;&quot;,&quot;created_timestamp&quot;:&quot;0&quot;,&quot;copyright&quot;:&quot;&quot;,&quot;focal_length&quot;:&quot;0&quot;,&quot;iso&quot;:&quot;0&quot;,&quot;shutter_speed&quot;:&quot;0&quot;,&quot;title&quot;:&quot;&quot;,&quot;orientation&quot;:&quot;0&quot;}\" data-image-title=\"Pos Reserva\" data-image-description=\"\" data-image-caption=\"\" data-large-file=\"https:\/\/www.hoymercedes.com.ar\/principal\/wp-content\/uploads\/2017\/07\/Pos-Reserva.png\" class=\"aligncenter size-full wp-image-64477\" src=\"https:\/\/www.hoymercedes.com.ar\/principal\/wp-content\/uploads\/2017\/07\/Pos-Reserva.png\" alt=\"\" width=\"526\" height=\"577\" srcset=\"https:\/\/www.hoymercedes.com.ar\/principal\/wp-content\/uploads\/2017\/07\/Pos-Reserva.png 526w, https:\/\/www.hoymercedes.com.ar\/principal\/wp-content\/uploads\/2017\/07\/Pos-Reserva-137x150.png 137w\" sizes=\"auto, (max-width: 526px) 100vw, 526px\" \/><\/p>\n<p>&nbsp;<\/p>\n<p><img loading=\"lazy\" decoding=\"async\" data-attachment-id=\"64478\" data-permalink=\"https:\/\/www.hoymercedes.com.ar\/principal\/2017\/07\/03\/en-reserva-con-tres-partidos-de-los-que-se-debian-quedaron-los-clasificados\/goles-reserva-23\/#main\" data-orig-file=\"https:\/\/www.hoymercedes.com.ar\/principal\/wp-content\/uploads\/2017\/07\/Goles-Reserva.png\" data-orig-size=\"313,467\" data-comments-opened=\"0\" data-image-meta=\"{&quot;aperture&quot;:&quot;0&quot;,&quot;credit&quot;:&quot;&quot;,&quot;camera&quot;:&quot;&quot;,&quot;caption&quot;:&quot;&quot;,&quot;created_timestamp&quot;:&quot;0&quot;,&quot;copyright&quot;:&quot;&quot;,&quot;focal_length&quot;:&quot;0&quot;,&quot;iso&quot;:&quot;0&quot;,&quot;shutter_speed&quot;:&quot;0&quot;,&quot;title&quot;:&quot;&quot;,&quot;orientation&quot;:&quot;0&quot;}\" data-image-title=\"Goles Reserva\" data-image-description=\"\" data-image-caption=\"\" data-large-file=\"https:\/\/www.hoymercedes.com.ar\/principal\/wp-content\/uploads\/2017\/07\/Goles-Reserva.png\" class=\"aligncenter size-full wp-image-64478\" src=\"https:\/\/www.hoymercedes.com.ar\/principal\/wp-content\/uploads\/2017\/07\/Goles-Reserva.png\" alt=\"\" width=\"313\" height=\"467\" srcset=\"https:\/\/www.hoymercedes.com.ar\/principal\/wp-content\/uploads\/2017\/07\/Goles-Reserva.png 313w, https:\/\/www.hoymercedes.com.ar\/principal\/wp-content\/uploads\/2017\/07\/Goles-Reserva-101x150.png 101w\" sizes=\"auto, (max-width: 313px) 100vw, 313px\" \/><\/p>\n","protected":false},"excerpt":{"rendered":"<p>Tal como se hab\u00eda anticipado, se iban a jugar los partidos que fueran necesarios para saber cuales eran los cuatro &#8230; <a title=\"En Reserva, con tres partidos de los que se deb\u00edan quedaron los clasificados\" class=\"read-more\" href=\"https:\/\/www.hoymercedes.com.ar\/principal\/2017\/07\/03\/en-reserva-con-tres-partidos-de-los-que-se-debian-quedaron-los-clasificados\/\" aria-label=\"Leer m\u00e1s sobre En Reserva, con tres partidos de los que se deb\u00edan quedaron los clasificados\">Leer m\u00e1s<\/a><\/p>\n","protected":false},"author":1,"featured_media":64477,"comment_status":"closed","ping_status":"open","sticky":false,"template":"","format":"standard","meta":{"_monsterinsights_skip_tracking":false,"_monsterinsights_sitenote_active":false,"_monsterinsights_sitenote_note":"","_monsterinsights_sitenote_category":0,"jetpack_post_was_ever_published":false,"_jetpack_newsletter_access":"","_jetpack_dont_email_post_to_subs":false,"_jetpack_newsletter_tier_id":0,"_jetpack_memberships_contains_paywalled_content":false,"_jetpack_memberships_contains_paid_content":false,"footnotes":"","jetpack_publicize_message":"","jetpack_publicize_feature_enabled":true,"jetpack_social_post_already_shared":true,"jetpack_social_options":{"image_generator_settings":{"template":"highway","default_image_id":0,"font":"","enabled":false},"version":2},"_wpas_customize_per_network":false},"categories":[21],"tags":[204,1003,1901,10,8775],"class_list":["post-64476","post","type-post","status-publish","format-standard","has-post-thumbnail","hentry","category-deportes","tag-deportes-2","tag-futbol","tag-liga-mercedina","tag-mercedes","tag-reserva","generate-columns","tablet-grid-50","mobile-grid-100","grid-parent","grid-50"],"jetpack_publicize_connections":[],"jetpack_featured_media_url":"https:\/\/www.hoymercedes.com.ar\/principal\/wp-content\/uploads\/2017\/07\/Pos-Reserva.png","wps_subtitle":"Liga Mercedina","jetpack_sharing_enabled":true,"_links":{"self":[{"href":"https:\/\/www.hoymercedes.com.ar\/principal\/wp-json\/wp\/v2\/posts\/64476","targetHints":{"allow":["GET"]}}],"collection":[{"href":"https:\/\/www.hoymercedes.com.ar\/principal\/wp-json\/wp\/v2\/posts"}],"about":[{"href":"https:\/\/www.hoymercedes.com.ar\/principal\/wp-json\/wp\/v2\/types\/post"}],"author":[{"embeddable":true,"href":"https:\/\/www.hoymercedes.com.ar\/principal\/wp-json\/wp\/v2\/users\/1"}],"replies":[{"embeddable":true,"href":"https:\/\/www.hoymercedes.com.ar\/principal\/wp-json\/wp\/v2\/comments?post=64476"}],"version-history":[{"count":0,"href":"https:\/\/www.hoymercedes.com.ar\/principal\/wp-json\/wp\/v2\/posts\/64476\/revisions"}],"wp:featuredmedia":[{"embeddable":true,"href":"https:\/\/www.hoymercedes.com.ar\/principal\/wp-json\/wp\/v2\/media\/64477"}],"wp:attachment":[{"href":"https:\/\/www.hoymercedes.com.ar\/principal\/wp-json\/wp\/v2\/media?parent=64476"}],"wp:term":[{"taxonomy":"category","embeddable":true,"href":"https:\/\/www.hoymercedes.com.ar\/principal\/wp-json\/wp\/v2\/categories?post=64476"},{"taxonomy":"post_tag","embeddable":true,"href":"https:\/\/www.hoymercedes.com.ar\/principal\/wp-json\/wp\/v2\/tags?post=64476"}],"curies":[{"name":"wp","href":"https:\/\/api.w.org\/{rel}","templated":true}]}}