{"id":64545,"date":"2017-07-05T07:35:13","date_gmt":"2017-07-05T10:35:13","guid":{"rendered":"http:\/\/www.hoymercedes.com.ar\/principal\/?p=64545"},"modified":"2017-07-05T10:00:40","modified_gmt":"2017-07-05T13:00:40","slug":"continuan-fuertes-los-trabajos-de-mejoras-y-mantenimientos-del-espacio-publico","status":"publish","type":"post","link":"https:\/\/www.hoymercedes.com.ar\/principal\/2017\/07\/05\/continuan-fuertes-los-trabajos-de-mejoras-y-mantenimientos-del-espacio-publico\/","title":{"rendered":"Contin\u00faan fuertes los trabajos de mejoras y mantenimientos del espacio p\u00fablico"},"content":{"rendered":"<p><img loading=\"lazy\" decoding=\"async\" data-attachment-id=\"64547\" data-permalink=\"https:\/\/www.hoymercedes.com.ar\/principal\/2017\/07\/05\/continuan-fuertes-los-trabajos-de-mejoras-y-mantenimientos-del-espacio-publico\/ustarroz-dematei\/#main\" data-orig-file=\"https:\/\/www.hoymercedes.com.ar\/principal\/wp-content\/uploads\/2017\/07\/Ustarroz-Dematei.jpg\" data-orig-size=\"630,336\" data-comments-opened=\"0\" data-image-meta=\"{&quot;aperture&quot;:&quot;0&quot;,&quot;credit&quot;:&quot;&quot;,&quot;camera&quot;:&quot;&quot;,&quot;caption&quot;:&quot;&quot;,&quot;created_timestamp&quot;:&quot;0&quot;,&quot;copyright&quot;:&quot;&quot;,&quot;focal_length&quot;:&quot;0&quot;,&quot;iso&quot;:&quot;0&quot;,&quot;shutter_speed&quot;:&quot;0&quot;,&quot;title&quot;:&quot;&quot;,&quot;orientation&quot;:&quot;0&quot;}\" data-image-title=\"Ustarroz-Dematei\" data-image-description=\"\" data-image-caption=\"\" data-large-file=\"https:\/\/www.hoymercedes.com.ar\/principal\/wp-content\/uploads\/2017\/07\/Ustarroz-Dematei.jpg\" class=\"aligncenter size-medium wp-image-64547\" src=\"https:\/\/www.hoymercedes.com.ar\/principal\/wp-content\/uploads\/2017\/07\/Ustarroz-Dematei-630x336.jpg\" alt=\"\" width=\"630\" height=\"336\" srcset=\"https:\/\/www.hoymercedes.com.ar\/principal\/wp-content\/uploads\/2017\/07\/Ustarroz-Dematei.jpg 630w, https:\/\/www.hoymercedes.com.ar\/principal\/wp-content\/uploads\/2017\/07\/Ustarroz-Dematei-150x80.jpg 150w\" sizes=\"auto, (max-width: 630px) 100vw, 630px\" \/><\/p>\n<p>El intendente Municipal ponder\u00f3 el gran trabajo que se viene efectuando en el cuidado del espacio p\u00fablico, con amplio beneficio para todos los mercedinos. Desde los ingreso al radio c\u00e9ntrico, las mejoras que tanto impactan en el d\u00eda a d\u00eda que embellecen y enorgullecen a todos los vecinos, \u201cuna ciudad m\u00e1s linda y limpia es algo que nos merecemos\u201d, destac\u00f3 el primer mandatario.<\/p>\n<p>Ustarroz estuvo dialogando con los vecinos y recorri\u00f3 junto a las cuadrillas de limpieza distintas zonas. Lo hizo junto al Presidente del Concejo Deliberante, Mat\u00edas Dematei.<\/p>\n<p>El intendente, en avenida 40, coment\u00f3 que \u00abestamos muy contentos con el trabajo que se viene realizando desde hace tiempo en uno de los ingresos m\u00e1s importantes a la ciudad, un lugar que ya el vecino ha tomado como h\u00e1bito saludable salir a caminar y a trotar y la recuperaci\u00f3n del espacio p\u00fablico es una de las pol\u00edticas que hemos desarrollado. La creaci\u00f3n de la Direcci\u00f3n de Espacios Verdes a cargo de Leo Belforte, que viene haciendo grandes obras en cuanto a paisajismo a embellecimiento y puesta en valor y vemos un espacio natural muy lindo que est\u00e1 siendo cuidado y valorado por la gente\u201d destac\u00f3.<\/p>\n<p>Alicia, una de las vecinas que realiza el camino saludable, aprovech\u00f3 la ocasi\u00f3n para acercarse y dialogar frente a las c\u00e1maras, deseando \u201cesto contin\u00fae. Esto cambio la cara del lugar, nos da justo salir a caminar por las ma\u00f1ana. Yo soy jubilada, estoy grande, pens\u00e9 no iba a ver que se iba a poner tan lindo alg\u00fan d\u00eda\u201d, entre otros conceptos, junto a su amiga, con quien tiene, cont\u00f3 \u201cuna rutina diaria\u201d.<\/p>\n<p>\u201cReci\u00e9n nos comentaba la vecina de lo lindo que estaba y que dan ganas de salir a caminar siendo una real promoci\u00f3n a la salud y el embellecimiento de la ciudad y el agregado de la iluminaci\u00f3n. Este ingreso tiene todas luces led nuevas que nos permite por un lado hacer un ahorro importante de energ\u00eda y por el otro una mejor capacidad de iluminaci\u00f3n y la seguridad en todo este entorno. Esto es replicado en otras \u00e1reas de la ciudad realizada en su totalidad por empleados municipales y\u00a0 para nosotros representa un avance muy importante\u201d<\/p>\n<p>Tambi\u00e9n se destac\u00f3 el avance de la construcci\u00f3n de los \u201chitos\u201d. \u201cSi uno llega a la intersecci\u00f3n de Ruta 5 y Av. 40 se va a encontrar con el desarrollo de uno de los p\u00f3rticos de seguridad que va a cumplir importantes funciones para nuestra ciudad, en termino de seguridad, en termino de control de abasto. Todo esto en conjunto va tomando otro color. Sin olvidar que este p\u00f3rtico de acceso contar\u00e1 con c\u00e1maras de seguridad que registrar\u00e1n quien y entra y qui\u00e9n sale de nuestra ciudad con el Registro de Patentes gracias a la gran inversi\u00f3n que se realiz\u00f3 en el Centro Integral de Protecci\u00f3n\u201d<\/p>\n<p>Por su parte, Mat\u00edas Dematei coment\u00f3 que \u00abPara nosotros es un orgullo ver la transformaci\u00f3n que tuvo la ciudad en este a\u00f1o y medio de gesti\u00f3n lo vemos a diario con los vecinos que remarcan el trabajo que se viene haciendo, es un municipio que no ha parado, que se lo ha visto muy activo y eso la gente lo ve\u201d destac\u00f3 el concejal y remarc\u00f3 que \u201cuno que forma parte del Legislativo, acompa\u00f1amos al intendente en todo lo que ha hecho sabiendo que es el camino correcto, vamos a seguir trasformando la ciudad y trabajando fuertemente\u00bb\u00a0 afirm\u00f3.<\/p>\n<p><span style=\"color: #808080;\">Fuente: Prensa Municipal<\/span><\/p>\n","protected":false},"excerpt":{"rendered":"<p>El intendente Municipal ponder\u00f3 el gran trabajo que se viene efectuando en el cuidado del espacio p\u00fablico, con amplio beneficio &#8230; <a title=\"Contin\u00faan fuertes los trabajos de mejoras y mantenimientos del espacio p\u00fablico\" class=\"read-more\" href=\"https:\/\/www.hoymercedes.com.ar\/principal\/2017\/07\/05\/continuan-fuertes-los-trabajos-de-mejoras-y-mantenimientos-del-espacio-publico\/\" aria-label=\"Leer m\u00e1s sobre Contin\u00faan fuertes los trabajos de mejoras y mantenimientos del espacio p\u00fablico\">Leer m\u00e1s<\/a><\/p>\n","protected":false},"author":1,"featured_media":64548,"comment_status":"closed","ping_status":"open","sticky":false,"template":"","format":"standard","meta":{"_monsterinsights_skip_tracking":false,"_monsterinsights_sitenote_active":false,"_monsterinsights_sitenote_note":"","_monsterinsights_sitenote_category":0,"jetpack_post_was_ever_published":false,"_jetpack_newsletter_access":"","_jetpack_dont_email_post_to_subs":false,"_jetpack_newsletter_tier_id":0,"_jetpack_memberships_contains_paywalled_content":false,"_jetpack_memberships_contains_paid_content":false,"footnotes":"","jetpack_publicize_message":"","jetpack_publicize_feature_enabled":true,"jetpack_social_post_already_shared":true,"jetpack_social_options":{"image_generator_settings":{"template":"highway","default_image_id":0,"font":"","enabled":false},"version":2},"_wpas_customize_per_network":false},"categories":[30],"tags":[11458,6798,10,244,8628],"class_list":["post-64545","post","type-post","status-publish","format-standard","has-post-thumbnail","hentry","category-municipio","tag-ciudad-limpia","tag-limpieza","tag-mercedes","tag-municipio-2","tag-servicios-publicos","generate-columns","tablet-grid-50","mobile-grid-100","grid-parent","grid-50"],"jetpack_publicize_connections":[],"jetpack_featured_media_url":"https:\/\/www.hoymercedes.com.ar\/principal\/wp-content\/uploads\/2017\/07\/vecina.jpg","wps_subtitle":"Ciudad limpia","jetpack_sharing_enabled":true,"_links":{"self":[{"href":"https:\/\/www.hoymercedes.com.ar\/principal\/wp-json\/wp\/v2\/posts\/64545","targetHints":{"allow":["GET"]}}],"collection":[{"href":"https:\/\/www.hoymercedes.com.ar\/principal\/wp-json\/wp\/v2\/posts"}],"about":[{"href":"https:\/\/www.hoymercedes.com.ar\/principal\/wp-json\/wp\/v2\/types\/post"}],"author":[{"embeddable":true,"href":"https:\/\/www.hoymercedes.com.ar\/principal\/wp-json\/wp\/v2\/users\/1"}],"replies":[{"embeddable":true,"href":"https:\/\/www.hoymercedes.com.ar\/principal\/wp-json\/wp\/v2\/comments?post=64545"}],"version-history":[{"count":0,"href":"https:\/\/www.hoymercedes.com.ar\/principal\/wp-json\/wp\/v2\/posts\/64545\/revisions"}],"wp:featuredmedia":[{"embeddable":true,"href":"https:\/\/www.hoymercedes.com.ar\/principal\/wp-json\/wp\/v2\/media\/64548"}],"wp:attachment":[{"href":"https:\/\/www.hoymercedes.com.ar\/principal\/wp-json\/wp\/v2\/media?parent=64545"}],"wp:term":[{"taxonomy":"category","embeddable":true,"href":"https:\/\/www.hoymercedes.com.ar\/principal\/wp-json\/wp\/v2\/categories?post=64545"},{"taxonomy":"post_tag","embeddable":true,"href":"https:\/\/www.hoymercedes.com.ar\/principal\/wp-json\/wp\/v2\/tags?post=64545"}],"curies":[{"name":"wp","href":"https:\/\/api.w.org\/{rel}","templated":true}]}}