{"id":64656,"date":"2017-07-07T17:15:18","date_gmt":"2017-07-07T20:15:18","guid":{"rendered":"http:\/\/www.hoymercedes.com.ar\/principal\/?p=64656"},"modified":"2017-07-07T16:09:17","modified_gmt":"2017-07-07T19:09:17","slug":"futbol-femenino-tercer-puesto-para-el-equipo-de-la-unidad-n-5","status":"publish","type":"post","link":"https:\/\/www.hoymercedes.com.ar\/principal\/2017\/07\/07\/futbol-femenino-tercer-puesto-para-el-equipo-de-la-unidad-n-5\/","title":{"rendered":"Futbol Femenino: Tercer puesto para el equipo de la Unidad N\u00b0 5"},"content":{"rendered":"<p>Durante los meses de mayo y junio se disput\u00f3 por zonas el Torneo \u00abGran Prix\u00bb Anual Deportivo Penitenciario, en el marco del d\u00eda del Agente Penitenciario que se celebra el 16 de julio. All\u00ed los penitenciarios compiten en distintos deportes y actividades.<\/p>\n<p>El equipo femenino de la Unidad Penitenciaria N\u00b0 5 de Mercedes gan\u00f3 en Jun\u00edn donde se disputaron los partidos del Complejo Penitenciario Norte, y fueron a jugar la final en la ciudad de La Plata, en la Escuela de Cadetes, donde se encontraban los equipos ganadores de todas las Unidades de la Provincia.<\/p>\n<p><img loading=\"lazy\" decoding=\"async\" data-attachment-id=\"64657\" data-permalink=\"https:\/\/www.hoymercedes.com.ar\/principal\/2017\/07\/07\/futbol-femenino-tercer-puesto-para-el-equipo-de-la-unidad-n-5\/07-futbol-femenino-1\/#main\" data-orig-file=\"https:\/\/www.hoymercedes.com.ar\/principal\/wp-content\/uploads\/2017\/07\/07-futbol-femenino-1.jpg\" data-orig-size=\"630,420\" data-comments-opened=\"0\" data-image-meta=\"{&quot;aperture&quot;:&quot;0&quot;,&quot;credit&quot;:&quot;&quot;,&quot;camera&quot;:&quot;&quot;,&quot;caption&quot;:&quot;&quot;,&quot;created_timestamp&quot;:&quot;0&quot;,&quot;copyright&quot;:&quot;&quot;,&quot;focal_length&quot;:&quot;0&quot;,&quot;iso&quot;:&quot;0&quot;,&quot;shutter_speed&quot;:&quot;0&quot;,&quot;title&quot;:&quot;&quot;,&quot;orientation&quot;:&quot;0&quot;}\" data-image-title=\"07 futbol femenino 1\" data-image-description=\"\" data-image-caption=\"\" data-large-file=\"https:\/\/www.hoymercedes.com.ar\/principal\/wp-content\/uploads\/2017\/07\/07-futbol-femenino-1.jpg\" class=\"aligncenter size-medium wp-image-64657\" src=\"https:\/\/www.hoymercedes.com.ar\/principal\/wp-content\/uploads\/2017\/07\/07-futbol-femenino-1-630x420.jpg\" alt=\"\" width=\"630\" height=\"420\" srcset=\"https:\/\/www.hoymercedes.com.ar\/principal\/wp-content\/uploads\/2017\/07\/07-futbol-femenino-1.jpg 630w, https:\/\/www.hoymercedes.com.ar\/principal\/wp-content\/uploads\/2017\/07\/07-futbol-femenino-1-150x100.jpg 150w, https:\/\/www.hoymercedes.com.ar\/principal\/wp-content\/uploads\/2017\/07\/07-futbol-femenino-1-300x200.jpg 300w\" sizes=\"auto, (max-width: 630px) 100vw, 630px\" \/><\/p>\n<p>Durante dos d\u00edas disputaron cinco partidos, ya que fueron divididas nuevamente en zona A y B, y los primeros puestos, jugaron finales, siendo el 1\u00ba puesto para la Unidad de Mar del Plata, 2\u00ba puesto para Bah\u00eda Blanca y\u00a03\u00ba para el personal femenino de la Unidad 5 de Mercedes.<\/p>\n<p>Las jugadoras fueron la Subprefecto Paola Barraza, Subalcaide Vanesa D\u00edaz, Subalcaide Jana Sequeira, Adjutor Mar\u00eda Luz Chapuis, Cabo 1\u00ba Vanesa Macho y Cabo 1\u00ba Lucero Romina. Las acompa\u00f1o el docente de Educaci\u00f3n F\u00edsica de la Unidad Mart\u00edn Borzalino.<\/p>\n<p>En su vuelta a la Unidad han recibido felicitaciones de las autoridades, del personal y aplausos de sus compa\u00f1eros. El trofeo logrado se exhibe en la Oficina de Personal, ya que es un orgullo que hayan tenido tan buen desempe\u00f1o.<\/p>\n<p>Fuente: Prensa Unidad 5<\/p>\n<p><img loading=\"lazy\" decoding=\"async\" data-attachment-id=\"64658\" data-permalink=\"https:\/\/www.hoymercedes.com.ar\/principal\/2017\/07\/07\/futbol-femenino-tercer-puesto-para-el-equipo-de-la-unidad-n-5\/07-futbol-femenino-2\/#main\" data-orig-file=\"https:\/\/www.hoymercedes.com.ar\/principal\/wp-content\/uploads\/2017\/07\/07-futbol-femenino-2.jpg\" data-orig-size=\"630,472\" data-comments-opened=\"0\" data-image-meta=\"{&quot;aperture&quot;:&quot;0&quot;,&quot;credit&quot;:&quot;&quot;,&quot;camera&quot;:&quot;&quot;,&quot;caption&quot;:&quot;&quot;,&quot;created_timestamp&quot;:&quot;0&quot;,&quot;copyright&quot;:&quot;&quot;,&quot;focal_length&quot;:&quot;0&quot;,&quot;iso&quot;:&quot;0&quot;,&quot;shutter_speed&quot;:&quot;0&quot;,&quot;title&quot;:&quot;&quot;,&quot;orientation&quot;:&quot;0&quot;}\" data-image-title=\"07 futbol femenino 2\" data-image-description=\"\" data-image-caption=\"\" data-large-file=\"https:\/\/www.hoymercedes.com.ar\/principal\/wp-content\/uploads\/2017\/07\/07-futbol-femenino-2.jpg\" class=\"aligncenter size-medium wp-image-64658\" src=\"https:\/\/www.hoymercedes.com.ar\/principal\/wp-content\/uploads\/2017\/07\/07-futbol-femenino-2-630x472.jpg\" alt=\"\" width=\"630\" height=\"472\" srcset=\"https:\/\/www.hoymercedes.com.ar\/principal\/wp-content\/uploads\/2017\/07\/07-futbol-femenino-2.jpg 630w, https:\/\/www.hoymercedes.com.ar\/principal\/wp-content\/uploads\/2017\/07\/07-futbol-femenino-2-150x112.jpg 150w\" sizes=\"auto, (max-width: 630px) 100vw, 630px\" \/><\/p>\n","protected":false},"excerpt":{"rendered":"<p>Durante los meses de mayo y junio se disput\u00f3 por zonas el Torneo \u00abGran Prix\u00bb Anual Deportivo Penitenciario, en el &#8230; <a title=\"Futbol Femenino: Tercer puesto para el equipo de la Unidad N\u00b0 5\" class=\"read-more\" href=\"https:\/\/www.hoymercedes.com.ar\/principal\/2017\/07\/07\/futbol-femenino-tercer-puesto-para-el-equipo-de-la-unidad-n-5\/\" aria-label=\"Leer m\u00e1s sobre Futbol Femenino: Tercer puesto para el equipo de la Unidad N\u00b0 5\">Leer m\u00e1s<\/a><\/p>\n","protected":false},"author":1,"featured_media":64658,"comment_status":"closed","ping_status":"open","sticky":false,"template":"","format":"standard","meta":{"_monsterinsights_skip_tracking":false,"_monsterinsights_sitenote_active":false,"_monsterinsights_sitenote_note":"","_monsterinsights_sitenote_category":0,"jetpack_post_was_ever_published":false,"_jetpack_newsletter_access":"","_jetpack_dont_email_post_to_subs":false,"_jetpack_newsletter_tier_id":0,"_jetpack_memberships_contains_paywalled_content":false,"_jetpack_memberships_contains_paid_content":false,"footnotes":"","jetpack_publicize_message":"","jetpack_publicize_feature_enabled":true,"jetpack_social_post_already_shared":true,"jetpack_social_options":{"image_generator_settings":{"template":"highway","default_image_id":0,"font":"","enabled":false},"version":2},"_wpas_customize_per_network":false},"categories":[21],"tags":[204,895,10,8987],"class_list":["post-64656","post","type-post","status-publish","format-standard","has-post-thumbnail","hentry","category-deportes","tag-deportes-2","tag-futbol-femenino","tag-mercedes","tag-unidad-penitenciaria-no-5","generate-columns","tablet-grid-50","mobile-grid-100","grid-parent","grid-50"],"jetpack_publicize_connections":[],"jetpack_featured_media_url":"https:\/\/www.hoymercedes.com.ar\/principal\/wp-content\/uploads\/2017\/07\/07-futbol-femenino-2.jpg","wps_subtitle":"Torneo del personal penitenciario","jetpack_sharing_enabled":true,"_links":{"self":[{"href":"https:\/\/www.hoymercedes.com.ar\/principal\/wp-json\/wp\/v2\/posts\/64656","targetHints":{"allow":["GET"]}}],"collection":[{"href":"https:\/\/www.hoymercedes.com.ar\/principal\/wp-json\/wp\/v2\/posts"}],"about":[{"href":"https:\/\/www.hoymercedes.com.ar\/principal\/wp-json\/wp\/v2\/types\/post"}],"author":[{"embeddable":true,"href":"https:\/\/www.hoymercedes.com.ar\/principal\/wp-json\/wp\/v2\/users\/1"}],"replies":[{"embeddable":true,"href":"https:\/\/www.hoymercedes.com.ar\/principal\/wp-json\/wp\/v2\/comments?post=64656"}],"version-history":[{"count":0,"href":"https:\/\/www.hoymercedes.com.ar\/principal\/wp-json\/wp\/v2\/posts\/64656\/revisions"}],"wp:featuredmedia":[{"embeddable":true,"href":"https:\/\/www.hoymercedes.com.ar\/principal\/wp-json\/wp\/v2\/media\/64658"}],"wp:attachment":[{"href":"https:\/\/www.hoymercedes.com.ar\/principal\/wp-json\/wp\/v2\/media?parent=64656"}],"wp:term":[{"taxonomy":"category","embeddable":true,"href":"https:\/\/www.hoymercedes.com.ar\/principal\/wp-json\/wp\/v2\/categories?post=64656"},{"taxonomy":"post_tag","embeddable":true,"href":"https:\/\/www.hoymercedes.com.ar\/principal\/wp-json\/wp\/v2\/tags?post=64656"}],"curies":[{"name":"wp","href":"https:\/\/api.w.org\/{rel}","templated":true}]}}