{"id":64670,"date":"2017-07-12T14:00:27","date_gmt":"2017-07-12T17:00:27","guid":{"rendered":"http:\/\/www.hoymercedes.com.ar\/principal\/?p=64670"},"modified":"2017-07-28T11:43:39","modified_gmt":"2017-07-28T14:43:39","slug":"vacaciones-de-invierno-en-el-museo-de-arte","status":"publish","type":"post","link":"https:\/\/www.hoymercedes.com.ar\/principal\/2017\/07\/12\/vacaciones-de-invierno-en-el-museo-de-arte\/","title":{"rendered":"Vacaciones de Invierno en el Museo de Arte"},"content":{"rendered":"<div dir=\"ltr\">\n<p>A pocos d\u00edas de iniciarse \u00ablas vacaciones de invierno\u00bb, el\u00a0Museo de Arte \u00abMunicipalidad de Mercedes\u00bb ofrecer\u00e1 distintas actividades destinadas a los m\u00e1s chicos durante el receso invernal del mes de julio. Hay que tener en cuenta que algunas de las actividades para los ni\u00f1os son con inscripci\u00f3n previa y cupo limitado.<\/p>\n<p>A modo de anticipo el MAMM dio a conocer cu\u00e1les ser\u00e1n las actividades:<\/p>\n<p>&#8211; Lunes 17, Mi\u00e9rcoles 19, Lunes 24 y Mi\u00e9rcoles 26 \u2013 De 15 a 17 hs. Taller de Pl\u00e1stica, a cargo de la Prof.\u00a0 De Artes Pl\u00e1sticas Anabel Pi\u00f1eiro. A trav\u00e9s de un clima l\u00fadico y de distensi\u00f3n, se incentivar\u00e1 el desarrollo de la capacidad creativa de los ni\u00f1os, experimentando con diversas t\u00e9cnicas y materiales (m\u00e1scaras, tintas naturales, estampas con polifan, aguada) estimulando los conocimientos que cada uno trae y promoviendo la cooperaci\u00f3n y el respeto entre ellos. Para ni\u00f1os de 6 a 10 a\u00f1os. Previa inscripci\u00f3n. Cupo limitado.<\/p>\n<p>&#8211; Martes 18 y 26. 15 hs. \u201cArqui-Kid\u201d, taller de arquitectura para ni\u00f1os, a cargo de Susana Lofiego. Construcci\u00f3n de casitas y edificaciones con materiales l\u00fadicos. Para ni\u00f1os de 6 a 11 a\u00f1os. Previa inscripci\u00f3n. Cupo limitado.<\/p>\n<p>&#8211; Jueves 20 y 27 \u2013 16 hs. Cine de Animaci\u00f3n, coordinado por Lucho Andujar (Dise\u00f1ador Gr\u00e1fico). Proyecci\u00f3n de pel\u00edculas. Entrada libre y gratuita.<\/p>\n<p>&#8211; Viernes 28 \u2013 15 hs. Taller de Esculturas Gigantes, a cargo de Susana Lofiego. Armado de esculturas a escala real, utilizando papel y distintos soportes. Para ni\u00f1os de 6 a 11 a\u00f1os. Previa inscripci\u00f3n. Cupo limitado.<\/p>\n<p>&#8211; Viernes 21 \u2013 18 hs. Teatro. \u201cVagaMundo\u201d Un espect\u00e1culo que entra por los ojos y te desarma el alma. Un dibujo animado de carne y hueso, imperfectamente bello.\u00a0Juan Guiraud artista de circo y de teatro f\u00edsico ha trabajado en m\u00faltiples espect\u00e1culos viajando por el mundo. Esta vez con VagaMundo, su nueva creaci\u00f3n, nos invita a viajar con \u00e9l. Con un lenguaje predominantemente f\u00edsico y a trav\u00e9s del dominio de diferentes t\u00e9cnicas y disciplinas, nos sumerge en diferentes mundos, enredados, torpes, po\u00e9ticos y profundos.\u00a0Vagamundos, un viaje para despertar conciencias y crear c\u00f3mplices de la vida surreal.\u00a0Menores de 12 a\u00f1os $100 \u2013 Mayores de 12 a\u00f1os $120 \u2013 Mayores de 12 a\u00f1os Socios del AAMAMM (Asoc. Amigos del MAMM) $100<\/p>\n<p>Fuente: MAMM<\/p>\n<\/div>\n","protected":false},"excerpt":{"rendered":"<p>A pocos d\u00edas de iniciarse \u00ablas vacaciones de invierno\u00bb, el\u00a0Museo de Arte \u00abMunicipalidad de Mercedes\u00bb ofrecer\u00e1 distintas actividades destinadas a &#8230; <a title=\"Vacaciones de Invierno en el Museo de Arte\" class=\"read-more\" href=\"https:\/\/www.hoymercedes.com.ar\/principal\/2017\/07\/12\/vacaciones-de-invierno-en-el-museo-de-arte\/\" aria-label=\"Leer m\u00e1s sobre Vacaciones de Invierno en el Museo de Arte\">Leer m\u00e1s<\/a><\/p>\n","protected":false},"author":1,"featured_media":64671,"comment_status":"closed","ping_status":"open","sticky":false,"template":"","format":"standard","meta":{"_monsterinsights_skip_tracking":false,"_monsterinsights_sitenote_active":false,"_monsterinsights_sitenote_note":"","_monsterinsights_sitenote_category":0,"jetpack_post_was_ever_published":false,"_jetpack_newsletter_access":"","_jetpack_dont_email_post_to_subs":false,"_jetpack_newsletter_tier_id":0,"_jetpack_memberships_contains_paywalled_content":false,"_jetpack_memberships_contains_paid_content":false,"footnotes":"","jetpack_publicize_message":"","jetpack_publicize_feature_enabled":true,"jetpack_social_post_already_shared":true,"jetpack_social_options":{"image_generator_settings":{"template":"highway","default_image_id":0,"font":"","enabled":false},"version":2},"_wpas_customize_per_network":false},"categories":[104],"tags":[1734,7805,8674,10,8642,7629],"class_list":["post-64670","post","type-post","status-publish","format-standard","has-post-thumbnail","hentry","category-cultura","tag-ciudad-2","tag-cultura","tag-mamm","tag-mercedes","tag-programacion","tag-vacaciones-de-invierno","generate-columns","tablet-grid-50","mobile-grid-100","grid-parent","grid-50"],"jetpack_publicize_connections":[],"jetpack_featured_media_url":"https:\/\/www.hoymercedes.com.ar\/principal\/wp-content\/uploads\/2017\/07\/10-MAMM.jpg","wps_subtitle":"","jetpack_sharing_enabled":true,"_links":{"self":[{"href":"https:\/\/www.hoymercedes.com.ar\/principal\/wp-json\/wp\/v2\/posts\/64670","targetHints":{"allow":["GET"]}}],"collection":[{"href":"https:\/\/www.hoymercedes.com.ar\/principal\/wp-json\/wp\/v2\/posts"}],"about":[{"href":"https:\/\/www.hoymercedes.com.ar\/principal\/wp-json\/wp\/v2\/types\/post"}],"author":[{"embeddable":true,"href":"https:\/\/www.hoymercedes.com.ar\/principal\/wp-json\/wp\/v2\/users\/1"}],"replies":[{"embeddable":true,"href":"https:\/\/www.hoymercedes.com.ar\/principal\/wp-json\/wp\/v2\/comments?post=64670"}],"version-history":[{"count":0,"href":"https:\/\/www.hoymercedes.com.ar\/principal\/wp-json\/wp\/v2\/posts\/64670\/revisions"}],"wp:featuredmedia":[{"embeddable":true,"href":"https:\/\/www.hoymercedes.com.ar\/principal\/wp-json\/wp\/v2\/media\/64671"}],"wp:attachment":[{"href":"https:\/\/www.hoymercedes.com.ar\/principal\/wp-json\/wp\/v2\/media?parent=64670"}],"wp:term":[{"taxonomy":"category","embeddable":true,"href":"https:\/\/www.hoymercedes.com.ar\/principal\/wp-json\/wp\/v2\/categories?post=64670"},{"taxonomy":"post_tag","embeddable":true,"href":"https:\/\/www.hoymercedes.com.ar\/principal\/wp-json\/wp\/v2\/tags?post=64670"}],"curies":[{"name":"wp","href":"https:\/\/api.w.org\/{rel}","templated":true}]}}