{"id":64676,"date":"2017-07-09T10:18:43","date_gmt":"2017-07-09T13:18:43","guid":{"rendered":"http:\/\/www.hoymercedes.com.ar\/principal\/?p=64676"},"modified":"2017-07-07T19:25:53","modified_gmt":"2017-07-07T22:25:53","slug":"proyecto-migra-teatro-y-circo-en-la-vacaciones-de-invierno","status":"publish","type":"post","link":"https:\/\/www.hoymercedes.com.ar\/principal\/2017\/07\/09\/proyecto-migra-teatro-y-circo-en-la-vacaciones-de-invierno\/","title":{"rendered":"Proyecto Migra: Teatro y Circo en la vacaciones de invierno"},"content":{"rendered":"<p>El grupo del Proyecto Migra llega a Mercedes para las vacaciones de invierno. Recorre todo el pa\u00eds con su carpa y sus n\u00fameros, promoviendo la federalizaci\u00f3n del arte.\u00a0Durante las vacaciones de invierno habr\u00e1 espect\u00e1culos de todo tipo y para toda la familia. La Direcci\u00f3n de Cultura Municipal junto a los equipos de sus diversos espacios art\u00edsticos, ha trabajado en una grilla repleta de ideas para los m\u00e1s chicos y tambi\u00e9n para el p\u00fablico en general.<\/p>\n<p><img loading=\"lazy\" decoding=\"async\" data-attachment-id=\"64677\" data-permalink=\"https:\/\/www.hoymercedes.com.ar\/principal\/2017\/07\/09\/proyecto-migra-teatro-y-circo-en-la-vacaciones-de-invierno\/09-proyecto-migra-03\/#main\" data-orig-file=\"https:\/\/www.hoymercedes.com.ar\/principal\/wp-content\/uploads\/2017\/07\/09-Proyecto-Migra-03.jpg\" data-orig-size=\"630,419\" data-comments-opened=\"0\" data-image-meta=\"{&quot;aperture&quot;:&quot;0&quot;,&quot;credit&quot;:&quot;Alberto Brescia&quot;,&quot;camera&quot;:&quot;&quot;,&quot;caption&quot;:&quot;&quot;,&quot;created_timestamp&quot;:&quot;0&quot;,&quot;copyright&quot;:&quot;Alberto Brescia&quot;,&quot;focal_length&quot;:&quot;0&quot;,&quot;iso&quot;:&quot;0&quot;,&quot;shutter_speed&quot;:&quot;0&quot;,&quot;title&quot;:&quot;&quot;,&quot;orientation&quot;:&quot;0&quot;}\" data-image-title=\"09 Proyecto Migra 03\" data-image-description=\"\" data-image-caption=\"\" data-large-file=\"https:\/\/www.hoymercedes.com.ar\/principal\/wp-content\/uploads\/2017\/07\/09-Proyecto-Migra-03.jpg\" class=\"aligncenter size-medium wp-image-64677\" src=\"https:\/\/www.hoymercedes.com.ar\/principal\/wp-content\/uploads\/2017\/07\/09-Proyecto-Migra-03-630x419.jpg\" alt=\"\" width=\"630\" height=\"419\" srcset=\"https:\/\/www.hoymercedes.com.ar\/principal\/wp-content\/uploads\/2017\/07\/09-Proyecto-Migra-03.jpg 630w, https:\/\/www.hoymercedes.com.ar\/principal\/wp-content\/uploads\/2017\/07\/09-Proyecto-Migra-03-150x100.jpg 150w, https:\/\/www.hoymercedes.com.ar\/principal\/wp-content\/uploads\/2017\/07\/09-Proyecto-Migra-03-300x200.jpg 300w\" sizes=\"auto, (max-width: 630px) 100vw, 630px\" \/><\/p>\n<p>Uno de los n\u00fameros m\u00e1s atractivos es el \u201cProyecto Migra\u201d, una carpa de circo que encierra un Centro Cultural Itinerante, comandado por un grupo de artistas que expresan su talento en cada funci\u00f3n. Un teatro en movimiento que viaja por todo el pa\u00eds y que completa la capacidad de espectadores en cada funci\u00f3n. Y, por otro lado,\u00a0 propone un espacio abierto a toda la comunidad, que promueva el intercambio cultural, la formaci\u00f3n art\u00edstica, descentralizaci\u00f3n y la federalizaci\u00f3n del arte.<\/p>\n<p>En nuestra ciudad, se presentar\u00e1 en el predio del Complejo Cultural La Trocha del lunes 24 al domingo 30 de julio desde la hora 14. All\u00ed el p\u00fablico podr\u00e1 disfrutar de una programaci\u00f3n multidisciplinaria.<\/p>\n<p>\u201cPara nosotros este tipo de propuestas son fundamentales, darle la posibilidad a las familias de tener ofertas culturales para disfrutar juntos y que se pueda estar de manera gratuita\u201d, coment\u00f3 Juan Ignacio Ustarroz y destac\u00f3 que \u201cnuestra Trocha, que recuperamos para todos los vecinos, sigue siendo escenario de excelentes atractivos\u201d.<\/p>\n<p>Fuente: Prensa Municipal<\/p>\n","protected":false},"excerpt":{"rendered":"<p>El grupo del Proyecto Migra llega a Mercedes para las vacaciones de invierno. Recorre todo el pa\u00eds con su carpa &#8230; <a title=\"Proyecto Migra: Teatro y Circo en la vacaciones de invierno\" class=\"read-more\" href=\"https:\/\/www.hoymercedes.com.ar\/principal\/2017\/07\/09\/proyecto-migra-teatro-y-circo-en-la-vacaciones-de-invierno\/\" aria-label=\"Leer m\u00e1s sobre Proyecto Migra: Teatro y Circo en la vacaciones de invierno\">Leer m\u00e1s<\/a><\/p>\n","protected":false},"author":1,"featured_media":64677,"comment_status":"closed","ping_status":"open","sticky":false,"template":"","format":"standard","meta":{"_monsterinsights_skip_tracking":false,"_monsterinsights_sitenote_active":false,"_monsterinsights_sitenote_note":"","_monsterinsights_sitenote_category":0,"jetpack_post_was_ever_published":false,"_jetpack_newsletter_access":"","_jetpack_dont_email_post_to_subs":false,"_jetpack_newsletter_tier_id":0,"_jetpack_memberships_contains_paywalled_content":false,"_jetpack_memberships_contains_paid_content":false,"footnotes":"","jetpack_publicize_message":"","jetpack_publicize_feature_enabled":true,"jetpack_social_post_already_shared":true,"jetpack_social_options":{"image_generator_settings":{"template":"highway","default_image_id":0,"font":"","enabled":false},"version":2},"_wpas_customize_per_network":false},"categories":[104],"tags":[10940,7805,11486,7629],"class_list":["post-64676","post","type-post","status-publish","format-standard","has-post-thumbnail","hentry","category-cultura","tag-centro-cultural-la-trocha","tag-cultura","tag-proyecto-migra","tag-vacaciones-de-invierno","generate-columns","tablet-grid-50","mobile-grid-100","grid-parent","grid-50"],"jetpack_publicize_connections":[],"jetpack_featured_media_url":"https:\/\/www.hoymercedes.com.ar\/principal\/wp-content\/uploads\/2017\/07\/09-Proyecto-Migra-03.jpg","wps_subtitle":"En La Trocha","jetpack_sharing_enabled":true,"_links":{"self":[{"href":"https:\/\/www.hoymercedes.com.ar\/principal\/wp-json\/wp\/v2\/posts\/64676","targetHints":{"allow":["GET"]}}],"collection":[{"href":"https:\/\/www.hoymercedes.com.ar\/principal\/wp-json\/wp\/v2\/posts"}],"about":[{"href":"https:\/\/www.hoymercedes.com.ar\/principal\/wp-json\/wp\/v2\/types\/post"}],"author":[{"embeddable":true,"href":"https:\/\/www.hoymercedes.com.ar\/principal\/wp-json\/wp\/v2\/users\/1"}],"replies":[{"embeddable":true,"href":"https:\/\/www.hoymercedes.com.ar\/principal\/wp-json\/wp\/v2\/comments?post=64676"}],"version-history":[{"count":0,"href":"https:\/\/www.hoymercedes.com.ar\/principal\/wp-json\/wp\/v2\/posts\/64676\/revisions"}],"wp:featuredmedia":[{"embeddable":true,"href":"https:\/\/www.hoymercedes.com.ar\/principal\/wp-json\/wp\/v2\/media\/64677"}],"wp:attachment":[{"href":"https:\/\/www.hoymercedes.com.ar\/principal\/wp-json\/wp\/v2\/media?parent=64676"}],"wp:term":[{"taxonomy":"category","embeddable":true,"href":"https:\/\/www.hoymercedes.com.ar\/principal\/wp-json\/wp\/v2\/categories?post=64676"},{"taxonomy":"post_tag","embeddable":true,"href":"https:\/\/www.hoymercedes.com.ar\/principal\/wp-json\/wp\/v2\/tags?post=64676"}],"curies":[{"name":"wp","href":"https:\/\/api.w.org\/{rel}","templated":true}]}}