{"id":6468,"date":"2011-08-16T02:35:59","date_gmt":"2011-08-16T02:35:59","guid":{"rendered":"http:\/\/www.hoymercedes.com.ar\/principal\/?p=6468"},"modified":"2011-08-16T02:35:59","modified_gmt":"2011-08-16T02:35:59","slug":"se-estrena-en-mercedes-la-pelicula-%e2%80%9crevolucion-el-cruce-de-los-andes%e2%80%9d-2","status":"publish","type":"post","link":"https:\/\/www.hoymercedes.com.ar\/principal\/2011\/08\/16\/se-estrena-en-mercedes-la-pelicula-%e2%80%9crevolucion-el-cruce-de-los-andes%e2%80%9d-2\/","title":{"rendered":"Se estrena en Mercedes la pel\u00edcula \u201cRevoluci\u00f3n,  el cruce de los Andes\u201d"},"content":{"rendered":"<p>El mi\u00e9rcoles 17 de agosto llega al Centro Cultural Julio C. Gioscio una nueva producci\u00f3n cinematogr\u00e1fica sin precedentes, realizada en el marco de la celebraci\u00f3n del Bicentenario.<\/p>\n<p>El film, protagonizado por el actor Rodrigo de la Serna y con la direcci\u00f3n de Leandro Ipi\u00f1a, es una producci\u00f3n conjunta de la Televisi\u00f3n P\u00fablica, Canal Encuentro y el INCAA, con el apoyo de la Televisi\u00f3n espa\u00f1ola (TVE) y del Gobierno de la Provincia de San Juan, que se enfoca en aspectos in\u00e9ditos de la personalidad del pr\u00f3cer.<\/p>\n<p>La pel\u00edcula Revoluci\u00f3n. El Cruce de los Andes, redescubre la figura de uno de los hombres m\u00e1s importantes de nuestra historia, el Gral. Jos\u00e9 de San Mart\u00edn y reconstruye la gesta \u00e9pica m\u00e1s trascendente en la liberaci\u00f3n de Latinoam\u00e9rica.<\/p>\n<p>Filmada en escenarios naturales, el equipo de producci\u00f3n estuvo integrado por m\u00e1s de cien t\u00e9cnicos, actores y extras, que se compenetraron con en el paisaje cordillerano del pueblo de Barreal en la provincia de San Juan, para poder captar con el mayor realismo posible, la esencia misma de la cruzada libertadora.<\/p>\n<p>El Cruce de los Andes es considerado uno de los grandes hitos de la historia argentina, particularmente de las Guerras de la Independencia as\u00ed como tambi\u00e9n, una de las mayores haza\u00f1as de la historia militar universal. El Gral. Jos\u00e9 de San Mart\u00edn y su Ej\u00e9rcito atravesaron la cordillera de los Andes desde la regi\u00f3n de Cuyo hasta Chile para enfrentar a las tropas de la corona espa\u00f1ola que all\u00ed se encontraban.<\/p>\n<p>La proyecci\u00f3n de la pel\u00edcula se har\u00e1 en forma totalmente gratuita el d\u00eda 17 de Agosto a las 10:20 horas e el Centro Cultural Teatro Julio C. Gioscio<\/p>\n<p><span style=\"color: #888888;\">Fuente: MM<\/span><\/p>\n","protected":false},"excerpt":{"rendered":"<p>El mi\u00e9rcoles 17 de agosto llega al Centro Cultural Julio C. Gioscio una nueva producci\u00f3n cinematogr\u00e1fica sin precedentes, realizada en &#8230; <a title=\"Se estrena en Mercedes la pel\u00edcula \u201cRevoluci\u00f3n,  el cruce de los Andes\u201d\" class=\"read-more\" href=\"https:\/\/www.hoymercedes.com.ar\/principal\/2011\/08\/16\/se-estrena-en-mercedes-la-pelicula-%e2%80%9crevolucion-el-cruce-de-los-andes%e2%80%9d-2\/\" aria-label=\"Leer m\u00e1s sobre Se estrena en Mercedes la pel\u00edcula \u201cRevoluci\u00f3n,  el cruce de los Andes\u201d\">Leer m\u00e1s<\/a><\/p>\n","protected":false},"author":1,"featured_media":0,"comment_status":"open","ping_status":"open","sticky":false,"template":"","format":"standard","meta":{"_monsterinsights_skip_tracking":false,"_monsterinsights_sitenote_active":false,"_monsterinsights_sitenote_note":"","_monsterinsights_sitenote_category":0,"jetpack_post_was_ever_published":false,"_jetpack_newsletter_access":"","_jetpack_dont_email_post_to_subs":false,"_jetpack_newsletter_tier_id":0,"_jetpack_memberships_contains_paywalled_content":false,"_jetpack_memberships_contains_paid_content":false,"footnotes":"","jetpack_publicize_message":"","jetpack_publicize_feature_enabled":true,"jetpack_social_post_already_shared":false,"jetpack_social_options":{"image_generator_settings":{"template":"highway","default_image_id":0,"font":"","enabled":false},"version":2},"_wpas_customize_per_network":false},"categories":[8],"tags":[1158,10,714],"class_list":["post-6468","post","type-post","status-publish","format-standard","hentry","category-sociedad","tag-cruce-de-los-andes","tag-mercedes","tag-teatro-julio-cesar-gioscio","generate-columns","tablet-grid-50","mobile-grid-100","grid-parent","grid-50"],"jetpack_publicize_connections":[],"jetpack_featured_media_url":"","wps_subtitle":"","jetpack_sharing_enabled":true,"_links":{"self":[{"href":"https:\/\/www.hoymercedes.com.ar\/principal\/wp-json\/wp\/v2\/posts\/6468","targetHints":{"allow":["GET"]}}],"collection":[{"href":"https:\/\/www.hoymercedes.com.ar\/principal\/wp-json\/wp\/v2\/posts"}],"about":[{"href":"https:\/\/www.hoymercedes.com.ar\/principal\/wp-json\/wp\/v2\/types\/post"}],"author":[{"embeddable":true,"href":"https:\/\/www.hoymercedes.com.ar\/principal\/wp-json\/wp\/v2\/users\/1"}],"replies":[{"embeddable":true,"href":"https:\/\/www.hoymercedes.com.ar\/principal\/wp-json\/wp\/v2\/comments?post=6468"}],"version-history":[{"count":0,"href":"https:\/\/www.hoymercedes.com.ar\/principal\/wp-json\/wp\/v2\/posts\/6468\/revisions"}],"wp:attachment":[{"href":"https:\/\/www.hoymercedes.com.ar\/principal\/wp-json\/wp\/v2\/media?parent=6468"}],"wp:term":[{"taxonomy":"category","embeddable":true,"href":"https:\/\/www.hoymercedes.com.ar\/principal\/wp-json\/wp\/v2\/categories?post=6468"},{"taxonomy":"post_tag","embeddable":true,"href":"https:\/\/www.hoymercedes.com.ar\/principal\/wp-json\/wp\/v2\/tags?post=6468"}],"curies":[{"name":"wp","href":"https:\/\/api.w.org\/{rel}","templated":true}]}}