{"id":64715,"date":"2017-07-09T19:17:30","date_gmt":"2017-07-09T22:17:30","guid":{"rendered":"http:\/\/www.hoymercedes.com.ar\/principal\/?p=64715"},"modified":"2017-07-09T18:24:11","modified_gmt":"2017-07-09T21:24:11","slug":"nueva-comision-directiva-en-la-sociedad-de-fomento-del-santa-teresita","status":"publish","type":"post","link":"https:\/\/www.hoymercedes.com.ar\/principal\/2017\/07\/09\/nueva-comision-directiva-en-la-sociedad-de-fomento-del-santa-teresita\/","title":{"rendered":"Nueva Comisi\u00f3n Directiva en la Sociedad de Fomento del Santa Teresita"},"content":{"rendered":"<p>En el barrio Santa Teresita se conform\u00f3 una nueva comisi\u00f3n de vecinos para conducir su Sociedad de Fomento.\u00a0Facundo Maldonado es el nuevo presidente y Fabi\u00e1n Brandoni su Secretario General. El resto de los integrantes del equipo de trabajo est\u00e1 compuesto por Secretario Actas, Karina Barrientos, Tesorer\u00eda, Mariana Letieri, Vocales Titulares, H\u00e9ctor Tasisto, Mat\u00edas Palmientieri, Nicol\u00e1s Abate, Suplentes, Marcelo Herrera, Luis Zalazar, In\u00e9s Pacheco.<\/p>\n<p><img loading=\"lazy\" decoding=\"async\" data-attachment-id=\"64716\" data-permalink=\"https:\/\/www.hoymercedes.com.ar\/principal\/2017\/07\/09\/nueva-comision-directiva-en-la-sociedad-de-fomento-del-santa-teresita\/09-santateresita\/#main\" data-orig-file=\"https:\/\/www.hoymercedes.com.ar\/principal\/wp-content\/uploads\/2017\/07\/09-SantaTeresita.jpeg\" data-orig-size=\"630,436\" data-comments-opened=\"0\" data-image-meta=\"{&quot;aperture&quot;:&quot;0&quot;,&quot;credit&quot;:&quot;&quot;,&quot;camera&quot;:&quot;&quot;,&quot;caption&quot;:&quot;&quot;,&quot;created_timestamp&quot;:&quot;0&quot;,&quot;copyright&quot;:&quot;&quot;,&quot;focal_length&quot;:&quot;0&quot;,&quot;iso&quot;:&quot;0&quot;,&quot;shutter_speed&quot;:&quot;0&quot;,&quot;title&quot;:&quot;&quot;,&quot;orientation&quot;:&quot;0&quot;}\" data-image-title=\"09 SantaTeresita\" data-image-description=\"\" data-image-caption=\"\" data-large-file=\"https:\/\/www.hoymercedes.com.ar\/principal\/wp-content\/uploads\/2017\/07\/09-SantaTeresita.jpeg\" class=\"aligncenter size-medium wp-image-64716\" src=\"https:\/\/www.hoymercedes.com.ar\/principal\/wp-content\/uploads\/2017\/07\/09-SantaTeresita-630x436.jpeg\" alt=\"\" width=\"630\" height=\"436\" srcset=\"https:\/\/www.hoymercedes.com.ar\/principal\/wp-content\/uploads\/2017\/07\/09-SantaTeresita.jpeg 630w, https:\/\/www.hoymercedes.com.ar\/principal\/wp-content\/uploads\/2017\/07\/09-SantaTeresita-150x104.jpeg 150w\" sizes=\"auto, (max-width: 630px) 100vw, 630px\" \/><\/p>\n<p>De acuerdo a la informaci\u00f3n elevada la Sociedad de Fomento \u00abcontinuar\u00e1 haciendo crecer el barrio, gestionar en pos de los vecinos sabiendo que cuenta con el apoyo institucional de la Comuna y de sus vecinos ya que existe un indudable objetivo: el bien com\u00fan, destacaron\u00bb.<\/p>\n<p>\u00abLa novedad permite continuar el fuerte trabajo que vienen realizando junto a la Municipalidad en varios aspectos, siendo destacado el rol del PROEBA que all\u00ed tiene una de sus sedes con un invalorable apoyo a las familias, los chicos y a la inclusi\u00f3n educativa\u00bb, agregan.<\/p>\n<p>Es as\u00ed que este s\u00e1bado se concret\u00f3 una actividad \u00a0con a participaci\u00f3n del Programa de Educaci\u00f3n Barrial que coordina Florencia Comalini y que convoca a los m\u00e1s peque\u00f1os del barrio. All\u00ed tambi\u00e9n desde Desarrollo Social efectuaron aportes valiosos como estufa, elementos comestibles para la merienda y de cocina para poder brindar una atenci\u00f3n integral.<\/p>\n<p>Fuente: Prensa Municipal<\/p>\n","protected":false},"excerpt":{"rendered":"<p>En el barrio Santa Teresita se conform\u00f3 una nueva comisi\u00f3n de vecinos para conducir su Sociedad de Fomento.\u00a0Facundo Maldonado es &#8230; <a title=\"Nueva Comisi\u00f3n Directiva en la Sociedad de Fomento del Santa Teresita\" class=\"read-more\" href=\"https:\/\/www.hoymercedes.com.ar\/principal\/2017\/07\/09\/nueva-comision-directiva-en-la-sociedad-de-fomento-del-santa-teresita\/\" aria-label=\"Leer m\u00e1s sobre Nueva Comisi\u00f3n Directiva en la Sociedad de Fomento del Santa Teresita\">Leer m\u00e1s<\/a><\/p>\n","protected":false},"author":1,"featured_media":64716,"comment_status":"closed","ping_status":"open","sticky":false,"template":"","format":"standard","meta":{"_monsterinsights_skip_tracking":false,"_monsterinsights_sitenote_active":false,"_monsterinsights_sitenote_note":"","_monsterinsights_sitenote_category":0,"jetpack_post_was_ever_published":false,"_jetpack_newsletter_access":"","_jetpack_dont_email_post_to_subs":false,"_jetpack_newsletter_tier_id":0,"_jetpack_memberships_contains_paywalled_content":false,"_jetpack_memberships_contains_paid_content":false,"footnotes":"","jetpack_publicize_message":"","jetpack_publicize_feature_enabled":true,"jetpack_social_post_already_shared":true,"jetpack_social_options":{"image_generator_settings":{"template":"highway","default_image_id":0,"font":"","enabled":false},"version":2},"_wpas_customize_per_network":false},"categories":[10615],"tags":[3428,600,1734,9411,10],"class_list":["post-64715","post","type-post","status-publish","format-standard","has-post-thumbnail","hentry","category-barrios","tag-barrio-santa-teresita","tag-barrios","tag-ciudad-2","tag-comision-directiva","tag-mercedes","generate-columns","tablet-grid-50","mobile-grid-100","grid-parent","grid-50"],"jetpack_publicize_connections":[],"jetpack_featured_media_url":"https:\/\/www.hoymercedes.com.ar\/principal\/wp-content\/uploads\/2017\/07\/09-SantaTeresita.jpeg","wps_subtitle":"Barrios de la ciudad","jetpack_sharing_enabled":true,"_links":{"self":[{"href":"https:\/\/www.hoymercedes.com.ar\/principal\/wp-json\/wp\/v2\/posts\/64715","targetHints":{"allow":["GET"]}}],"collection":[{"href":"https:\/\/www.hoymercedes.com.ar\/principal\/wp-json\/wp\/v2\/posts"}],"about":[{"href":"https:\/\/www.hoymercedes.com.ar\/principal\/wp-json\/wp\/v2\/types\/post"}],"author":[{"embeddable":true,"href":"https:\/\/www.hoymercedes.com.ar\/principal\/wp-json\/wp\/v2\/users\/1"}],"replies":[{"embeddable":true,"href":"https:\/\/www.hoymercedes.com.ar\/principal\/wp-json\/wp\/v2\/comments?post=64715"}],"version-history":[{"count":0,"href":"https:\/\/www.hoymercedes.com.ar\/principal\/wp-json\/wp\/v2\/posts\/64715\/revisions"}],"wp:featuredmedia":[{"embeddable":true,"href":"https:\/\/www.hoymercedes.com.ar\/principal\/wp-json\/wp\/v2\/media\/64716"}],"wp:attachment":[{"href":"https:\/\/www.hoymercedes.com.ar\/principal\/wp-json\/wp\/v2\/media?parent=64715"}],"wp:term":[{"taxonomy":"category","embeddable":true,"href":"https:\/\/www.hoymercedes.com.ar\/principal\/wp-json\/wp\/v2\/categories?post=64715"},{"taxonomy":"post_tag","embeddable":true,"href":"https:\/\/www.hoymercedes.com.ar\/principal\/wp-json\/wp\/v2\/tags?post=64715"}],"curies":[{"name":"wp","href":"https:\/\/api.w.org\/{rel}","templated":true}]}}