{"id":64762,"date":"2017-07-10T17:29:35","date_gmt":"2017-07-10T20:29:35","guid":{"rendered":"http:\/\/www.hoymercedes.com.ar\/principal\/?p=64762"},"modified":"2017-07-10T16:35:50","modified_gmt":"2017-07-10T19:35:50","slug":"docentes-de-la-unlu-reclaman-la-sancion-de-la-ley-de-humedales","status":"publish","type":"post","link":"https:\/\/www.hoymercedes.com.ar\/principal\/2017\/07\/10\/docentes-de-la-unlu-reclaman-la-sancion-de-la-ley-de-humedales\/","title":{"rendered":"Docentes de la UNLu reclaman la sanci\u00f3n de la Ley de Humedales"},"content":{"rendered":"<p>Docentes de la UNLu que participan en el Observatorio de Humedales Delta en el marco del Programa de Investigaci\u00f3n\u00a0\u00abMovimientos Populares, Educaci\u00f3n y Producci\u00f3n de Conocimientos\u00bb\u00a0reclaman junto a otras organizaciones la sanci\u00f3n de la Ley de Humedales.<\/p>\n<p>Este observatorio fue convocado y promovido por la Cooperativa Isla Esperanza con la que trabajaron entre 2009 y 2012 en un libro que recopila el oficio de los junqueros.<\/p>\n<p>\u201cEn este marco, estamos transitando una etapa de nuestro trabajo orientada a profundizar la indagaci\u00f3n a trav\u00e9s de la observaci\u00f3n y la video grabaci\u00f3n, entrevistas etnogr\u00e1ficas y an\u00e1lisis de documentos\u201d, indicaron.<\/p>\n<p>El 13 de julio realizar\u00e1n una jornada de autoformaci\u00f3n entre los integrantes del observatorio, como parte de una tarea que integra a docentes y estudiantes del Departamento de Educaci\u00f3n. Estas organizaciones junto a otras del territorio nacional est\u00e1n trabajando desde hace tiempo en la sanci\u00f3n de una ley de humedales.<\/p>\n<p>\u00abUna vez m\u00e1s, la obra m\u00e1s postergada es la ley de humedales, que corre serio riesgo de volver a ser frenada en Diputados a pesar de que hoy ya est\u00e1 clar\u00edsimo que cualquier da\u00f1o ambiental es un crimen social y econ\u00f3mico que perjudica a la econom\u00eda del pa\u00eds\u00bb, explic\u00f3 Franco Segesso, del Observatorio de Humedales Delta, en\u00a0declaraciones al diario La Capital.<\/p>\n<p>&nbsp;<\/p>\n<p>Fuente: Prensa UNLu<\/p>\n","protected":false},"excerpt":{"rendered":"<p>Docentes de la UNLu que participan en el Observatorio de Humedales Delta en el marco del Programa de Investigaci\u00f3n\u00a0\u00abMovimientos Populares, &#8230; <a title=\"Docentes de la UNLu reclaman la sanci\u00f3n de la Ley de Humedales\" class=\"read-more\" href=\"https:\/\/www.hoymercedes.com.ar\/principal\/2017\/07\/10\/docentes-de-la-unlu-reclaman-la-sancion-de-la-ley-de-humedales\/\" aria-label=\"Leer m\u00e1s sobre Docentes de la UNLu reclaman la sanci\u00f3n de la Ley de Humedales\">Leer m\u00e1s<\/a><\/p>\n","protected":false},"author":1,"featured_media":64763,"comment_status":"closed","ping_status":"open","sticky":false,"template":"","format":"standard","meta":{"_monsterinsights_skip_tracking":false,"_monsterinsights_sitenote_active":false,"_monsterinsights_sitenote_note":"","_monsterinsights_sitenote_category":0,"jetpack_post_was_ever_published":false,"_jetpack_newsletter_access":"","_jetpack_dont_email_post_to_subs":false,"_jetpack_newsletter_tier_id":0,"_jetpack_memberships_contains_paywalled_content":false,"_jetpack_memberships_contains_paid_content":false,"footnotes":"","jetpack_publicize_message":"","jetpack_publicize_feature_enabled":true,"jetpack_social_post_already_shared":true,"jetpack_social_options":{"image_generator_settings":{"template":"highway","default_image_id":0,"font":"","enabled":false},"version":2},"_wpas_customize_per_network":false},"categories":[23,5501],"tags":[47,2311,9322,402,54],"class_list":["post-64762","post","type-post","status-publish","format-standard","has-post-thumbnail","hentry","category-educacion","category-region","tag-educacion-2","tag-humedales","tag-region","tag-rio-lujan","tag-unlu","generate-columns","tablet-grid-50","mobile-grid-100","grid-parent","grid-50"],"jetpack_publicize_connections":[],"jetpack_featured_media_url":"https:\/\/www.hoymercedes.com.ar\/principal\/wp-content\/uploads\/2017\/07\/10-humedales.jpg","wps_subtitle":"Favoreciendo a la regi\u00f3n","jetpack_sharing_enabled":true,"_links":{"self":[{"href":"https:\/\/www.hoymercedes.com.ar\/principal\/wp-json\/wp\/v2\/posts\/64762","targetHints":{"allow":["GET"]}}],"collection":[{"href":"https:\/\/www.hoymercedes.com.ar\/principal\/wp-json\/wp\/v2\/posts"}],"about":[{"href":"https:\/\/www.hoymercedes.com.ar\/principal\/wp-json\/wp\/v2\/types\/post"}],"author":[{"embeddable":true,"href":"https:\/\/www.hoymercedes.com.ar\/principal\/wp-json\/wp\/v2\/users\/1"}],"replies":[{"embeddable":true,"href":"https:\/\/www.hoymercedes.com.ar\/principal\/wp-json\/wp\/v2\/comments?post=64762"}],"version-history":[{"count":0,"href":"https:\/\/www.hoymercedes.com.ar\/principal\/wp-json\/wp\/v2\/posts\/64762\/revisions"}],"wp:featuredmedia":[{"embeddable":true,"href":"https:\/\/www.hoymercedes.com.ar\/principal\/wp-json\/wp\/v2\/media\/64763"}],"wp:attachment":[{"href":"https:\/\/www.hoymercedes.com.ar\/principal\/wp-json\/wp\/v2\/media?parent=64762"}],"wp:term":[{"taxonomy":"category","embeddable":true,"href":"https:\/\/www.hoymercedes.com.ar\/principal\/wp-json\/wp\/v2\/categories?post=64762"},{"taxonomy":"post_tag","embeddable":true,"href":"https:\/\/www.hoymercedes.com.ar\/principal\/wp-json\/wp\/v2\/tags?post=64762"}],"curies":[{"name":"wp","href":"https:\/\/api.w.org\/{rel}","templated":true}]}}