{"id":64848,"date":"2017-07-13T13:00:00","date_gmt":"2017-07-13T16:00:00","guid":{"rendered":"http:\/\/www.hoymercedes.com.ar\/principal\/?p=64848"},"modified":"2017-07-13T09:36:57","modified_gmt":"2017-07-13T12:36:57","slug":"el-municipio-avanza-con-los-vecinos-el-proyecto-de-crear-un-polo-sanitario-en-barrio-guemes","status":"publish","type":"post","link":"https:\/\/www.hoymercedes.com.ar\/principal\/2017\/07\/13\/el-municipio-avanza-con-los-vecinos-el-proyecto-de-crear-un-polo-sanitario-en-barrio-guemes\/","title":{"rendered":"El Municipio avanza con los vecinos el proyecto de crear un polo sanitario en Barrio G\u00fcemes"},"content":{"rendered":"<figure id=\"attachment_64849\" aria-describedby=\"caption-attachment-64849\" style=\"width: 620px\" class=\"wp-caption aligncenter\"><img loading=\"lazy\" decoding=\"async\" data-attachment-id=\"64849\" data-permalink=\"https:\/\/www.hoymercedes.com.ar\/principal\/2017\/07\/13\/el-municipio-avanza-con-los-vecinos-el-proyecto-de-crear-un-polo-sanitario-en-barrio-guemes\/reunionguemes\/#main\" data-orig-file=\"https:\/\/www.hoymercedes.com.ar\/principal\/wp-content\/uploads\/2017\/07\/Reuni\u00f3nGuemes.jpeg\" data-orig-size=\"1280,720\" data-comments-opened=\"0\" data-image-meta=\"{&quot;aperture&quot;:&quot;0&quot;,&quot;credit&quot;:&quot;&quot;,&quot;camera&quot;:&quot;&quot;,&quot;caption&quot;:&quot;&quot;,&quot;created_timestamp&quot;:&quot;0&quot;,&quot;copyright&quot;:&quot;&quot;,&quot;focal_length&quot;:&quot;0&quot;,&quot;iso&quot;:&quot;0&quot;,&quot;shutter_speed&quot;:&quot;0&quot;,&quot;title&quot;:&quot;&quot;,&quot;orientation&quot;:&quot;0&quot;}\" data-image-title=\"Reuni\u00f3nGuemes\" data-image-description=\"\" data-image-caption=\"\" data-large-file=\"https:\/\/www.hoymercedes.com.ar\/principal\/wp-content\/uploads\/2017\/07\/Reuni\u00f3nGuemes-1024x576.jpeg\" class=\"wp-image-64849 size-medium\" src=\"https:\/\/www.hoymercedes.com.ar\/principal\/wp-content\/uploads\/2017\/07\/Reuni\u00f3nGuemes-630x354.jpeg\" alt=\"\" width=\"630\" height=\"354\" srcset=\"https:\/\/www.hoymercedes.com.ar\/principal\/wp-content\/uploads\/2017\/07\/Reuni\u00f3nGuemes-630x354.jpeg 630w, https:\/\/www.hoymercedes.com.ar\/principal\/wp-content\/uploads\/2017\/07\/Reuni\u00f3nGuemes-150x84.jpeg 150w, https:\/\/www.hoymercedes.com.ar\/principal\/wp-content\/uploads\/2017\/07\/Reuni\u00f3nGuemes-1024x576.jpeg 1024w, https:\/\/www.hoymercedes.com.ar\/principal\/wp-content\/uploads\/2017\/07\/Reuni\u00f3nGuemes.jpeg 1280w\" sizes=\"auto, (max-width: 630px) 100vw, 630px\" \/><figcaption id=\"caption-attachment-64849\" class=\"wp-caption-text\">Encuentro con vecinos exponiendo planos<\/figcaption><\/figure>\n<p>La Municipalidad contin\u00faa trabajando en su propuesta de mejorar las prestaciones sanitarias en el Barrio G\u00fcemes para beneficio de toda la zona. Pablo Cassiani se reuni\u00f3 con integrantes de la Sociedad de Fomento representando al Intendente Ustarroz quien tiempo atr\u00e1s hab\u00eda anunciado la modificaci\u00f3n estructural.<\/p>\n<p>Las autoridades, encabezados por su presidente Omar Moriconi, fueron parte el valioso encuentro.<\/p>\n<p>\u201cHemos expuesto nuestra propuesta para realizar una obra tanto en el CAPS como en la Sociedad de Fomento, con modelos de planos y llevarlo de actualmente con un consultorio a seis sectores de atenci\u00f3n generando un verdadero polo de salud desde el barrio\u201d, sostuvo Pablo Cassiani, Secretario de Salud de la Comuna.<\/p>\n<p>Es muy importante destacar que adem\u00e1s se mejorar\u00e1n las cuestiones vinculadas a la electricidad y de gas para el lugar. \u201cAs\u00ed como tambi\u00e9n es significativo remarcar que el CAPS G\u00fcemes es el \u00fanico ubicado dentro del radio de la zona denominada cuatro avenidas\u201d, remarc\u00f3 Cassiani lo cual \u201cSer\u00e1 un polo sanitario para el casco hist\u00f3rico de la ciudad\u201d.<\/p>\n<p>La reuni\u00f3n fue muy positiva, generando gran satisfacci\u00f3n para la barriada y una expectativa l\u00f3gica dado que se trata de la posibilidad de construir un verdadero centro sanitario nacido desde la esfera municipal. Este CAPS obtuvo su habilitaci\u00f3n final este a\u00f1o tras arduas gestiones a nivel provincial.<\/p>\n<p>La noticia tiene una gran significaci\u00f3n dado que es un firme paso para continuar construyendo un sistema de salud local que beneficie a todos los vecinos. El CAPS y la Sociedad de Fomento se encuentra en calle 45 entre 28 y 26, al lado del a primera plaza inclusiva hace unos meses inaugurada.<\/p>\n<p>&nbsp;<\/p>\n<p><span style=\"color: #808080;\">Fuente: Prensa Municipal<\/span><\/p>\n","protected":false},"excerpt":{"rendered":"<p>La Municipalidad contin\u00faa trabajando en su propuesta de mejorar las prestaciones sanitarias en el Barrio G\u00fcemes para beneficio de toda &#8230; <a title=\"El Municipio avanza con los vecinos el proyecto de crear un polo sanitario en Barrio G\u00fcemes\" class=\"read-more\" href=\"https:\/\/www.hoymercedes.com.ar\/principal\/2017\/07\/13\/el-municipio-avanza-con-los-vecinos-el-proyecto-de-crear-un-polo-sanitario-en-barrio-guemes\/\" aria-label=\"Leer m\u00e1s sobre El Municipio avanza con los vecinos el proyecto de crear un polo sanitario en Barrio G\u00fcemes\">Leer m\u00e1s<\/a><\/p>\n","protected":false},"author":1,"featured_media":64849,"comment_status":"closed","ping_status":"open","sticky":false,"template":"","format":"standard","meta":{"_monsterinsights_skip_tracking":false,"_monsterinsights_sitenote_active":false,"_monsterinsights_sitenote_note":"","_monsterinsights_sitenote_category":0,"jetpack_post_was_ever_published":false,"_jetpack_newsletter_access":"","_jetpack_dont_email_post_to_subs":false,"_jetpack_newsletter_tier_id":0,"_jetpack_memberships_contains_paywalled_content":false,"_jetpack_memberships_contains_paid_content":false,"footnotes":"","jetpack_publicize_message":"","jetpack_publicize_feature_enabled":true,"jetpack_social_post_already_shared":true,"jetpack_social_options":{"image_generator_settings":{"template":"highway","default_image_id":0,"font":"","enabled":false},"version":2},"_wpas_customize_per_network":false},"categories":[30,9791],"tags":[2596,585,4650,8529],"class_list":["post-64848","post","type-post","status-publish","format-standard","has-post-thumbnail","hentry","category-municipio","category-salud","tag-barrio-guemes","tag-juan-ustarroz","tag-pablo-cassiani","tag-secretaria-de-salud","generate-columns","tablet-grid-50","mobile-grid-100","grid-parent","grid-50"],"jetpack_publicize_connections":[],"jetpack_featured_media_url":"https:\/\/www.hoymercedes.com.ar\/principal\/wp-content\/uploads\/2017\/07\/Reuni\u00f3nGuemes.jpeg","wps_subtitle":"Beneficio sanitario","jetpack_sharing_enabled":true,"_links":{"self":[{"href":"https:\/\/www.hoymercedes.com.ar\/principal\/wp-json\/wp\/v2\/posts\/64848","targetHints":{"allow":["GET"]}}],"collection":[{"href":"https:\/\/www.hoymercedes.com.ar\/principal\/wp-json\/wp\/v2\/posts"}],"about":[{"href":"https:\/\/www.hoymercedes.com.ar\/principal\/wp-json\/wp\/v2\/types\/post"}],"author":[{"embeddable":true,"href":"https:\/\/www.hoymercedes.com.ar\/principal\/wp-json\/wp\/v2\/users\/1"}],"replies":[{"embeddable":true,"href":"https:\/\/www.hoymercedes.com.ar\/principal\/wp-json\/wp\/v2\/comments?post=64848"}],"version-history":[{"count":0,"href":"https:\/\/www.hoymercedes.com.ar\/principal\/wp-json\/wp\/v2\/posts\/64848\/revisions"}],"wp:featuredmedia":[{"embeddable":true,"href":"https:\/\/www.hoymercedes.com.ar\/principal\/wp-json\/wp\/v2\/media\/64849"}],"wp:attachment":[{"href":"https:\/\/www.hoymercedes.com.ar\/principal\/wp-json\/wp\/v2\/media?parent=64848"}],"wp:term":[{"taxonomy":"category","embeddable":true,"href":"https:\/\/www.hoymercedes.com.ar\/principal\/wp-json\/wp\/v2\/categories?post=64848"},{"taxonomy":"post_tag","embeddable":true,"href":"https:\/\/www.hoymercedes.com.ar\/principal\/wp-json\/wp\/v2\/tags?post=64848"}],"curies":[{"name":"wp","href":"https:\/\/api.w.org\/{rel}","templated":true}]}}