{"id":64874,"date":"2017-07-15T10:17:56","date_gmt":"2017-07-15T13:17:56","guid":{"rendered":"http:\/\/www.hoymercedes.com.ar\/principal\/?p=64874"},"modified":"2017-07-14T22:56:44","modified_gmt":"2017-07-15T01:56:44","slug":"cultura-y-deportes-actividades-gratis-para-las-vacaciones-de-invierno","status":"publish","type":"post","link":"https:\/\/www.hoymercedes.com.ar\/principal\/2017\/07\/15\/cultura-y-deportes-actividades-gratis-para-las-vacaciones-de-invierno\/","title":{"rendered":"Cultura y Deportes: Actividades gratis para las vacaciones de invierno"},"content":{"rendered":"<p style=\"text-align: left;\"><strong><em>La Municipalidad de Mercedes ofrece actividades culturales y deportivas en los distintos espacios comunales. El Teatro Argentino, el <a href=\"https:\/\/www.hoymercedes.com.ar\/principal\/2017\/07\/13\/vacaciones-de-invierno-en-el-museo-miguez\/\" target=\"_blank\" rel=\"noopener\">Museo M\u00edguez<\/a>, el <a href=\"https:\/\/www.hoymercedes.com.ar\/principal\/2017\/07\/13\/vacaciones-de-invierno-en-el-museo-de-ciencias-naturales\/\" target=\"_blank\" rel=\"noopener\">Museo Carlos Ameghino<\/a>, el <a href=\"https:\/\/www.hoymercedes.com.ar\/principal\/2017\/07\/12\/vacaciones-de-invierno-en-el-museo-de-arte\/\" target=\"_blank\" rel=\"noopener\">MAMM<\/a>, el CEF N\u00b0 40, y La Trocha tendr\u00e1n propuestas gratuitas en deferentes horarios. La zona rural tambi\u00e9n tendr\u00e1 actividades los distintos d\u00edas.\u00a0<\/em><\/strong><\/p>\n<p>La primera parte del a\u00f1o lectivo termin\u00f3. El lunes comienza formalmente el receso escolar, las conocidas y esperadas Vacaciones de Invierno. Sabido es que las familias buscan propuestas para que los m\u00e1s peque\u00f1os se entretengan durante estos d\u00edas. Desde la Municipalidad de Mercedes presentaron la oferta que desde la comuna se proponen para los pr\u00f3ximos quince d\u00edas en los espacios culturales y deportivos.<\/p>\n<p>A trav\u00e9s de un encuentro con los medios, el intendente municipal, Juan Ignacio Uistarroz junto al Presidente del Concejo Deliberante Mat\u00edas Dematei, a la Directora de Cultura Luc\u00eda Capaccio, al Director de Deportes Juan Mart\u00edn Silvestre y el el responsable del Centro Cultural La Trocha Javier Lennard, dieron cuenta de las m\u00faltiples actividades para que las familias disfruten de las vacaciones de invierno, actividades mayoritariamente gratuitas.<\/p>\n<p>&nbsp;<\/p>\n<p>El Director de Deportes que remarc\u00f3 las actividades de la primera semana en el CEF N\u00b0 40 con torneos de futsal, desde la hora 13, para todas las edades y categor\u00edas. Torneo competitivo.\u00a0Durante la segunda semana, habr\u00e1 propuestas deportivas en el predio de La Trocha desde la hora 14.<\/p>\n<p>Lo mismo, hizo la Directora de Cultura explic\u00f3 que durante las dos semanas habr\u00e1 actividades en los tres museos, en el teatro y en La Trocha. La primera de las semanas, las propuestas ser\u00e1n libres y gratuitas. Aunque tambi\u00e9n habr\u00e1 actividades aranceladas con propuestas de diversos artistas.<\/p>\n<p>&nbsp;<\/p>\n<p>&nbsp;<\/p>\n<p><strong>Lunes 17 de julio:<\/strong><\/p>\n<ul>\n<li><a href=\"https:\/\/www.hoymercedes.com.ar\/principal\/2017\/07\/12\/vacaciones-de-invierno-en-el-museo-de-arte\/\" target=\"_blank\" rel=\"noopener\">MAMM <\/a>(calle 23, entre 18 y 16), de 15 a 17 horas. Taller de Pl\u00e1stica a cargo de la Prof. de Artes Pl\u00e1sticas Anabel Pi\u00f1eiro. A trav\u00e9s de un clima l\u00fadico y de distensi\u00f3n, se incentivar\u00e1 el desarrollo de la capacidad creativa de los ni\u00f1os, experimentando con diversas t\u00e9cnicas y materiales (m\u00e1scaras, tintas naturales, estampas con polifan, aguada) estimulando los conocimientos que cada uno trae y promoviendo la cooperaci\u00f3n y el respeto entre ellos. Para ni\u00f1os de 6 a 10 a\u00f1os. Previa inscripci\u00f3n. Cupo limitado.<\/li>\n<li>Teatro Argentino \u00abInt. Julio C. Gioscio\u00bb (calle 27, entre 26 y 24). 16 horas. Cine infantil \u201cEl Principito\u201d. Entrada Gratuita.<\/li>\n<\/ul>\n<p>&nbsp;<\/p>\n<p><strong>Martes 18 de julio:<\/strong><\/p>\n<ul>\n<li>MAMM. 15 horas. \u201cARQUI-KID\u201d, taller de arquitectura para ni\u00f1os, a cargo de Susana Lofiego. Construcci\u00f3n de casitas y edificaciones con materiales l\u00fadicos. Para ni\u00f1os de 6 a 11 a\u00f1os. Previa inscripci\u00f3n. Cupo limitado.<\/li>\n<li><a href=\"https:\/\/www.hoymercedes.com.ar\/principal\/2017\/07\/13\/vacaciones-de-invierno-en-el-museo-miguez\/\" target=\"_blank\" rel=\"noopener\">Museo V\u00edctor M\u00edguez (1<\/a>2 y 21). De 14 a 16 horas. Taller de Teatro a cargo de Gabriela Lorusso. Se trabajar\u00e1 con objetos y vestuario que posee el museo hist\u00f3rico. Se realizar\u00e1n construcciones de historias a partir de juegos.<\/li>\n<li>Teatro Argentino \u00abInt. Julio C. Gioscio\u00bb. 16 horas. Payaso Pelambre. Entrada libre y gratuita.<\/li>\n<li><a href=\"https:\/\/www.hoymercedes.com.ar\/principal\/2017\/07\/13\/vacaciones-de-invierno-en-el-museo-de-ciencias-naturales\/\" target=\"_blank\" rel=\"noopener\">Museo Ameghino <\/a>(calle 26 y 21). De 14 a 15,30 horas. Globolog\u00eda y maquillaje art\u00edstico para ni\u00f1os. Entrada libre y gratuita.<\/li>\n<\/ul>\n<p>&nbsp;<\/p>\n<p><strong>Mi\u00e9rcoles 19 de julio:<\/strong><\/p>\n<ul>\n<li>MAMM. De 15 a 17 horas. Taller de pl\u00e1stica a cargo de la Prof. Anabel Pi\u00f1eiro. A trav\u00e9s de un clima l\u00fadico y de distensi\u00f3n, se incentivar\u00e1 el desarrollo de la capacidad creativa de los ni\u00f1os, experimentando con diversas t\u00e9cnicas y materiales (m\u00e1scaras, tintas naturales, estampas con polifan, aguada) estimulando los conocimientos que cada uno trae y promoviendo la cooperaci\u00f3n y el respeto entre ellos. Para ni\u00f1os de 6 a 10 a\u00f1os. Previa inscripci\u00f3n. Cupo limitado.<\/li>\n<li>Teatro Argentino \u00abInt. Julio C. Gioscio\u00bb . 16 horas. Cine infantil \u201cBuscando a Dory\u201d. Entrada Gratuita.<\/li>\n<li>Museo Ameghino. De 14 a 15,30 horas. Taller de Teatro para ni\u00f1os \u00abExplorando Ando\u00bb a cargo de Gabriela Lorusso. Entrada libre y gratuita.<\/li>\n<\/ul>\n<p>&nbsp;<\/p>\n<p><strong>Jueves 20 de julio:<\/strong><\/p>\n<ul>\n<li>Teatro Argentino \u00abInt. Julio C. Gioscio\u00bb. 16 horas. Arturelo Di P\u00f3polo con un espect\u00e1culo c\u00f3mico que, con fina y expresiva pantomima, con el ritmo trepidante de sus disparatados gags, sus ingeniosos efectos m\u00e1gicos y sus malabares exc\u00e9ntricos, consigue recrear una \u00e9poca del cine mudo y del espect\u00e1culo de variedades, que logra atrapar el coraz\u00f3n de todos los espectadores y su participaci\u00f3n activa y divertida. Entrada libre y gratuita.<\/li>\n<li>Museo M\u00edguez. De 10,30 a 11,30 horas. Juguemos con el Patrimonio. Actividades con Andrea Moleres.<\/li>\n<li>Museo M\u00edguez. De 14 a 16 horas. Taller de M\u00e1scaras a cargo de C\u00e9sar Lalla. El trabajo se har\u00e1 con material reciclable otorgado por los organizadores y est\u00e1 pensado para chicos desde los 6 a\u00f1os que tengan muchas ganas de jugar. La entrada es libre y gratuita.<\/li>\n<li>MAMM. 16 horas. Cine de Animaci\u00f3n, coordinado por Lucho Andujar. Proyecci\u00f3n de pel\u00edculas. Entrada libre y gratuita.<\/li>\n<li>Museo Ameghino. De 14 a 15,30 horas. Globolog\u00eda y maquillaje art\u00edstico para ni\u00f1os. Entrada libre y gratuita.<\/li>\n<\/ul>\n<p>&nbsp;<\/p>\n<p><strong>Viernes 21 de julio:<\/strong><\/p>\n<ul>\n<li>MAMM. 18 horas. Show de Clown y Circo \u00abVagaMundo\u00bb con Juan Girau. Organizado en conjunto con la Asociaci\u00f3n de Amigos del Museo. Arancelado: $100 para socios del mueso y $120 para no socios. Menores de 2 a\u00f1os, gratis.<\/li>\n<li>Teatro Argentino \u00abInt. Julio C. Gioscio\u00bb. 17:30 horas. \u00abUn Mundo M\u00e1gico\u00bb con\u00a0Federico Fornasari. Espect\u00e1culo para toda la familia que combina la magia, el humor y la participaci\u00f3n del p\u00fablico. La funci\u00f3n, en esta oportunidad, ser\u00e1 gratuita.<\/li>\n<\/ul>\n<p>&nbsp;<\/p>\n<p><strong>S\u00e1bado 22 de julio:<\/strong><\/p>\n<ul>\n<li>Museo Hist\u00f3rico M\u00edguez. De 14 a 16 horas. Taller de Maquillaje Art\u00edstico con Alejandra Kristal. Pensado para chicos de todas las edades con un cupo m\u00e1ximo de 30 participantes. Entrada gratuita.<\/li>\n<li>Museo Hist\u00f3rico M\u00edguez. De 14 a 16 horas. Taller de Libro Ilustrado \u201cEntre gatos y magnolias\u201d. Con Eliana Ramponi. Un taller de Libro-\u00c1lbum donde se contar\u00e1n historias referidas a Sof\u00eda M\u00edguez, la \u00faltima habitante de la casa. Desde los 6 a\u00f1os. Gratuito.<\/li>\n<li>Teatro Argentino \u00abInt. Julio C. Gioscio\u00bb. 17:30 horas. \u00abUn Mundo M\u00e1gico\u00bb con\u00a0Federico Fornasari. Espect\u00e1culo para toda la familia que combina la magia, el humor y la participaci\u00f3n del p\u00fablico.\u00a0 Entrada general: $200<\/li>\n<\/ul>\n<p>&nbsp;<\/p>\n<p><strong>Domingo 23 de julio:<\/strong><\/p>\n<ul>\n<li>Centro Cultural La Trocha (Av. 40 y 21). Desde la hora 14. Feria Artesanal\u00a0con actividades al aire libre para todas las edades, inflables y patios de comida.<\/li>\n<li>Teatro Argentino \u00abInt. Julio C. Gioscio\u00bb. 17:30 horas. \u00abUn Mundo M\u00e1gico\u00bb con\u00a0Federico Fornasari. Espect\u00e1culo para toda la familia que combina la magia, el humor y la participaci\u00f3n del p\u00fablico.\u00a0 Entrada general: $200<\/li>\n<\/ul>\n<p>L<strong>unes 24 de julio:<\/strong><\/p>\n<ul>\n<li>MAMM. De 15 a 17 horas. Taller de Pl\u00e1stica a cargo de Anabel Pi\u00f1eiro. Para ni\u00f1os de 6 a 10 a\u00f1os. Previa inscripci\u00f3n. Cupo limitado.<\/li>\n<li>C. C. La Trocha. <a href=\"https:\/\/www.hoymercedes.com.ar\/principal\/2017\/07\/09\/proyecto-migra-teatro-y-circo-en-la-vacaciones-de-invierno\/\" target=\"_blank\" rel=\"noopener\">Proyecto Migra,<\/a> 14 horas. Taller de Circo Invernal. 15,30 horas Show Arturello Di Popollo y 17,30 horas funci\u00f3n Migra de invierno. Gratuito.<\/li>\n<li>Teatro Argentino \u00abInt. Julio C. Gioscio\u00bb. 16 horas. \u201cLa Bella y La Bestia, el musical\u201d. El valor de la entrada es de $250 y $300.<\/li>\n<\/ul>\n<p>&nbsp;<\/p>\n<p><strong>Martes 25 de julio:<\/strong><\/p>\n<ul>\n<li>C. C. La Trocha. <a href=\"https:\/\/www.hoymercedes.com.ar\/principal\/2017\/07\/09\/proyecto-migra-teatro-y-circo-en-la-vacaciones-de-invierno\/\" target=\"_blank\" rel=\"noopener\">Proyecto Migra,<\/a> 14 horas. Taller de Circo Invernal. 15,30 horas funci\u00f3n Migra de invierno. y 17,30 horas funci\u00f3n Migra de invierno. Gratuito.<\/li>\n<li>Museo M\u00edguez. De 10,30 a 11,30 horas. Juguemos con el Patrimonio. Actividades con Andrea Moleres.<\/li>\n<li>Museo M\u00edguez. De 14 a 16 horas. Taller de Teatro a cargo de Gabriela Lorusso. Se trabajar\u00e1 con objetos y vestuario que posee el museo hist\u00f3rico. Se realizar\u00e1n construcciones de historias a partir de juegos.<\/li>\n<li>Museo M\u00edguez. Desde 15,30 a 16 horas. Cuentos con Silvia Di C\u00e9sare.<\/li>\n<li>MAMM. 15 horas. \u201cARQUI-KID\u201d, taller de arquitectura para ni\u00f1os, a cargo de Susana Lofiego. Construcci\u00f3n de casitas y edificaciones con materiales l\u00fadicos. Para ni\u00f1os de 6 a 11 a\u00f1os. Previa inscripci\u00f3n. Cupo limitado.<\/li>\n<li>Museo Ameghino. De 14 a 15,30 horas. Globolog\u00eda y maquillaje art\u00edstico para ni\u00f1os. A\u00a0cargo de la Profesora Estefan\u00eda Corrado con la colaboraci\u00f3n de Josefina Corrado.\u00a0Entrada libre y gratuita.<\/li>\n<li>Teatro Argentino. 16 horas. Obra teatral \u201cCaperucita Roja\u201d. Valor de la entrada: $120. Anticipadas $100.<\/li>\n<\/ul>\n<p>&nbsp;<\/p>\n<p><strong>Mi\u00e9rcoles 26 de julio:<\/strong><\/p>\n<ul>\n<li>C. C. La Trocha. Proyecto Migra, 14 horas. Taller de Circo Invernal. 15,30 horas Hermanos Ropetruski y 17,30 horas funci\u00f3n Migra de invierno. Gratuito.<\/li>\n<li>Museo Ameghino. De 14 a 15,30 horas. Taller de Teatro para ni\u00f1os \u00abExplorando Ando\u00bb a cargo de Gabriela Lorusso. Entrada libre y gratuita.<\/li>\n<li>MAMM. De 15 a 17 horas. Taller de Pl\u00e1stica a cargo de Anabel Pi\u00f1eiro. Para ni\u00f1os de 6 a 10 a\u00f1os. Previa inscripci\u00f3n. Cupo limitado.<\/li>\n<li>Teatro Argentino \u00abJ. C. Gioscio\u00bb. 16 horas. Obra de Teatro \u201cHansel y Gretel\u201d. Con n\u00fameros musicales y gran participaci\u00f3n del p\u00fablico, esta historia atrapar\u00e1 a los espectadores en un mundo de magia y fantas\u00eda. Valor de la entrada: $120. Anticipadas $100.<\/li>\n<\/ul>\n<p>&nbsp;<\/p>\n<p><strong>Jueves 27 de julio:<\/strong><\/p>\n<ul>\n<li>C. C. La Trocha. Proyecto Migra, 14 horas. Taller de Circo Invernal. 15,30 horas Relatos con Silvia Di C\u00e9sarei y 17,30 horas funci\u00f3n Migra de invierno. Gratuito.<\/li>\n<li>Museo M\u00edguez. De 14 a 16 horas. Taller de M\u00e1scaras a cargo de C\u00e9sar Lalla. El trabajo se har\u00e1 con material reciclable otorgado por los organizadores y est\u00e1 pensado para chicos desde los 6 a\u00f1os que tengan muchas ganas de jugar. La entrada es libre y gratuita.<\/li>\n<li>MAMM. 16 horas. Cine de Animaci\u00f3n, coordinado por Lucho Andujar. Proyecci\u00f3n de pel\u00edculas. Entrada libre y gratuita.<\/li>\n<li>MAMM. De 15 a 17 horas. Taller de Pl\u00e1stica a cargo de Anabel Pi\u00f1eiro. Para ni\u00f1os de 6 a 10 a\u00f1os. Previa inscripci\u00f3n. Cupo limitado.<\/li>\n<li>Museo Ameghino. De 14 a 15,30 horas. Globolog\u00eda y maquillaje art\u00edstico para ni\u00f1os. A\u00a0cargo de la Profesora Estefan\u00eda Corrado con la colaboraci\u00f3n de Josefina Corrado. Entrada libre y gratuita.<\/li>\n<li>Teatro Argentino \u00abJ. C. Gioscio\u00bb. 16 horas. Espect\u00e1culo \u201cMasha y Oslo\u201d. Valor de entrada $250 \/ $350.<\/li>\n<\/ul>\n<p>&nbsp;<\/p>\n<p><strong>Viernes 28 de julio:<\/strong><\/p>\n<ul>\n<li>C. C. La Trocha. Proyecto Migra, 14 horas. Taller de Circo Invernal. 15,30 horas Funci\u00f3n Migra de Invierno y 17,30 horas funci\u00f3n Migra de invierno. Gratuito.<\/li>\n<li>Observatorio Astron\u00f3mico. 17,30 horas. Actividad especial con una\u00a0charla sobre la puesta del sol y desde las 19, observaci\u00f3n de la luna. A cargo estar\u00e1 el responsable del lugar, Miguel De Laurenti. Las actividades son gratuitas.<\/li>\n<li>MAMM. 15 horas.Taller de Esculturas Gigantes a cargo de Susana Lofiego. Armado de esculturas a escala real, utilizando papel y distintos soportes. Para ni\u00f1os de 6 a 11 a\u00f1os. Previa inscripci\u00f3n. Cupo limitado.<\/li>\n<li>MAMM. 18 horas. Show de Clown y Circo \u00abVagaMundo\u00bb con Juan Girau. Organizado en conjunto con la Asociaci\u00f3n de Amigos del Museo. Arancelado: $100 para socios del mueso y $120 para no socios. Menores de 2 a\u00f1os, gratis.<\/li>\n<li>Teatro Argentino \u00abJ. C. Gioscio\u00bb. 17 horas. \u201cSobre ruedas\u201d. Valor de entrada $250 \/ 2 entradas $400<\/li>\n<\/ul>\n<p>&nbsp;<\/p>\n<p><strong>S\u00e1bado 29 de julio<\/strong><\/p>\n<ul>\n<li>C. C. La Trocha. Proyecto Migra, 14 horas. Taller de Circo Invernal. 15,30 horas Funci\u00f3n Migra de Invierno y 17,30 horas funci\u00f3n Migra de invierno. Gratuito.<\/li>\n<li>Museo M\u00edguez. De 10,30 a 11,30 horas. Juguemos con el Patrimonio. Actividades con Andrea Moleres.<\/li>\n<li>Museo M\u00edguez. De 14 a 16 horas. Taller de Teatro a cargo de Gabriela Lorusso. Se trabajar\u00e1 con objetos y vestuario que posee el museo hist\u00f3rico. Se realizar\u00e1n construcciones de historias a partir de juegos.<\/li>\n<li>Museo M\u00edguez. Desde 15,30 a 16 horas. Cuentos con Silvia Di C\u00e9sare.<\/li>\n<li>Museo M\u00edguez. De 14 a 16 horas. Taller de Maquillaje Art\u00edstico con Alejandra Kristal. Pensado para chicos de todas las edades con un cupo m\u00e1ximo de 30 participantes. Entrada gratuita.<\/li>\n<li>Museo Ameghino. 14 a 15,30 horas. Taller de Pintura para ni\u00f1os a cargo de C\u00e9sar Lalla.<\/li>\n<li>Teatro Argentino \u00abJ. C. Gioscio\u00bb. 17 horas. \u00abEL Control M\u00e1gico 2\u00bb, musical. El valor de la entrada es de $200 y $250<\/li>\n<\/ul>\n<p>&nbsp;<\/p>\n<p><strong>Domingo 30 de julio:<\/strong><\/p>\n<ul>\n<li>C. C. La Trocha. Proyecto Migra, 14 horas. Taller de Circo Invernal. 15,30 horas show Arturello Di Poppolo 17,30 horas funci\u00f3n Migra de invierno. Gratuito.<\/li>\n<li>C. C. La Trocha. 14 horas. Paseo de artesanos, patio de comidas, juegos para ni\u00f1os.<\/li>\n<\/ul>\n<p><span style=\"color: #808080;\">Fuente: Prensa Municipal<\/span><\/p>\n<p><span class=\"embed-youtube\" style=\"text-align:center; display: block;\"><iframe loading=\"lazy\" class=\"youtube-player\" width=\"1200\" height=\"675\" src=\"https:\/\/www.youtube.com\/embed\/7sdXTfZxAxc?version=3&#038;rel=1&#038;showsearch=0&#038;showinfo=1&#038;iv_load_policy=1&#038;fs=1&#038;hl=es-ES&#038;autohide=2&#038;wmode=transparent\" allowfullscreen=\"true\" style=\"border:0;\" sandbox=\"allow-scripts allow-same-origin allow-popups allow-presentation allow-popups-to-escape-sandbox\"><\/iframe><\/span><\/p>\n","protected":false},"excerpt":{"rendered":"<p>La Municipalidad de Mercedes ofrece actividades culturales y deportivas en los distintos espacios comunales. El Teatro Argentino, el Museo M\u00edguez, &#8230; <a title=\"Cultura y Deportes: Actividades gratis para las vacaciones de invierno\" class=\"read-more\" href=\"https:\/\/www.hoymercedes.com.ar\/principal\/2017\/07\/15\/cultura-y-deportes-actividades-gratis-para-las-vacaciones-de-invierno\/\" aria-label=\"Leer m\u00e1s sobre Cultura y Deportes: Actividades gratis para las vacaciones de invierno\">Leer m\u00e1s<\/a><\/p>\n","protected":false},"author":1,"featured_media":64875,"comment_status":"closed","ping_status":"open","sticky":false,"template":"","format":"standard","meta":{"_monsterinsights_skip_tracking":false,"_monsterinsights_sitenote_active":false,"_monsterinsights_sitenote_note":"","_monsterinsights_sitenote_category":0,"jetpack_post_was_ever_published":false,"_jetpack_newsletter_access":"","_jetpack_dont_email_post_to_subs":false,"_jetpack_newsletter_tier_id":0,"_jetpack_memberships_contains_paywalled_content":false,"_jetpack_memberships_contains_paid_content":false,"footnotes":"","jetpack_publicize_message":"","jetpack_publicize_feature_enabled":true,"jetpack_social_post_already_shared":true,"jetpack_social_options":{"image_generator_settings":{"template":"highway","default_image_id":0,"font":"","enabled":false},"version":2},"_wpas_customize_per_network":false},"categories":[104,21,30],"tags":[967,585,11523,10,244,7629],"class_list":["post-64874","post","type-post","status-publish","format-standard","has-post-thumbnail","hentry","category-cultura","category-deportes","category-municipio","tag-cultura-mercedes","tag-juan-ustarroz","tag-lucia-capacio","tag-mercedes","tag-municipio-2","tag-vacaciones-de-invierno","generate-columns","tablet-grid-50","mobile-grid-100","grid-parent","grid-50"],"jetpack_publicize_connections":[],"jetpack_featured_media_url":"https:\/\/www.hoymercedes.com.ar\/principal\/wp-content\/uploads\/2017\/07\/Presentacion-Cultura.jpg","wps_subtitle":"En espacios comunales","jetpack_sharing_enabled":true,"_links":{"self":[{"href":"https:\/\/www.hoymercedes.com.ar\/principal\/wp-json\/wp\/v2\/posts\/64874","targetHints":{"allow":["GET"]}}],"collection":[{"href":"https:\/\/www.hoymercedes.com.ar\/principal\/wp-json\/wp\/v2\/posts"}],"about":[{"href":"https:\/\/www.hoymercedes.com.ar\/principal\/wp-json\/wp\/v2\/types\/post"}],"author":[{"embeddable":true,"href":"https:\/\/www.hoymercedes.com.ar\/principal\/wp-json\/wp\/v2\/users\/1"}],"replies":[{"embeddable":true,"href":"https:\/\/www.hoymercedes.com.ar\/principal\/wp-json\/wp\/v2\/comments?post=64874"}],"version-history":[{"count":0,"href":"https:\/\/www.hoymercedes.com.ar\/principal\/wp-json\/wp\/v2\/posts\/64874\/revisions"}],"wp:featuredmedia":[{"embeddable":true,"href":"https:\/\/www.hoymercedes.com.ar\/principal\/wp-json\/wp\/v2\/media\/64875"}],"wp:attachment":[{"href":"https:\/\/www.hoymercedes.com.ar\/principal\/wp-json\/wp\/v2\/media?parent=64874"}],"wp:term":[{"taxonomy":"category","embeddable":true,"href":"https:\/\/www.hoymercedes.com.ar\/principal\/wp-json\/wp\/v2\/categories?post=64874"},{"taxonomy":"post_tag","embeddable":true,"href":"https:\/\/www.hoymercedes.com.ar\/principal\/wp-json\/wp\/v2\/tags?post=64874"}],"curies":[{"name":"wp","href":"https:\/\/api.w.org\/{rel}","templated":true}]}}