{"id":64879,"date":"2017-07-14T07:00:12","date_gmt":"2017-07-14T10:00:12","guid":{"rendered":"http:\/\/www.hoymercedes.com.ar\/principal\/?p=64879"},"modified":"2017-07-14T10:01:16","modified_gmt":"2017-07-14T13:01:16","slug":"municipio-aporta-600-000-a-los-bomberos-voluntarios-para-renovar-autobombas","status":"publish","type":"post","link":"https:\/\/www.hoymercedes.com.ar\/principal\/2017\/07\/14\/municipio-aporta-600-000-a-los-bomberos-voluntarios-para-renovar-autobombas\/","title":{"rendered":"Municipio aporta $600.000 a los Bomberos Voluntarios para renovar autobombas"},"content":{"rendered":"<figure id=\"attachment_64880\" aria-describedby=\"caption-attachment-64880\" style=\"width: 620px\" class=\"wp-caption aligncenter\"><img loading=\"lazy\" decoding=\"async\" data-attachment-id=\"64880\" data-permalink=\"https:\/\/www.hoymercedes.com.ar\/principal\/2017\/07\/14\/municipio-aporta-600-000-a-los-bomberos-voluntarios-para-renovar-autobombas\/bomberos-1\/#main\" data-orig-file=\"https:\/\/www.hoymercedes.com.ar\/principal\/wp-content\/uploads\/2017\/07\/Bomberos-1.jpg\" data-orig-size=\"630,420\" data-comments-opened=\"0\" data-image-meta=\"{&quot;aperture&quot;:&quot;0&quot;,&quot;credit&quot;:&quot;&quot;,&quot;camera&quot;:&quot;&quot;,&quot;caption&quot;:&quot;&quot;,&quot;created_timestamp&quot;:&quot;0&quot;,&quot;copyright&quot;:&quot;&quot;,&quot;focal_length&quot;:&quot;0&quot;,&quot;iso&quot;:&quot;0&quot;,&quot;shutter_speed&quot;:&quot;0&quot;,&quot;title&quot;:&quot;&quot;,&quot;orientation&quot;:&quot;0&quot;}\" data-image-title=\"Bomberos-1\" data-image-description=\"\" data-image-caption=\"\" data-large-file=\"https:\/\/www.hoymercedes.com.ar\/principal\/wp-content\/uploads\/2017\/07\/Bomberos-1.jpg\" class=\"wp-image-64880 size-medium\" src=\"https:\/\/www.hoymercedes.com.ar\/principal\/wp-content\/uploads\/2017\/07\/Bomberos-1-630x420.jpg\" alt=\"\" width=\"630\" height=\"420\" srcset=\"https:\/\/www.hoymercedes.com.ar\/principal\/wp-content\/uploads\/2017\/07\/Bomberos-1.jpg 630w, https:\/\/www.hoymercedes.com.ar\/principal\/wp-content\/uploads\/2017\/07\/Bomberos-1-150x100.jpg 150w, https:\/\/www.hoymercedes.com.ar\/principal\/wp-content\/uploads\/2017\/07\/Bomberos-1-300x200.jpg 300w\" sizes=\"auto, (max-width: 630px) 100vw, 630px\" \/><figcaption id=\"caption-attachment-64880\" class=\"wp-caption-text\">Apoyo a los bomberos<\/figcaption><\/figure>\n<p>&nbsp;<\/p>\n<p>El intendente Juan Ustarroz junto al Jefe del Cuerpo, Roberto Ferrari, y el Presidente de la Cooperadora, Pedro Di Cecco, efectuaron el importante anuncio. Con el dinero realizar\u00e1n mejoras en dos autobombas adquiriendo una nueva carrocer\u00eda. Es la primera etapa. La continuidad est\u00e1 asegurada una vez finalizada esta mejora. \u201cCuando uno tiene buenos gobernantes y solicita alguna inquietud siempre tiene la respuesta r\u00e1pida\u201d, destac\u00f3 Roberto Ferrari.<\/p>\n<p>Los Bomberos Voluntarios le plantearon el tema al intendente hace unas semanas y r\u00e1pidamente se efectuaron las gestiones para que hoy sea una realidad. Acompa\u00f1ados tambi\u00e9n por el Diputado Provincial Santiago R\u00e9vora y el Presidente del Concejo Deliberante, Mat\u00edas Dematei, la noticia gener\u00f3 amplia satisfacci\u00f3n en una de las instituciones m\u00e1s queridas por los mercedinos.<\/p>\n<p><strong>Aporte<\/strong><\/p>\n<p>El primer mandatario local, Juan Ignacio Ustarroz, fue quien abri\u00f3 el encuentro. \u00abEn el d\u00eda de hoy estamos haciendo una importante entrega por parte de toda la ciudadan\u00eda de Mercedes, por medio de la Municipalidad, y es a otorgar un subsidio de $600.000 para la compra de un chasis nuevo a utilizar en un cami\u00f3n para los Bombero Voluntarios\u201d coment\u00f3 el intendente.<\/p>\n<p>El chasis nuevo ir\u00e1 a uno de los camiones que ya tienen y el que sacan pasar\u00e1 a otro, ante lo cual se genera un recambio escalonado y un reordenamiento de las maquinarias.<\/p>\n<figure id=\"attachment_64881\" aria-describedby=\"caption-attachment-64881\" style=\"width: 620px\" class=\"wp-caption aligncenter\"><img loading=\"lazy\" decoding=\"async\" data-attachment-id=\"64881\" data-permalink=\"https:\/\/www.hoymercedes.com.ar\/principal\/2017\/07\/14\/municipio-aporta-600-000-a-los-bomberos-voluntarios-para-renovar-autobombas\/bomberos-2-2\/#main\" data-orig-file=\"https:\/\/www.hoymercedes.com.ar\/principal\/wp-content\/uploads\/2017\/07\/Bomberos-2.jpg\" data-orig-size=\"630,420\" data-comments-opened=\"0\" data-image-meta=\"{&quot;aperture&quot;:&quot;0&quot;,&quot;credit&quot;:&quot;&quot;,&quot;camera&quot;:&quot;&quot;,&quot;caption&quot;:&quot;&quot;,&quot;created_timestamp&quot;:&quot;0&quot;,&quot;copyright&quot;:&quot;&quot;,&quot;focal_length&quot;:&quot;0&quot;,&quot;iso&quot;:&quot;0&quot;,&quot;shutter_speed&quot;:&quot;0&quot;,&quot;title&quot;:&quot;&quot;,&quot;orientation&quot;:&quot;0&quot;}\" data-image-title=\"Bomberos-2\" data-image-description=\"\" data-image-caption=\"\" data-large-file=\"https:\/\/www.hoymercedes.com.ar\/principal\/wp-content\/uploads\/2017\/07\/Bomberos-2.jpg\" class=\"wp-image-64881 size-medium\" src=\"https:\/\/www.hoymercedes.com.ar\/principal\/wp-content\/uploads\/2017\/07\/Bomberos-2-630x420.jpg\" alt=\"\" width=\"630\" height=\"420\" srcset=\"https:\/\/www.hoymercedes.com.ar\/principal\/wp-content\/uploads\/2017\/07\/Bomberos-2.jpg 630w, https:\/\/www.hoymercedes.com.ar\/principal\/wp-content\/uploads\/2017\/07\/Bomberos-2-150x100.jpg 150w, https:\/\/www.hoymercedes.com.ar\/principal\/wp-content\/uploads\/2017\/07\/Bomberos-2-300x200.jpg 300w\" sizes=\"auto, (max-width: 630px) 100vw, 630px\" \/><figcaption id=\"caption-attachment-64881\" class=\"wp-caption-text\">Gran mesa de trabajo<\/figcaption><\/figure>\n<p><strong>Invitaci\u00f3n a colaborar<\/strong><\/p>\n<p>\u201cPara nosotros es un orgullo, en representaci\u00f3n del pueblo, poder hacer esta entrega sabiendo la necesidad y el gasto que tienen los Bomberos. Es mucho y constante, entonces uno sigue exhortando a la comunidad a continuar colaborando con nuestros Bomberos Voluntarios. Sabemos y reconocemos que hacen un trabajo extraordinario en nuestra comunidad y esto no es ni m\u00e1s ni menos que un reconocimiento en parte de la ordenanza fiscal que establece un porcentaje tanto para la Cooperadora del Hospital como para el Cuerpo de Bomberos. Lo que en este acto est\u00e1 haciendo la Municipalidad es adelantar el pago hasta diciembre inclusive y aportando en concepto de subsidio una suma complementaria para lograr este objetivo que ellos se han planteado\u201d, sostuvo Ustarroz contando detalles de la operaci\u00f3n.<\/p>\n<p>\u201cLos bomberos voluntarios necesitan el apoyo de todos, en el d\u00eda a d\u00eda hay muchos gastos, y nos ponemos a entera disposici\u00f3n de ustedes y poder seguir trabajando juntos y colaborando\u00bb\u00a0 remarc\u00f3 el intendente.<\/p>\n<p><strong>Trabajo en conjunto<\/strong><\/p>\n<p>El m\u00e1ximo responsable del Cuerpo de Bomberos Voluntarios de la ciudad tom\u00f3 la palabra y destac\u00f3 que \u00abnosotros estamos muy agradecidos con el intendente y con todo el pueblo. Cuando uno tiene buenos gobernantes y solicita alguna inquietud siempre tiene la respuesta r\u00e1pida. Escucha a las instituciones y act\u00faan y eso nos da una tranquilidad y una sensaci\u00f3n de respaldo\u201d afirm\u00f3 Roberto Ferrari ante los medios presentes.<\/p>\n<p><strong>Adquisici\u00f3n<\/strong><\/p>\n<p>\u201cPara nosotros es una satisfacci\u00f3n poder comprar nuevos equipos o herramientas para la instituci\u00f3n porque sabemos que los bomberos van a poder brindar un mejor servicio y tener mayor seguridad\u00bb, destac\u00f3 el Jefe de los Bomberos.<\/p>\n<p>De esta manera la Municipalidad de Mercedes contin\u00faa efectuando actividades constantes y en conjunto con todas las instituciones y en esta ocasi\u00f3n con una de las m\u00e1s respetadas y querida por todos los mercedinos, cuyo prestigio y val\u00eda trasciende ampliamente las fronteras de la ciudad.<\/p>\n<figure id=\"attachment_64882\" aria-describedby=\"caption-attachment-64882\" style=\"width: 620px\" class=\"wp-caption aligncenter\"><img loading=\"lazy\" decoding=\"async\" data-attachment-id=\"64882\" data-permalink=\"https:\/\/www.hoymercedes.com.ar\/principal\/2017\/07\/14\/municipio-aporta-600-000-a-los-bomberos-voluntarios-para-renovar-autobombas\/bomberos-3-2\/#main\" data-orig-file=\"https:\/\/www.hoymercedes.com.ar\/principal\/wp-content\/uploads\/2017\/07\/Bomberos-3.jpg\" data-orig-size=\"630,420\" data-comments-opened=\"0\" data-image-meta=\"{&quot;aperture&quot;:&quot;0&quot;,&quot;credit&quot;:&quot;&quot;,&quot;camera&quot;:&quot;&quot;,&quot;caption&quot;:&quot;&quot;,&quot;created_timestamp&quot;:&quot;0&quot;,&quot;copyright&quot;:&quot;&quot;,&quot;focal_length&quot;:&quot;0&quot;,&quot;iso&quot;:&quot;0&quot;,&quot;shutter_speed&quot;:&quot;0&quot;,&quot;title&quot;:&quot;&quot;,&quot;orientation&quot;:&quot;0&quot;}\" data-image-title=\"Bomberos-3\" data-image-description=\"\" data-image-caption=\"\" data-large-file=\"https:\/\/www.hoymercedes.com.ar\/principal\/wp-content\/uploads\/2017\/07\/Bomberos-3.jpg\" class=\"wp-image-64882 size-medium\" src=\"https:\/\/www.hoymercedes.com.ar\/principal\/wp-content\/uploads\/2017\/07\/Bomberos-3-630x420.jpg\" alt=\"\" width=\"630\" height=\"420\" srcset=\"https:\/\/www.hoymercedes.com.ar\/principal\/wp-content\/uploads\/2017\/07\/Bomberos-3.jpg 630w, https:\/\/www.hoymercedes.com.ar\/principal\/wp-content\/uploads\/2017\/07\/Bomberos-3-150x100.jpg 150w, https:\/\/www.hoymercedes.com.ar\/principal\/wp-content\/uploads\/2017\/07\/Bomberos-3-300x200.jpg 300w\" sizes=\"auto, (max-width: 630px) 100vw, 630px\" \/><figcaption id=\"caption-attachment-64882\" class=\"wp-caption-text\">El encuentro fue en el cuartel de los Bomberos<\/figcaption><\/figure>\n<p><span style=\"color: #999999;\">Fuente: Prensa Municipal<\/span><\/p>\n","protected":false},"excerpt":{"rendered":"<p>&nbsp; El intendente Juan Ustarroz junto al Jefe del Cuerpo, Roberto Ferrari, y el Presidente de la Cooperadora, Pedro Di &#8230; <a title=\"Municipio aporta $600.000 a los Bomberos Voluntarios para renovar autobombas\" class=\"read-more\" href=\"https:\/\/www.hoymercedes.com.ar\/principal\/2017\/07\/14\/municipio-aporta-600-000-a-los-bomberos-voluntarios-para-renovar-autobombas\/\" aria-label=\"Leer m\u00e1s sobre Municipio aporta $600.000 a los Bomberos Voluntarios para renovar autobombas\">Leer m\u00e1s<\/a><\/p>\n","protected":false},"author":1,"featured_media":64880,"comment_status":"closed","ping_status":"open","sticky":false,"template":"","format":"standard","meta":{"_monsterinsights_skip_tracking":false,"_monsterinsights_sitenote_active":false,"_monsterinsights_sitenote_note":"","_monsterinsights_sitenote_category":0,"jetpack_post_was_ever_published":false,"_jetpack_newsletter_access":"","_jetpack_dont_email_post_to_subs":false,"_jetpack_newsletter_tier_id":0,"_jetpack_memberships_contains_paywalled_content":false,"_jetpack_memberships_contains_paid_content":false,"footnotes":"","jetpack_publicize_message":"","jetpack_publicize_feature_enabled":true,"jetpack_social_post_already_shared":false,"jetpack_social_options":{"image_generator_settings":{"template":"highway","default_image_id":0,"font":"","enabled":false},"version":2},"_wpas_customize_per_network":false},"categories":[30],"tags":[11524,865,10699,585,197,11525,10226],"class_list":["post-64879","post","type-post","status-publish","format-standard","has-post-thumbnail","hentry","category-municipio","tag-apoyo-a-los-bomberos","tag-bomberos-voluntarios","tag-diputado-santiago-revora","tag-juan-ustarroz","tag-municipalidad-de-mercedes","tag-pedro-di-cecco","tag-roberto-ferrari","generate-columns","tablet-grid-50","mobile-grid-100","grid-parent","grid-50"],"jetpack_publicize_connections":[],"jetpack_featured_media_url":"https:\/\/www.hoymercedes.com.ar\/principal\/wp-content\/uploads\/2017\/07\/Bomberos-1.jpg","wps_subtitle":"Para todos","jetpack_sharing_enabled":true,"_links":{"self":[{"href":"https:\/\/www.hoymercedes.com.ar\/principal\/wp-json\/wp\/v2\/posts\/64879","targetHints":{"allow":["GET"]}}],"collection":[{"href":"https:\/\/www.hoymercedes.com.ar\/principal\/wp-json\/wp\/v2\/posts"}],"about":[{"href":"https:\/\/www.hoymercedes.com.ar\/principal\/wp-json\/wp\/v2\/types\/post"}],"author":[{"embeddable":true,"href":"https:\/\/www.hoymercedes.com.ar\/principal\/wp-json\/wp\/v2\/users\/1"}],"replies":[{"embeddable":true,"href":"https:\/\/www.hoymercedes.com.ar\/principal\/wp-json\/wp\/v2\/comments?post=64879"}],"version-history":[{"count":0,"href":"https:\/\/www.hoymercedes.com.ar\/principal\/wp-json\/wp\/v2\/posts\/64879\/revisions"}],"wp:featuredmedia":[{"embeddable":true,"href":"https:\/\/www.hoymercedes.com.ar\/principal\/wp-json\/wp\/v2\/media\/64880"}],"wp:attachment":[{"href":"https:\/\/www.hoymercedes.com.ar\/principal\/wp-json\/wp\/v2\/media?parent=64879"}],"wp:term":[{"taxonomy":"category","embeddable":true,"href":"https:\/\/www.hoymercedes.com.ar\/principal\/wp-json\/wp\/v2\/categories?post=64879"},{"taxonomy":"post_tag","embeddable":true,"href":"https:\/\/www.hoymercedes.com.ar\/principal\/wp-json\/wp\/v2\/tags?post=64879"}],"curies":[{"name":"wp","href":"https:\/\/api.w.org\/{rel}","templated":true}]}}