{"id":64899,"date":"2017-07-15T07:56:50","date_gmt":"2017-07-15T10:56:50","guid":{"rendered":"http:\/\/www.hoymercedes.com.ar\/principal\/?p=64899"},"modified":"2017-07-14T23:10:20","modified_gmt":"2017-07-15T02:10:20","slug":"en-el-cef-n40-se-realizo-el-inter-distrital-de-voley","status":"publish","type":"post","link":"https:\/\/www.hoymercedes.com.ar\/principal\/2017\/07\/15\/en-el-cef-n40-se-realizo-el-inter-distrital-de-voley\/","title":{"rendered":"En el CEF N\u00b040 se realiz\u00f3 el Inter Distrital de V\u00f3ley"},"content":{"rendered":"<p>Un sentido y excelente encuentro se vivi\u00f3 en nuestra ciudad con los adultos mayores en el \u00e1mbito del Polideportivo local con el grupo de \u201cVoley Adaptado\u201d donde hubo tambi\u00e9n participaci\u00f3n de la Comuna que acompa\u00f1\u00f3 la propuesta.<\/p>\n<p>El encuentro \u00cdnter Distrital V\u00f3ley Adaptado tuvo lugar el pasado jueves con una muy buena recepci\u00f3n tanto de los deportistas como de quienes acompa\u00f1ado la movida.<\/p>\n<p><img loading=\"lazy\" decoding=\"async\" data-attachment-id=\"64900\" data-permalink=\"https:\/\/www.hoymercedes.com.ar\/principal\/2017\/07\/15\/en-el-cef-n40-se-realizo-el-inter-distrital-de-voley\/15-voley-adultos-1\/#main\" data-orig-file=\"https:\/\/www.hoymercedes.com.ar\/principal\/wp-content\/uploads\/2017\/07\/15-voley-adultos-1.jpg\" data-orig-size=\"630,420\" data-comments-opened=\"0\" data-image-meta=\"{&quot;aperture&quot;:&quot;0&quot;,&quot;credit&quot;:&quot;&quot;,&quot;camera&quot;:&quot;&quot;,&quot;caption&quot;:&quot;&quot;,&quot;created_timestamp&quot;:&quot;0&quot;,&quot;copyright&quot;:&quot;&quot;,&quot;focal_length&quot;:&quot;0&quot;,&quot;iso&quot;:&quot;0&quot;,&quot;shutter_speed&quot;:&quot;0&quot;,&quot;title&quot;:&quot;&quot;,&quot;orientation&quot;:&quot;0&quot;}\" data-image-title=\"15 voley adultos 1\" data-image-description=\"\" data-image-caption=\"\" data-large-file=\"https:\/\/www.hoymercedes.com.ar\/principal\/wp-content\/uploads\/2017\/07\/15-voley-adultos-1.jpg\" class=\"aligncenter size-medium wp-image-64900\" src=\"https:\/\/www.hoymercedes.com.ar\/principal\/wp-content\/uploads\/2017\/07\/15-voley-adultos-1-630x420.jpg\" alt=\"\" width=\"630\" height=\"420\" srcset=\"https:\/\/www.hoymercedes.com.ar\/principal\/wp-content\/uploads\/2017\/07\/15-voley-adultos-1.jpg 630w, https:\/\/www.hoymercedes.com.ar\/principal\/wp-content\/uploads\/2017\/07\/15-voley-adultos-1-150x100.jpg 150w, https:\/\/www.hoymercedes.com.ar\/principal\/wp-content\/uploads\/2017\/07\/15-voley-adultos-1-300x200.jpg 300w\" sizes=\"auto, (max-width: 630px) 100vw, 630px\" \/><\/p>\n<p>El equipo directivo del CEF, con los profesores Lorena Leiva, Fabi\u00e1n Brandoni y Bel\u00e9n C\u00e1gnone y el docente a cargo del grupo Claudia Gatti, manifestaron la satisfacci\u00f3n de haber albergado una propuesta como la vivida.<\/p>\n<p>Celeste Burone felicit\u00f3 y les dio la bienvenida, agradeciendo \u201cel esmero, el trabajo y ser referentes para toda la ciudad y nuestros hijos, donde los abuelos juegan al v\u00f3ley, a los torneos bonaerenses, siendo un espacio p\u00fablico a defender siempre, que no pasa por tener dinero, sino, ganas, tiempo y actitud, pero especialmente la alegr\u00eda porque son el estandarte de las comunidades sanas\u201d<\/p>\n<p>Mart\u00edn Silvestre, Director de Deportes, tambi\u00e9n celebr\u00f3 la \u201chermosa jornada vivida, siendo un claro ejemplo a seguir\u201d<\/p>\n<p><img loading=\"lazy\" decoding=\"async\" data-attachment-id=\"64901\" data-permalink=\"https:\/\/www.hoymercedes.com.ar\/principal\/2017\/07\/15\/en-el-cef-n40-se-realizo-el-inter-distrital-de-voley\/15-voley-adultos-2\/#main\" data-orig-file=\"https:\/\/www.hoymercedes.com.ar\/principal\/wp-content\/uploads\/2017\/07\/15-voley-adultos-2.jpg\" data-orig-size=\"630,354\" data-comments-opened=\"0\" data-image-meta=\"{&quot;aperture&quot;:&quot;0&quot;,&quot;credit&quot;:&quot;&quot;,&quot;camera&quot;:&quot;&quot;,&quot;caption&quot;:&quot;&quot;,&quot;created_timestamp&quot;:&quot;0&quot;,&quot;copyright&quot;:&quot;&quot;,&quot;focal_length&quot;:&quot;0&quot;,&quot;iso&quot;:&quot;0&quot;,&quot;shutter_speed&quot;:&quot;0&quot;,&quot;title&quot;:&quot;&quot;,&quot;orientation&quot;:&quot;0&quot;}\" data-image-title=\"15 voley adultos 2\" data-image-description=\"\" data-image-caption=\"\" data-large-file=\"https:\/\/www.hoymercedes.com.ar\/principal\/wp-content\/uploads\/2017\/07\/15-voley-adultos-2.jpg\" class=\"aligncenter size-medium wp-image-64901\" src=\"https:\/\/www.hoymercedes.com.ar\/principal\/wp-content\/uploads\/2017\/07\/15-voley-adultos-2-630x354.jpg\" alt=\"\" width=\"630\" height=\"354\" srcset=\"https:\/\/www.hoymercedes.com.ar\/principal\/wp-content\/uploads\/2017\/07\/15-voley-adultos-2.jpg 630w, https:\/\/www.hoymercedes.com.ar\/principal\/wp-content\/uploads\/2017\/07\/15-voley-adultos-2-150x84.jpg 150w\" sizes=\"auto, (max-width: 630px) 100vw, 630px\" \/><\/p>\n<p>La edil, tambi\u00e9n destac\u00f3 que \u201ces algo que en Mercedes cada d\u00eda gana m\u00e1s espacio, porque tenemos un intendente que fomenta la actividad de nuestros adultos mayores, donde la interacci\u00f3n con instituciones como el CEF redundan claramente en bienestar social\u201d.<\/p>\n<p>La propuesta dej\u00f3 las puertas abiertas a m\u00e1s actividades en conjunto, en especial aprovechando las instalaciones del CEF que est\u00e1 abierto de lunes a lunes para todos los mercedinos.<\/p>\n<p>&nbsp;<\/p>\n<p>Fuente: Prensa Municipal<\/p>\n","protected":false},"excerpt":{"rendered":"<p>Un sentido y excelente encuentro se vivi\u00f3 en nuestra ciudad con los adultos mayores en el \u00e1mbito del Polideportivo local &#8230; <a title=\"En el CEF N\u00b040 se realiz\u00f3 el Inter Distrital de V\u00f3ley\" class=\"read-more\" href=\"https:\/\/www.hoymercedes.com.ar\/principal\/2017\/07\/15\/en-el-cef-n40-se-realizo-el-inter-distrital-de-voley\/\" aria-label=\"Leer m\u00e1s sobre En el CEF N\u00b040 se realiz\u00f3 el Inter Distrital de V\u00f3ley\">Leer m\u00e1s<\/a><\/p>\n","protected":false},"author":1,"featured_media":64900,"comment_status":"closed","ping_status":"open","sticky":false,"template":"","format":"standard","meta":{"_monsterinsights_skip_tracking":false,"_monsterinsights_sitenote_active":false,"_monsterinsights_sitenote_note":"","_monsterinsights_sitenote_category":0,"jetpack_post_was_ever_published":false,"_jetpack_newsletter_access":"","_jetpack_dont_email_post_to_subs":false,"_jetpack_newsletter_tier_id":0,"_jetpack_memberships_contains_paywalled_content":false,"_jetpack_memberships_contains_paid_content":false,"footnotes":"","jetpack_publicize_message":"","jetpack_publicize_feature_enabled":true,"jetpack_social_post_already_shared":true,"jetpack_social_options":{"image_generator_settings":{"template":"highway","default_image_id":0,"font":"","enabled":false},"version":2},"_wpas_customize_per_network":false},"categories":[21],"tags":[8752,11181,204,244,11528],"class_list":["post-64899","post","type-post","status-publish","format-standard","has-post-thumbnail","hentry","category-deportes","tag-adultos-mayores","tag-cef-n-40","tag-deportes-2","tag-municipio-2","tag-voley-adaptado","generate-columns","tablet-grid-50","mobile-grid-100","grid-parent","grid-50"],"jetpack_publicize_connections":[],"jetpack_featured_media_url":"https:\/\/www.hoymercedes.com.ar\/principal\/wp-content\/uploads\/2017\/07\/15-voley-adultos-1.jpg","wps_subtitle":"Adultos Mayores","jetpack_sharing_enabled":true,"_links":{"self":[{"href":"https:\/\/www.hoymercedes.com.ar\/principal\/wp-json\/wp\/v2\/posts\/64899","targetHints":{"allow":["GET"]}}],"collection":[{"href":"https:\/\/www.hoymercedes.com.ar\/principal\/wp-json\/wp\/v2\/posts"}],"about":[{"href":"https:\/\/www.hoymercedes.com.ar\/principal\/wp-json\/wp\/v2\/types\/post"}],"author":[{"embeddable":true,"href":"https:\/\/www.hoymercedes.com.ar\/principal\/wp-json\/wp\/v2\/users\/1"}],"replies":[{"embeddable":true,"href":"https:\/\/www.hoymercedes.com.ar\/principal\/wp-json\/wp\/v2\/comments?post=64899"}],"version-history":[{"count":0,"href":"https:\/\/www.hoymercedes.com.ar\/principal\/wp-json\/wp\/v2\/posts\/64899\/revisions"}],"wp:featuredmedia":[{"embeddable":true,"href":"https:\/\/www.hoymercedes.com.ar\/principal\/wp-json\/wp\/v2\/media\/64900"}],"wp:attachment":[{"href":"https:\/\/www.hoymercedes.com.ar\/principal\/wp-json\/wp\/v2\/media?parent=64899"}],"wp:term":[{"taxonomy":"category","embeddable":true,"href":"https:\/\/www.hoymercedes.com.ar\/principal\/wp-json\/wp\/v2\/categories?post=64899"},{"taxonomy":"post_tag","embeddable":true,"href":"https:\/\/www.hoymercedes.com.ar\/principal\/wp-json\/wp\/v2\/tags?post=64899"}],"curies":[{"name":"wp","href":"https:\/\/api.w.org\/{rel}","templated":true}]}}