{"id":64926,"date":"2017-07-15T15:00:48","date_gmt":"2017-07-15T18:00:48","guid":{"rendered":"http:\/\/www.hoymercedes.com.ar\/principal\/?p=64926"},"modified":"2017-07-15T14:59:20","modified_gmt":"2017-07-15T17:59:20","slug":"hubo-jornada-de-salud-mental-y-consumo-problematico-en-mercedes","status":"publish","type":"post","link":"https:\/\/www.hoymercedes.com.ar\/principal\/2017\/07\/15\/hubo-jornada-de-salud-mental-y-consumo-problematico-en-mercedes\/","title":{"rendered":"Hubo Jornada de Salud Mental y Consumo Problem\u00e1tico en Mercedes"},"content":{"rendered":"<p>El pasado viernes 7 de julio se realiz\u00f3 una nueva jornada sobre Salud Mental, en el Teatro Argentino, organizada por\u00a0DIAT Mercedes (SEDRONAR) Subsecretar\u00eda de Determinantes Sociales de la prov. de Bs As. y Secretar\u00eda de Desarrollo Social de la Municipalidad de Mercedes.<\/p>\n<p><img loading=\"lazy\" decoding=\"async\" data-attachment-id=\"64931\" data-permalink=\"https:\/\/www.hoymercedes.com.ar\/principal\/2017\/07\/15\/hubo-jornada-de-salud-mental-y-consumo-problematico-en-mercedes\/15-salud-mental\/#main\" data-orig-file=\"https:\/\/www.hoymercedes.com.ar\/principal\/wp-content\/uploads\/2017\/07\/15-salud-mental.jpg\" data-orig-size=\"587,392\" data-comments-opened=\"0\" data-image-meta=\"{&quot;aperture&quot;:&quot;0&quot;,&quot;credit&quot;:&quot;&quot;,&quot;camera&quot;:&quot;&quot;,&quot;caption&quot;:&quot;????????????????????????????????????&quot;,&quot;created_timestamp&quot;:&quot;0&quot;,&quot;copyright&quot;:&quot;&quot;,&quot;focal_length&quot;:&quot;0&quot;,&quot;iso&quot;:&quot;0&quot;,&quot;shutter_speed&quot;:&quot;0&quot;,&quot;title&quot;:&quot;&quot;,&quot;orientation&quot;:&quot;0&quot;}\" data-image-title=\"15 salud mental\" data-image-description=\"\" data-image-caption=\"\" data-large-file=\"https:\/\/www.hoymercedes.com.ar\/principal\/wp-content\/uploads\/2017\/07\/15-salud-mental.jpg\" class=\"aligncenter size-full wp-image-64931\" src=\"https:\/\/www.hoymercedes.com.ar\/principal\/wp-content\/uploads\/2017\/07\/15-salud-mental.jpg\" alt=\"\" width=\"587\" height=\"392\" srcset=\"https:\/\/www.hoymercedes.com.ar\/principal\/wp-content\/uploads\/2017\/07\/15-salud-mental.jpg 587w, https:\/\/www.hoymercedes.com.ar\/principal\/wp-content\/uploads\/2017\/07\/15-salud-mental-150x100.jpg 150w, https:\/\/www.hoymercedes.com.ar\/principal\/wp-content\/uploads\/2017\/07\/15-salud-mental-300x200.jpg 300w\" sizes=\"auto, (max-width: 587px) 100vw, 587px\" \/><\/p>\n<p>La actividad contin\u00faa la propuesta que dichas instituciones sostienen ya hace tiempo, como espacios de capacitaci\u00f3n y de formaci\u00f3n abiertos a todo p\u00fablico sobre un tema central como lo es Salud Mental y Consumo Problem\u00e1tico, ubicando como encuadre los lineamientos de la Ley de Salud Mental 26657.<\/p>\n<p>En esta ocasi\u00f3n, dieron las palabras de bienvenida\u00a0el\u00a0Intendente Juan I Ustarroz, la Secretaria de Desarrollo Social,\u00a0Jorgelina Silva, y organizadores.<\/p>\n<p>La primera exposici\u00f3n estuvo a cargo del\u00a0Lic. Gustavo Maggi, psicoanalista, quien remarc\u00f3 la noci\u00f3n y la importancia de fortalecer el lazo social, de propiciar un amor que habilite el lugar del otro, a registrar \u00abLo sublime, lo banal\u00bb de ciertas acciones y el efecto que eso puede producir. Fue desglosando el t\u00edtulo de la jornada y reflexionando sobre cada noci\u00f3n planteada.<\/p>\n<p>Luego realiz\u00f3 su exposici\u00f3n\u00a0el Lic. Alfredo Carballeda,\u00a0quien profundiz\u00f3 sobre la mirada social en salud mental, y la funci\u00f3n posible de acompa\u00f1ar a \u00abhacer ver\u00bb al otro, en el encuentro comunitario. Destac\u00f3 diversos autores nacionales que han aportado a las formulaciones te\u00f3ricas sobre el tema.<\/p>\n<p>La apertura y presentaci\u00f3n, as\u00ed como el acompa\u00f1amiento durante toda la ma\u00f1ana estuvo a cargo de\u00a0Radio en Movimiento, del Hospital Cabred.\u00a0 Compartieron producciones escritas sobre el amor y tambi\u00e9n una secci\u00f3n de humor.<\/p>\n<p>Desde el inicio fueron convocando a que todos los presentes,\u00a0m\u00e1s de 170 participantes,\u00a0 fueran parte de la actividad, planteando preguntas, tales como: El trabajo genera un efecto social? Amar lo que se hace, es una forma de \u00abhacer el amor\u00bb? Qu\u00e9 es el amor? Qu\u00e9 es el trabajo? Trabajar de lo que uno quiere, es salud?<\/p>\n<p>El cierre fue con m\u00fasica en vivo, sosteniendo una vez m\u00e1s al arte como herramienta fundamental para la salud mental.<\/p>\n<p>Los organizadores remarcaron el agradecimiento a las diferentes \u00e1reas que posibilitaron llevar a cabo la actividad, Municipalidad de Mercedes, Direcci\u00f3n de Cultura, Prensa, entre otros; se\u00f1alando la importancia de un trabajo sostenido interinstitucional. Tambi\u00e9n el agradecimiento a los expositores e invitados, con la alegr\u00eda de poder contar con la presencia de referentes reconocidos en nuestra ciudad.<\/p>\n<p>Por \u00faltimo, se record\u00f3 la invitaci\u00f3n a presentaci\u00f3n de\u00a0Escritos en Salud Mental, que tiene por finalidad la publicaci\u00f3n de un libro actual que d\u00e9 cuenta de las pr\u00e1cticas en el tema. Pueden enviar sus trabajos a\u00a0escritosensaludmental@gmail.com\u00a0hasta el 13 de agosto.<\/p>\n<p>&nbsp;<\/p>\n<p>Fuente; Prensa Municipal<\/p>\n","protected":false},"excerpt":{"rendered":"<p>El pasado viernes 7 de julio se realiz\u00f3 una nueva jornada sobre Salud Mental, en el Teatro Argentino, organizada por\u00a0DIAT &#8230; <a title=\"Hubo Jornada de Salud Mental y Consumo Problem\u00e1tico en Mercedes\" class=\"read-more\" href=\"https:\/\/www.hoymercedes.com.ar\/principal\/2017\/07\/15\/hubo-jornada-de-salud-mental-y-consumo-problematico-en-mercedes\/\" aria-label=\"Leer m\u00e1s sobre Hubo Jornada de Salud Mental y Consumo Problem\u00e1tico en Mercedes\">Leer m\u00e1s<\/a><\/p>\n","protected":false},"author":1,"featured_media":64931,"comment_status":"closed","ping_status":"open","sticky":false,"template":"","format":"standard","meta":{"_monsterinsights_skip_tracking":false,"_monsterinsights_sitenote_active":false,"_monsterinsights_sitenote_note":"","_monsterinsights_sitenote_category":0,"jetpack_post_was_ever_published":false,"_jetpack_newsletter_access":"","_jetpack_dont_email_post_to_subs":false,"_jetpack_newsletter_tier_id":0,"_jetpack_memberships_contains_paywalled_content":false,"_jetpack_memberships_contains_paid_content":false,"footnotes":"","jetpack_publicize_message":"","jetpack_publicize_feature_enabled":true,"jetpack_social_post_already_shared":true,"jetpack_social_options":{"image_generator_settings":{"template":"highway","default_image_id":0,"font":"","enabled":false},"version":2},"_wpas_customize_per_network":false},"categories":[30,9791],"tags":[11530,244,5896],"class_list":["post-64926","post","type-post","status-publish","format-standard","has-post-thumbnail","hentry","category-municipio","category-salud","tag-jsedronar","tag-municipio-2","tag-salud-mental","generate-columns","tablet-grid-50","mobile-grid-100","grid-parent","grid-50"],"jetpack_publicize_connections":[],"jetpack_featured_media_url":"https:\/\/www.hoymercedes.com.ar\/principal\/wp-content\/uploads\/2017\/07\/15-salud-mental.jpg","wps_subtitle":"\"Amor y producci\u00f3n en el padecimiento cotidiano\"","jetpack_sharing_enabled":true,"_links":{"self":[{"href":"https:\/\/www.hoymercedes.com.ar\/principal\/wp-json\/wp\/v2\/posts\/64926","targetHints":{"allow":["GET"]}}],"collection":[{"href":"https:\/\/www.hoymercedes.com.ar\/principal\/wp-json\/wp\/v2\/posts"}],"about":[{"href":"https:\/\/www.hoymercedes.com.ar\/principal\/wp-json\/wp\/v2\/types\/post"}],"author":[{"embeddable":true,"href":"https:\/\/www.hoymercedes.com.ar\/principal\/wp-json\/wp\/v2\/users\/1"}],"replies":[{"embeddable":true,"href":"https:\/\/www.hoymercedes.com.ar\/principal\/wp-json\/wp\/v2\/comments?post=64926"}],"version-history":[{"count":0,"href":"https:\/\/www.hoymercedes.com.ar\/principal\/wp-json\/wp\/v2\/posts\/64926\/revisions"}],"wp:featuredmedia":[{"embeddable":true,"href":"https:\/\/www.hoymercedes.com.ar\/principal\/wp-json\/wp\/v2\/media\/64931"}],"wp:attachment":[{"href":"https:\/\/www.hoymercedes.com.ar\/principal\/wp-json\/wp\/v2\/media?parent=64926"}],"wp:term":[{"taxonomy":"category","embeddable":true,"href":"https:\/\/www.hoymercedes.com.ar\/principal\/wp-json\/wp\/v2\/categories?post=64926"},{"taxonomy":"post_tag","embeddable":true,"href":"https:\/\/www.hoymercedes.com.ar\/principal\/wp-json\/wp\/v2\/tags?post=64926"}],"curies":[{"name":"wp","href":"https:\/\/api.w.org\/{rel}","templated":true}]}}