{"id":64969,"date":"2017-07-17T10:30:30","date_gmt":"2017-07-17T13:30:30","guid":{"rendered":"http:\/\/www.hoymercedes.com.ar\/principal\/?p=64969"},"modified":"2017-07-17T10:30:30","modified_gmt":"2017-07-17T13:30:30","slug":"ocho-personas-detenidas-sospechadas-de-participar-en-robos-en-zona-rural","status":"publish","type":"post","link":"https:\/\/www.hoymercedes.com.ar\/principal\/2017\/07\/17\/ocho-personas-detenidas-sospechadas-de-participar-en-robos-en-zona-rural\/","title":{"rendered":"Ocho personas detenidas sospechadas de participar en robos en zona rural"},"content":{"rendered":"<p>D\u00edas atr\u00e1s, se realizaron allanamientos en localidades comprendidas en el Departamento Judicial Mercedes a partir de una investigaci\u00f3n que se lleva adelante en la Fiscal\u00eda N\u00b0 3 que dirige el Dr. Pedro Illanes.<\/p>\n<p>El procedimiento policial tuvo lugar en\u00a0las localidades de Saladillo, San Miguel del Monte y Roque P\u00e9rez. Como resultado del operativo, la polic\u00eda detuvo a ocho personas que estar\u00edan involucrados en robos producidos en la zona rural y urbana, de 25 de Mayo, Norberto La Riestra, Lobos, Navarro y Saladillo. En los allanamientos se secuestraron armas de fuego y varios elementos probatorios de dichos robos.<\/p>\n<p><img loading=\"lazy\" decoding=\"async\" data-attachment-id=\"64971\" data-permalink=\"https:\/\/www.hoymercedes.com.ar\/principal\/2017\/07\/17\/ocho-personas-detenidas-sospechadas-de-participar-en-robos-en-zona-rural\/17-policial-region-1\/#main\" data-orig-file=\"https:\/\/www.hoymercedes.com.ar\/principal\/wp-content\/uploads\/2017\/07\/17-policial-region-1.jpg\" data-orig-size=\"630,419\" data-comments-opened=\"0\" data-image-meta=\"{&quot;aperture&quot;:&quot;0&quot;,&quot;credit&quot;:&quot;&quot;,&quot;camera&quot;:&quot;&quot;,&quot;caption&quot;:&quot;&quot;,&quot;created_timestamp&quot;:&quot;0&quot;,&quot;copyright&quot;:&quot;&quot;,&quot;focal_length&quot;:&quot;0&quot;,&quot;iso&quot;:&quot;0&quot;,&quot;shutter_speed&quot;:&quot;0&quot;,&quot;title&quot;:&quot;&quot;,&quot;orientation&quot;:&quot;0&quot;}\" data-image-title=\"17 policial region 1\" data-image-description=\"\" data-image-caption=\"\" data-large-file=\"https:\/\/www.hoymercedes.com.ar\/principal\/wp-content\/uploads\/2017\/07\/17-policial-region-1.jpg\" class=\"aligncenter size-medium wp-image-64971\" src=\"https:\/\/www.hoymercedes.com.ar\/principal\/wp-content\/uploads\/2017\/07\/17-policial-region-1-630x419.jpg\" alt=\"\" width=\"630\" height=\"419\" srcset=\"https:\/\/www.hoymercedes.com.ar\/principal\/wp-content\/uploads\/2017\/07\/17-policial-region-1.jpg 630w, https:\/\/www.hoymercedes.com.ar\/principal\/wp-content\/uploads\/2017\/07\/17-policial-region-1-150x100.jpg 150w, https:\/\/www.hoymercedes.com.ar\/principal\/wp-content\/uploads\/2017\/07\/17-policial-region-1-300x200.jpg 300w\" sizes=\"auto, (max-width: 630px) 100vw, 630px\" \/><\/p>\n<p>Participaron del operativo,\u00a0la DDI Mercedes, Sub DDI Bragado, Chivilcoy,\u00a0 CPR 25 de Mayo, \u00a0Coordinaci\u00f3n Rural Chivilcoy,\u00a0Comando de Prevenci\u00f3n Rural\u00a0 Mercedes\u00a0y GAD de diferentes departamentales, en relaci\u00f3n a la I.P.P. caratulada NN S\/ Asociaci\u00f3n Il\u00edcita robo doblemente agravado por su comisi\u00f3n en lugar despoblado y en banda, con el uso de arma de fuego, con intervenci\u00f3n de la U.F.I. N\u00ba 3 del Departamento Judicial de Mercedes, a cargo del Dr. Pedro Illanes y dispuesto por el Juzgado de Garant\u00edas N\u00ba 1 a cargo del Dr. Marcelo Romero, del mismo Departamento judicial.<\/p>\n<p>Fuente:\u00a0Comando de Prevenci\u00f3n Rural Mercedes<\/p>\n<p><img loading=\"lazy\" decoding=\"async\" data-attachment-id=\"64972\" data-permalink=\"https:\/\/www.hoymercedes.com.ar\/principal\/2017\/07\/17\/ocho-personas-detenidas-sospechadas-de-participar-en-robos-en-zona-rural\/17-policial-region-2\/#main\" data-orig-file=\"https:\/\/www.hoymercedes.com.ar\/principal\/wp-content\/uploads\/2017\/07\/17-policial-region-2.jpg\" data-orig-size=\"630,354\" data-comments-opened=\"0\" data-image-meta=\"{&quot;aperture&quot;:&quot;0&quot;,&quot;credit&quot;:&quot;&quot;,&quot;camera&quot;:&quot;&quot;,&quot;caption&quot;:&quot;&quot;,&quot;created_timestamp&quot;:&quot;0&quot;,&quot;copyright&quot;:&quot;&quot;,&quot;focal_length&quot;:&quot;0&quot;,&quot;iso&quot;:&quot;0&quot;,&quot;shutter_speed&quot;:&quot;0&quot;,&quot;title&quot;:&quot;&quot;,&quot;orientation&quot;:&quot;0&quot;}\" data-image-title=\"17 policial region 2\" data-image-description=\"\" data-image-caption=\"\" data-large-file=\"https:\/\/www.hoymercedes.com.ar\/principal\/wp-content\/uploads\/2017\/07\/17-policial-region-2.jpg\" class=\"aligncenter size-medium wp-image-64972\" src=\"https:\/\/www.hoymercedes.com.ar\/principal\/wp-content\/uploads\/2017\/07\/17-policial-region-2-630x354.jpg\" alt=\"\" width=\"630\" height=\"354\" srcset=\"https:\/\/www.hoymercedes.com.ar\/principal\/wp-content\/uploads\/2017\/07\/17-policial-region-2.jpg 630w, https:\/\/www.hoymercedes.com.ar\/principal\/wp-content\/uploads\/2017\/07\/17-policial-region-2-150x84.jpg 150w\" sizes=\"auto, (max-width: 630px) 100vw, 630px\" \/><\/p>\n<p>&nbsp;<\/p>\n","protected":false},"excerpt":{"rendered":"<p>D\u00edas atr\u00e1s, se realizaron allanamientos en localidades comprendidas en el Departamento Judicial Mercedes a partir de una investigaci\u00f3n que se &#8230; <a title=\"Ocho personas detenidas sospechadas de participar en robos en zona rural\" class=\"read-more\" href=\"https:\/\/www.hoymercedes.com.ar\/principal\/2017\/07\/17\/ocho-personas-detenidas-sospechadas-de-participar-en-robos-en-zona-rural\/\" aria-label=\"Leer m\u00e1s sobre Ocho personas detenidas sospechadas de participar en robos en zona rural\">Leer m\u00e1s<\/a><\/p>\n","protected":false},"author":1,"featured_media":64972,"comment_status":"closed","ping_status":"open","sticky":false,"template":"","format":"standard","meta":{"_monsterinsights_skip_tracking":false,"_monsterinsights_sitenote_active":false,"_monsterinsights_sitenote_note":"","_monsterinsights_sitenote_category":0,"jetpack_post_was_ever_published":false,"_jetpack_newsletter_access":"","_jetpack_dont_email_post_to_subs":false,"_jetpack_newsletter_tier_id":0,"_jetpack_memberships_contains_paywalled_content":false,"_jetpack_memberships_contains_paid_content":false,"footnotes":"","jetpack_publicize_message":"","jetpack_publicize_feature_enabled":true,"jetpack_social_post_already_shared":true,"jetpack_social_options":{"image_generator_settings":{"template":"highway","default_image_id":0,"font":"","enabled":false},"version":2},"_wpas_customize_per_network":false},"categories":[85],"tags":[7125,2425,10,11012,96],"class_list":["post-64969","post","type-post","status-publish","format-standard","has-post-thumbnail","hentry","category-policial","tag-allanamientos","tag-departamento-judicial-mercedes","tag-mercedes","tag-policia-rural","tag-policial-2","generate-columns","tablet-grid-50","mobile-grid-100","grid-parent","grid-50"],"jetpack_publicize_connections":[],"jetpack_featured_media_url":"https:\/\/www.hoymercedes.com.ar\/principal\/wp-content\/uploads\/2017\/07\/17-policial-region-2.jpg","wps_subtitle":"Allanamientos en Saladillos","jetpack_sharing_enabled":true,"_links":{"self":[{"href":"https:\/\/www.hoymercedes.com.ar\/principal\/wp-json\/wp\/v2\/posts\/64969","targetHints":{"allow":["GET"]}}],"collection":[{"href":"https:\/\/www.hoymercedes.com.ar\/principal\/wp-json\/wp\/v2\/posts"}],"about":[{"href":"https:\/\/www.hoymercedes.com.ar\/principal\/wp-json\/wp\/v2\/types\/post"}],"author":[{"embeddable":true,"href":"https:\/\/www.hoymercedes.com.ar\/principal\/wp-json\/wp\/v2\/users\/1"}],"replies":[{"embeddable":true,"href":"https:\/\/www.hoymercedes.com.ar\/principal\/wp-json\/wp\/v2\/comments?post=64969"}],"version-history":[{"count":0,"href":"https:\/\/www.hoymercedes.com.ar\/principal\/wp-json\/wp\/v2\/posts\/64969\/revisions"}],"wp:featuredmedia":[{"embeddable":true,"href":"https:\/\/www.hoymercedes.com.ar\/principal\/wp-json\/wp\/v2\/media\/64972"}],"wp:attachment":[{"href":"https:\/\/www.hoymercedes.com.ar\/principal\/wp-json\/wp\/v2\/media?parent=64969"}],"wp:term":[{"taxonomy":"category","embeddable":true,"href":"https:\/\/www.hoymercedes.com.ar\/principal\/wp-json\/wp\/v2\/categories?post=64969"},{"taxonomy":"post_tag","embeddable":true,"href":"https:\/\/www.hoymercedes.com.ar\/principal\/wp-json\/wp\/v2\/tags?post=64969"}],"curies":[{"name":"wp","href":"https:\/\/api.w.org\/{rel}","templated":true}]}}