{"id":64974,"date":"2017-07-17T14:36:52","date_gmt":"2017-07-17T17:36:52","guid":{"rendered":"http:\/\/www.hoymercedes.com.ar\/principal\/?p=64974"},"modified":"2017-07-17T14:27:02","modified_gmt":"2017-07-17T17:27:02","slug":"cem-manifesto-su-malestar-ante-la-falta-de-una-respuesta-en-la-sesion-del-hcd","status":"publish","type":"post","link":"https:\/\/www.hoymercedes.com.ar\/principal\/2017\/07\/17\/cem-manifesto-su-malestar-ante-la-falta-de-una-respuesta-en-la-sesion-del-hcd\/","title":{"rendered":"CEM manifest\u00f3 su malestar ante la falta de una respuesta en la sesi\u00f3n del HCD"},"content":{"rendered":"<p><em><strong>En el recinto no se hizo menci\u00f3n a la carta presentada pidiendo el tratamiento de la ordenanza. Adem\u00e1s, se fueron con un \u201csabor amargo\u201d ante dichos de un concejal del oficialismo que fueron poco agradables para quienes realizan inversiones y contribuyen a generar trabajo en la ciudad<\/strong><\/em><\/p>\n<p>A la espera de una respuesta a la carta presentada la semana pasada, representantes de la C\u00e1mara Econ\u00f3mica Mercedina se hicieron presentes en la sesi\u00f3n ordinaria del Concejo Deliberante de la ciudad, realizada el pasado 10 de julio. A la espera del tratamiento para prever una modificaci\u00f3n en la ordenanza que regula la Tasa de Inspecci\u00f3n de Seguridad e Higiene, los comerciantes se fueron de la sesi\u00f3n con un \u201csabor amargo\u201d y molestia por no obtener ning\u00fan tipo de respuesta.<\/p>\n<p>A lo largo de toda la sesi\u00f3n, los comerciantes esperaron el ingreso de su petici\u00f3n particular, carta que le presentaron al titular del departamento legislativo el viernes anterior, y el proyecto que uno de los bloques de concejales supo anticipar ese d\u00eda que presentar\u00eda para que ingrese por fuera del orden del d\u00eda.<\/p>\n<p>Sorpresa y molestia les produjo a los comerciantes y empresarios nucleados en la CEM que el tema de inter\u00e9s para ellos se haya tratado los \u00faltimos diez minutos anticipando que se tratar\u00eda en el trabajo en la comisi\u00f3n de hacienda, encuentros que no son para el p\u00fablico general sin invitaci\u00f3n de los concejales que integran la misma.<\/p>\n<p>\u201cLo poco que se trat\u00f3 del tema concreto que nosotros solicitamos, que fueron modificaciones en la Tasa de Inspecci\u00f3n de Seguridad e Higiene, no nos pareci\u00f3 apropiado. Adem\u00e1s nos dej\u00f3 un sabor amargo y nos molest\u00f3 los dichos de uno de los Concejales del oficialismo que dijo que ellos representaban al pueblo y no a los empresarios o a sus representantes, como si los socios de la C\u00e1mara Econ\u00f3mica no fueran parte del pueblo, o no fueran personas, mercedinos, que deciden hacen una inversi\u00f3n importante para generar puestos de trabajo en la ciudad\u201d, explic\u00f3 Ariel Pietrucha, Gerente de la CEM.<\/p>\n<p>Asimismo, el representante de la C\u00e1mara Econ\u00f3mica Mercedina tambi\u00e9n hizo referencia a la baja de la al\u00edcuota para los monotributistas, algo que se reconoci\u00f3 y agradeci\u00f3, pero que se consideran \u201cinsuficientes\u201d ya que \u201cno es el 30% de los comerciantes y empresarios\u201d, sino que la mayor\u00eda de los monotributistas de comercios, por su facturaci\u00f3n dejaron de estar en las categor\u00edas m\u00ednimas, sino que superan las categor\u00edas alcanzadas por el beneficio planteado por la Comuna.<\/p>\n<p>\u201cEn este momento, por los montos de las categor\u00edas del monotributo, casi ning\u00fan comerciante est\u00e1 en las categor\u00edas A y B, sino que superan las mismas por su facturaci\u00f3n anual. Hay industriales, comercios m\u00e1s grandes y distribuidores que facturan un poco m\u00e1s y quedan afuera de esta categor\u00eda y hace que paguen mucho m\u00e1s. La facturaci\u00f3n puede ser superior, pero la rentabilidad puede ser baja teniendo en cuenta la totalidad de sus obligaciones contributivas. La tasa termina afectando la rentabilidad y por lo tanto, nuevas inversiones del comerciante e industrial\u201d, agreg\u00f3 Pietrucha que record\u00f3 las diferentes presentaciones que realizaron ante el Secretario de Econom\u00eda con las n\u00f3minas de contribuyentes para demostrar los niveles de inversi\u00f3n por el cual no obtuvieron respuesta a tres meses de presentarse.<\/p>\n<p>&nbsp;<\/p>\n<p>Fuente: Prensa CEM<\/p>\n","protected":false},"excerpt":{"rendered":"<p>En el recinto no se hizo menci\u00f3n a la carta presentada pidiendo el tratamiento de la ordenanza. Adem\u00e1s, se fueron &#8230; <a title=\"CEM manifest\u00f3 su malestar ante la falta de una respuesta en la sesi\u00f3n del HCD\" class=\"read-more\" href=\"https:\/\/www.hoymercedes.com.ar\/principal\/2017\/07\/17\/cem-manifesto-su-malestar-ante-la-falta-de-una-respuesta-en-la-sesion-del-hcd\/\" aria-label=\"Leer m\u00e1s sobre CEM manifest\u00f3 su malestar ante la falta de una respuesta en la sesi\u00f3n del HCD\">Leer m\u00e1s<\/a><\/p>\n","protected":false},"author":1,"featured_media":18490,"comment_status":"closed","ping_status":"open","sticky":false,"template":"","format":"standard","meta":{"_monsterinsights_skip_tracking":false,"_monsterinsights_sitenote_active":false,"_monsterinsights_sitenote_note":"","_monsterinsights_sitenote_category":0,"jetpack_post_was_ever_published":false,"_jetpack_newsletter_access":"","_jetpack_dont_email_post_to_subs":false,"_jetpack_newsletter_tier_id":0,"_jetpack_memberships_contains_paywalled_content":false,"_jetpack_memberships_contains_paid_content":false,"footnotes":"","jetpack_publicize_message":"","jetpack_publicize_feature_enabled":true,"jetpack_social_post_already_shared":true,"jetpack_social_options":{"image_generator_settings":{"template":"highway","default_image_id":0,"font":"","enabled":false},"version":2},"_wpas_customize_per_network":false},"categories":[5485,8],"tags":[267,682,10,11535],"class_list":["post-64974","post","type-post","status-publish","format-standard","has-post-thumbnail","hentry","category-comunidad","category-sociedad","tag-camara-economica-mercedina","tag-cem","tag-mercedes","tag-tasa-de-seguridad-e-higiente","generate-columns","tablet-grid-50","mobile-grid-100","grid-parent","grid-50"],"jetpack_publicize_connections":[],"jetpack_featured_media_url":"https:\/\/www.hoymercedes.com.ar\/principal\/wp-content\/uploads\/2012\/12\/CEM.jpg","wps_subtitle":"Tasa de Seguridad e Higiene","jetpack_sharing_enabled":true,"_links":{"self":[{"href":"https:\/\/www.hoymercedes.com.ar\/principal\/wp-json\/wp\/v2\/posts\/64974","targetHints":{"allow":["GET"]}}],"collection":[{"href":"https:\/\/www.hoymercedes.com.ar\/principal\/wp-json\/wp\/v2\/posts"}],"about":[{"href":"https:\/\/www.hoymercedes.com.ar\/principal\/wp-json\/wp\/v2\/types\/post"}],"author":[{"embeddable":true,"href":"https:\/\/www.hoymercedes.com.ar\/principal\/wp-json\/wp\/v2\/users\/1"}],"replies":[{"embeddable":true,"href":"https:\/\/www.hoymercedes.com.ar\/principal\/wp-json\/wp\/v2\/comments?post=64974"}],"version-history":[{"count":0,"href":"https:\/\/www.hoymercedes.com.ar\/principal\/wp-json\/wp\/v2\/posts\/64974\/revisions"}],"wp:featuredmedia":[{"embeddable":true,"href":"https:\/\/www.hoymercedes.com.ar\/principal\/wp-json\/wp\/v2\/media\/18490"}],"wp:attachment":[{"href":"https:\/\/www.hoymercedes.com.ar\/principal\/wp-json\/wp\/v2\/media?parent=64974"}],"wp:term":[{"taxonomy":"category","embeddable":true,"href":"https:\/\/www.hoymercedes.com.ar\/principal\/wp-json\/wp\/v2\/categories?post=64974"},{"taxonomy":"post_tag","embeddable":true,"href":"https:\/\/www.hoymercedes.com.ar\/principal\/wp-json\/wp\/v2\/tags?post=64974"}],"curies":[{"name":"wp","href":"https:\/\/api.w.org\/{rel}","templated":true}]}}