{"id":65010,"date":"2017-07-18T07:54:44","date_gmt":"2017-07-18T10:54:44","guid":{"rendered":"http:\/\/www.hoymercedes.com.ar\/principal\/?p=65010"},"modified":"2017-07-18T15:25:33","modified_gmt":"2017-07-18T18:25:33","slug":"el-pase-al-milan-es-el-mas-caro-en-la-historia-de-lucas-biglia","status":"publish","type":"post","link":"https:\/\/www.hoymercedes.com.ar\/principal\/2017\/07\/18\/el-pase-al-milan-es-el-mas-caro-en-la-historia-de-lucas-biglia\/","title":{"rendered":"El pase al Milan es el m\u00e1s caro en la historia de Lucas Biglia"},"content":{"rendered":"<p><em><strong>Diario La Naci\u00f3n.-\u00a0Lucas Biglia\u00a0se transform\u00f3 en nuevo jugador del\u00a0Milan\u00a0a cambio de 17 millones de euros m\u00e1s tres de bonificaci\u00f3n para\u00a0Lazio<a class=\"tema topico lazio\" title=\"Ver todas las notas de Lazio\" href=\"http:\/\/www.lanacion.com.ar\/lazio-t50433\" target=\"_blank\" rel=\"noopener\">,<\/a>\u00a0en la transferencia m\u00e1s importante en la carrera del jugador de la selecci\u00f3n argentina.<\/strong><\/em><\/p>\n<p><img loading=\"lazy\" decoding=\"async\" data-attachment-id=\"65011\" data-permalink=\"https:\/\/www.hoymercedes.com.ar\/principal\/2017\/07\/18\/el-pase-al-milan-es-el-mas-caro-en-la-historia-de-lucas-biglia\/captura-de-pantalla-2017-07-17-21-23-18\/#main\" data-orig-file=\"https:\/\/www.hoymercedes.com.ar\/principal\/wp-content\/uploads\/2017\/07\/Captura-de-pantalla-2017-07-17-21.23.18.png\" data-orig-size=\"559,429\" data-comments-opened=\"0\" data-image-meta=\"{&quot;aperture&quot;:&quot;0&quot;,&quot;credit&quot;:&quot;&quot;,&quot;camera&quot;:&quot;&quot;,&quot;caption&quot;:&quot;&quot;,&quot;created_timestamp&quot;:&quot;0&quot;,&quot;copyright&quot;:&quot;&quot;,&quot;focal_length&quot;:&quot;0&quot;,&quot;iso&quot;:&quot;0&quot;,&quot;shutter_speed&quot;:&quot;0&quot;,&quot;title&quot;:&quot;&quot;,&quot;orientation&quot;:&quot;0&quot;}\" data-image-title=\"Captura de pantalla 2017-07-17 21.23.18\" data-image-description=\"\" data-image-caption=\"\" data-large-file=\"https:\/\/www.hoymercedes.com.ar\/principal\/wp-content\/uploads\/2017\/07\/Captura-de-pantalla-2017-07-17-21.23.18.png\" class=\"aligncenter size-full wp-image-65011\" src=\"https:\/\/www.hoymercedes.com.ar\/principal\/wp-content\/uploads\/2017\/07\/Captura-de-pantalla-2017-07-17-21.23.18.png\" alt=\"\" width=\"559\" height=\"429\" srcset=\"https:\/\/www.hoymercedes.com.ar\/principal\/wp-content\/uploads\/2017\/07\/Captura-de-pantalla-2017-07-17-21.23.18.png 559w, https:\/\/www.hoymercedes.com.ar\/principal\/wp-content\/uploads\/2017\/07\/Captura-de-pantalla-2017-07-17-21.23.18-150x115.png 150w\" sizes=\"auto, (max-width: 559px) 100vw, 559px\" \/><\/p>\n<p>\u00abLa transferencia a Milan fue una elecci\u00f3n m\u00eda. En Lazio no me han tratado mal y les agredezco mucho a los\u00a0<i>tifosi<\/i>, con los cuales no he tenido ning\u00fan problema. Los motivos de mi partida no los hago p\u00fablicos porque son cosa m\u00eda. Pero quiero aclarar que no ha habido ning\u00fan problema con el\u00a0<i>Mundo Lazio<\/i>\u00ab, aclar\u00f3 el mediocampista tras acordar su transferencia.<\/p>\n<p>De esta manera, el volante de 31 a\u00f1os jugar\u00e1 en el quinto club de su carrera despu\u00e9s de haber actuado en Argentinos Juniors, Independiente, Anderlecht y Lazio ( en este \u00faltimo donde estuvo cuatro a\u00f1os). Milan le har\u00e1 un contrato por tres a\u00f1os.<\/p>\n<p>Esta es la octava incorporaci\u00f3n de Milan tras Mateo Musacchio (Villarreal), Ricardo Rodr\u00edguez (Wolfsburgo), Frank Kessi\u00e9 (Atalanta), Hakan Calhanoglu (Bayer Leverskusen), Fabio Borini (Sunderland), Andr\u00e9 Silva (Oporto) y Andrea Conti (Atalanta).<\/p>\n<p>&nbsp;<\/p>\n<p><strong>\u00bfForza Lazio?<\/strong><\/p>\n<p>Infobae.\u00a0Carlos Bilardo\u00a0dir\u00eda que un futbolista debe estar\u00a0concentrado las 24 horas\u00a0del d\u00eda durante toda la semana, y el caso de\u00a0Lucas Biglia\u00a0con los hinchas del\u00a0Milan\u00a0es un ejemplo del trabajo mental que deben realizar los protagonistas en el tiempo que est\u00e1n afuera de las canchas.<\/p>\n<div class=\"row\">\n<div class=\"col-xs-12 col-print-12\">\n<p class=\"element element-paragraph\">A la salida de un entrenamiento, los simpatizantes del\u00a0<em>Rossonero<\/em>\u00a0se acercaron al volante para que firme aut\u00f3grafos y se tome unas fotos con los fan\u00e1ticos. Sin embargo, a la hora de brindar un mensaje a los seguidores de su nuevo equipo el mediocampista fall\u00f3.<\/p>\n<div class=\"row\">\n<div class=\"col-xs-12 col-print-12\">\n<p class=\"element element-paragraph\">\u00abForza Lazio\u00bb, dijo\u00a0Biglia\u00a0ante las c\u00e1maras de los celulares de los\u00a0<em>tifosi<\/em>\u00a0del conjunto milan\u00e9s y sus palabras instalaron la sorpresa y el mal momento. \u00ab\u00bfQu\u00e9?, \u00bfLazio?\u00bb, fue la at\u00f3nita reacci\u00f3n de los hinchas, a quienes les tuvo que pedir disculpas de inmediato.<\/p>\n<\/div>\n<\/div>\n<\/div>\n<\/div>\n","protected":false},"excerpt":{"rendered":"<p>Diario La Naci\u00f3n.-\u00a0Lucas Biglia\u00a0se transform\u00f3 en nuevo jugador del\u00a0Milan\u00a0a cambio de 17 millones de euros m\u00e1s tres de bonificaci\u00f3n para\u00a0Lazio,\u00a0en &#8230; <a title=\"El pase al Milan es el m\u00e1s caro en la historia de Lucas Biglia\" class=\"read-more\" href=\"https:\/\/www.hoymercedes.com.ar\/principal\/2017\/07\/18\/el-pase-al-milan-es-el-mas-caro-en-la-historia-de-lucas-biglia\/\" aria-label=\"Leer m\u00e1s sobre El pase al Milan es el m\u00e1s caro en la historia de Lucas Biglia\">Leer m\u00e1s<\/a><\/p>\n","protected":false},"author":1,"featured_media":65011,"comment_status":"closed","ping_status":"open","sticky":false,"template":"","format":"standard","meta":{"_monsterinsights_skip_tracking":false,"_monsterinsights_sitenote_active":false,"_monsterinsights_sitenote_note":"","_monsterinsights_sitenote_category":0,"jetpack_post_was_ever_published":false,"_jetpack_newsletter_access":"","_jetpack_dont_email_post_to_subs":false,"_jetpack_newsletter_tier_id":0,"_jetpack_memberships_contains_paywalled_content":false,"_jetpack_memberships_contains_paid_content":false,"footnotes":"","jetpack_publicize_message":"","jetpack_publicize_feature_enabled":true,"jetpack_social_post_already_shared":true,"jetpack_social_options":{"image_generator_settings":{"template":"highway","default_image_id":0,"font":"","enabled":false},"version":2},"_wpas_customize_per_network":false},"categories":[21],"tags":[204,1003,305,11200],"class_list":["post-65010","post","type-post","status-publish","format-standard","has-post-thumbnail","hentry","category-deportes","tag-deportes-2","tag-futbol","tag-lucas-biglia","tag-milan","generate-columns","tablet-grid-50","mobile-grid-100","grid-parent","grid-50"],"jetpack_publicize_connections":[],"jetpack_featured_media_url":"https:\/\/www.hoymercedes.com.ar\/principal\/wp-content\/uploads\/2017\/07\/Captura-de-pantalla-2017-07-17-21.23.18.png","wps_subtitle":"La Legion","jetpack_sharing_enabled":true,"_links":{"self":[{"href":"https:\/\/www.hoymercedes.com.ar\/principal\/wp-json\/wp\/v2\/posts\/65010","targetHints":{"allow":["GET"]}}],"collection":[{"href":"https:\/\/www.hoymercedes.com.ar\/principal\/wp-json\/wp\/v2\/posts"}],"about":[{"href":"https:\/\/www.hoymercedes.com.ar\/principal\/wp-json\/wp\/v2\/types\/post"}],"author":[{"embeddable":true,"href":"https:\/\/www.hoymercedes.com.ar\/principal\/wp-json\/wp\/v2\/users\/1"}],"replies":[{"embeddable":true,"href":"https:\/\/www.hoymercedes.com.ar\/principal\/wp-json\/wp\/v2\/comments?post=65010"}],"version-history":[{"count":0,"href":"https:\/\/www.hoymercedes.com.ar\/principal\/wp-json\/wp\/v2\/posts\/65010\/revisions"}],"wp:featuredmedia":[{"embeddable":true,"href":"https:\/\/www.hoymercedes.com.ar\/principal\/wp-json\/wp\/v2\/media\/65011"}],"wp:attachment":[{"href":"https:\/\/www.hoymercedes.com.ar\/principal\/wp-json\/wp\/v2\/media?parent=65010"}],"wp:term":[{"taxonomy":"category","embeddable":true,"href":"https:\/\/www.hoymercedes.com.ar\/principal\/wp-json\/wp\/v2\/categories?post=65010"},{"taxonomy":"post_tag","embeddable":true,"href":"https:\/\/www.hoymercedes.com.ar\/principal\/wp-json\/wp\/v2\/tags?post=65010"}],"curies":[{"name":"wp","href":"https:\/\/api.w.org\/{rel}","templated":true}]}}