{"id":65060,"date":"2017-07-20T11:00:24","date_gmt":"2017-07-20T14:00:24","guid":{"rendered":"http:\/\/www.hoymercedes.com.ar\/principal\/?p=65060"},"modified":"2017-07-20T09:31:37","modified_gmt":"2017-07-20T12:31:37","slug":"mercedes-participara-del-nacional-sub-15-de-selecciones","status":"publish","type":"post","link":"https:\/\/www.hoymercedes.com.ar\/principal\/2017\/07\/20\/mercedes-participara-del-nacional-sub-15-de-selecciones\/","title":{"rendered":"Mercedes participar\u00e1 del Nacional Sub 15 de Selecciones"},"content":{"rendered":"<p><strong><em>Durante el fin de semana en la ciudad de San Antonio de Areco, se realiz\u00f3 la reuni\u00f3n mensual de la Federaci\u00f3n Norte de F\u00fatbol, donde la Liga Mercedina de F\u00fatbol particip\u00f3. M\u00e1s all\u00e1 de otros temas, lo m\u00e1s importante pas\u00f3 por el torneo de selecciones para la categor\u00eda Sub-15, ya que en este encuentro se delinearon algunos detalles de la competencia.<\/em><\/strong><\/p>\n<p><img loading=\"lazy\" decoding=\"async\" data-attachment-id=\"65061\" data-permalink=\"https:\/\/www.hoymercedes.com.ar\/principal\/2017\/07\/20\/mercedes-participara-del-nacional-sub-15-de-selecciones\/sub-15-gano-en-chivilcoy-2\/#main\" data-orig-file=\"https:\/\/www.hoymercedes.com.ar\/principal\/wp-content\/uploads\/2017\/07\/Sub-15-gano-en-chivilcoy.jpg\" data-orig-size=\"1200,848\" data-comments-opened=\"0\" data-image-meta=\"{&quot;aperture&quot;:&quot;0&quot;,&quot;credit&quot;:&quot;&quot;,&quot;camera&quot;:&quot;&quot;,&quot;caption&quot;:&quot;&quot;,&quot;created_timestamp&quot;:&quot;0&quot;,&quot;copyright&quot;:&quot;&quot;,&quot;focal_length&quot;:&quot;0&quot;,&quot;iso&quot;:&quot;0&quot;,&quot;shutter_speed&quot;:&quot;0&quot;,&quot;title&quot;:&quot;&quot;,&quot;orientation&quot;:&quot;0&quot;}\" data-image-title=\"Sub 15 gano en chivilcoy\" data-image-description=\"\" data-image-caption=\"\" data-large-file=\"https:\/\/www.hoymercedes.com.ar\/principal\/wp-content\/uploads\/2017\/07\/Sub-15-gano-en-chivilcoy-1024x724.jpg\" class=\"aligncenter size-medium wp-image-65061\" src=\"https:\/\/www.hoymercedes.com.ar\/principal\/wp-content\/uploads\/2017\/07\/Sub-15-gano-en-chivilcoy-630x445.jpg\" alt=\"\" width=\"630\" height=\"445\" srcset=\"https:\/\/www.hoymercedes.com.ar\/principal\/wp-content\/uploads\/2017\/07\/Sub-15-gano-en-chivilcoy-630x445.jpg 630w, https:\/\/www.hoymercedes.com.ar\/principal\/wp-content\/uploads\/2017\/07\/Sub-15-gano-en-chivilcoy-150x106.jpg 150w, https:\/\/www.hoymercedes.com.ar\/principal\/wp-content\/uploads\/2017\/07\/Sub-15-gano-en-chivilcoy-1024x724.jpg 1024w, https:\/\/www.hoymercedes.com.ar\/principal\/wp-content\/uploads\/2017\/07\/Sub-15-gano-en-chivilcoy-140x100.jpg 140w, https:\/\/www.hoymercedes.com.ar\/principal\/wp-content\/uploads\/2017\/07\/Sub-15-gano-en-chivilcoy.jpg 1200w\" sizes=\"auto, (max-width: 630px) 100vw, 630px\" \/><\/p>\n<p>Entre las novedades m\u00e1s importantes, el torneo tendr\u00eda la participaci\u00f3n de nueve equipos divididos en tres zonas de tres integrantes cada una, y en cuanto a la Selecci\u00f3n de Mercedes, integrar\u00eda uno de los grupos junto a los equipos de Chivilcoy y Chacabuco. El inicio ser\u00eda el 16 de agosto.<\/p>\n<p>Todo se confirmar\u00e1 en la ciudad de Baradero, sede de la pr\u00f3xima reuni\u00f3n de la Federaci\u00f3n Norte, que se llevar\u00e1 a cabo el 5 de agosto.<\/p>\n","protected":false},"excerpt":{"rendered":"<p>Durante el fin de semana en la ciudad de San Antonio de Areco, se realiz\u00f3 la reuni\u00f3n mensual de la &#8230; <a title=\"Mercedes participar\u00e1 del Nacional Sub 15 de Selecciones\" class=\"read-more\" href=\"https:\/\/www.hoymercedes.com.ar\/principal\/2017\/07\/20\/mercedes-participara-del-nacional-sub-15-de-selecciones\/\" aria-label=\"Leer m\u00e1s sobre Mercedes participar\u00e1 del Nacional Sub 15 de Selecciones\">Leer m\u00e1s<\/a><\/p>\n","protected":false},"author":1,"featured_media":65061,"comment_status":"closed","ping_status":"open","sticky":false,"template":"","format":"standard","meta":{"_monsterinsights_skip_tracking":false,"_monsterinsights_sitenote_active":false,"_monsterinsights_sitenote_note":"","_monsterinsights_sitenote_category":0,"jetpack_post_was_ever_published":false,"_jetpack_newsletter_access":"","_jetpack_dont_email_post_to_subs":false,"_jetpack_newsletter_tier_id":0,"_jetpack_memberships_contains_paywalled_content":false,"_jetpack_memberships_contains_paid_content":false,"footnotes":"","jetpack_publicize_message":"","jetpack_publicize_feature_enabled":true,"jetpack_social_post_already_shared":true,"jetpack_social_options":{"image_generator_settings":{"template":"highway","default_image_id":0,"font":"","enabled":false},"version":2},"_wpas_customize_per_network":false},"categories":[21],"tags":[122,204,1901,10,9378,11323],"class_list":["post-65060","post","type-post","status-publish","format-standard","has-post-thumbnail","hentry","category-deportes","tag-club-mercedes","tag-deportes-2","tag-liga-mercedina","tag-mercedes","tag-seleccion","tag-sub-15","generate-columns","tablet-grid-50","mobile-grid-100","grid-parent","grid-50"],"jetpack_publicize_connections":[],"jetpack_featured_media_url":"https:\/\/www.hoymercedes.com.ar\/principal\/wp-content\/uploads\/2017\/07\/Sub-15-gano-en-chivilcoy.jpg","wps_subtitle":"Liga Mercedina","jetpack_sharing_enabled":true,"_links":{"self":[{"href":"https:\/\/www.hoymercedes.com.ar\/principal\/wp-json\/wp\/v2\/posts\/65060","targetHints":{"allow":["GET"]}}],"collection":[{"href":"https:\/\/www.hoymercedes.com.ar\/principal\/wp-json\/wp\/v2\/posts"}],"about":[{"href":"https:\/\/www.hoymercedes.com.ar\/principal\/wp-json\/wp\/v2\/types\/post"}],"author":[{"embeddable":true,"href":"https:\/\/www.hoymercedes.com.ar\/principal\/wp-json\/wp\/v2\/users\/1"}],"replies":[{"embeddable":true,"href":"https:\/\/www.hoymercedes.com.ar\/principal\/wp-json\/wp\/v2\/comments?post=65060"}],"version-history":[{"count":0,"href":"https:\/\/www.hoymercedes.com.ar\/principal\/wp-json\/wp\/v2\/posts\/65060\/revisions"}],"wp:featuredmedia":[{"embeddable":true,"href":"https:\/\/www.hoymercedes.com.ar\/principal\/wp-json\/wp\/v2\/media\/65061"}],"wp:attachment":[{"href":"https:\/\/www.hoymercedes.com.ar\/principal\/wp-json\/wp\/v2\/media?parent=65060"}],"wp:term":[{"taxonomy":"category","embeddable":true,"href":"https:\/\/www.hoymercedes.com.ar\/principal\/wp-json\/wp\/v2\/categories?post=65060"},{"taxonomy":"post_tag","embeddable":true,"href":"https:\/\/www.hoymercedes.com.ar\/principal\/wp-json\/wp\/v2\/tags?post=65060"}],"curies":[{"name":"wp","href":"https:\/\/api.w.org\/{rel}","templated":true}]}}