{"id":65069,"date":"2017-07-18T22:10:38","date_gmt":"2017-07-19T01:10:38","guid":{"rendered":"http:\/\/www.hoymercedes.com.ar\/principal\/?p=65069"},"modified":"2017-07-18T22:10:38","modified_gmt":"2017-07-19T01:10:38","slug":"mas-de-1000-vecinos-en-las-propuestas-culturales-de-vacaciones-de-invierno","status":"publish","type":"post","link":"https:\/\/www.hoymercedes.com.ar\/principal\/2017\/07\/18\/mas-de-1000-vecinos-en-las-propuestas-culturales-de-vacaciones-de-invierno\/","title":{"rendered":"M\u00e1s de 1000 vecinos en las propuestas culturales de vacaciones de invierno"},"content":{"rendered":"<figure id=\"attachment_65070\" aria-describedby=\"caption-attachment-65070\" style=\"width: 620px\" class=\"wp-caption aligncenter\"><img loading=\"lazy\" decoding=\"async\" data-attachment-id=\"65070\" data-permalink=\"https:\/\/www.hoymercedes.com.ar\/principal\/2017\/07\/18\/mas-de-1000-vecinos-en-las-propuestas-culturales-de-vacaciones-de-invierno\/3ce3c8f3-deb5-48b9-b28a-c4c82632e310\/#main\" data-orig-file=\"https:\/\/www.hoymercedes.com.ar\/principal\/wp-content\/uploads\/2017\/07\/3ce3c8f3-deb5-48b9-b28a-c4c82632e310-e1500499036345.jpg\" data-orig-size=\"630,420\" data-comments-opened=\"0\" data-image-meta=\"{&quot;aperture&quot;:&quot;0&quot;,&quot;credit&quot;:&quot;&quot;,&quot;camera&quot;:&quot;&quot;,&quot;caption&quot;:&quot;&quot;,&quot;created_timestamp&quot;:&quot;0&quot;,&quot;copyright&quot;:&quot;&quot;,&quot;focal_length&quot;:&quot;0&quot;,&quot;iso&quot;:&quot;0&quot;,&quot;shutter_speed&quot;:&quot;0&quot;,&quot;title&quot;:&quot;&quot;,&quot;orientation&quot;:&quot;0&quot;}\" data-image-title=\"3ce3c8f3-deb5-48b9-b28a-c4c82632e310\" data-image-description=\"\" data-image-caption=\"\" data-large-file=\"https:\/\/www.hoymercedes.com.ar\/principal\/wp-content\/uploads\/2017\/07\/3ce3c8f3-deb5-48b9-b28a-c4c82632e310-1024x682.jpg\" class=\"wp-image-65070 size-medium\" src=\"https:\/\/www.hoymercedes.com.ar\/principal\/wp-content\/uploads\/2017\/07\/3ce3c8f3-deb5-48b9-b28a-c4c82632e310-630x420.jpg\" alt=\"\" width=\"630\" height=\"420\" \/><figcaption id=\"caption-attachment-65070\" class=\"wp-caption-text\">Pelambra tuvo que hacer doble funci\u00f3n por la gran cantidad de p\u00fablico<\/figcaption><\/figure>\n<p>Las propuestas culturales son un \u00e9xito. Decenas de chicos visitan los museos en los turnos de la ma\u00f1ana y tarde. En el teatro se debi\u00f3 colocar una funci\u00f3n extra dada la gran demanda vivida que gener\u00f3 colas de m\u00e1s de media cuadra. Las actividades son libres y gratuitas. Ustarroz destac\u00f3 que \u201cla idea de inclusi\u00f3n, de oportunidades y condiciones para todos se plasma claramente en este tipo de encuentros\u201d destacando \u201cel gran trabajo de los artistas y trabajadores municipales que dan lo mejor para que las familias encuentren excelentes propuestas\u201d<\/p>\n<p><strong>Doble turno<\/strong><\/p>\n<p>Durante las ma\u00f1anas de vacaciones, el Museo Hist\u00f3rico V. M\u00edguez contin\u00faa desarrollando las actividades planeadas para el receso escolar. Con total \u00e9xito se llev\u00f3 a cabo el taller \u201cJuguemos con el patrimonio\u201d, un espacio donde los chicos pueden manipular objetos propios del museo para reconocerlos y saber sobre su historia. As\u00ed, tablas de lavado, planchas de hierro a carb\u00f3n o latas de yerba antiguas son observadas y controladas por los visitantes para reforzar el patrimonio de la familia y el de la ciudad. Esos mismos elementos volcados en rompecabezas, en piezas del pizarr\u00f3n magn\u00e9tico o en dibujos para colorear sirven para que puedan reconocer el patrimonio tangible o intangible, mueble o inmueble. Quienes son parte de este taller, pueden recorrer libremente el museo para luego salir a la calle y descubrir las g\u00e1rgolas de la Iglesia y los balaustres de las casas aleda\u00f1as. En esta oportunidad, tambi\u00e9n cont\u00f3 con la exquisita narraci\u00f3n de cuentos a cargo de Silvia De C\u00e9sare sobre historias populares.\u00a0 El objetivo: darle protagonismo a esos temas que est\u00e1n al alcance de la mano y que quiz\u00e1s, pasan desapercibidos.<\/p>\n<p><img loading=\"lazy\" decoding=\"async\" data-attachment-id=\"65071\" data-permalink=\"https:\/\/www.hoymercedes.com.ar\/principal\/2017\/07\/18\/mas-de-1000-vecinos-en-las-propuestas-culturales-de-vacaciones-de-invierno\/d83302c6-b48a-46bf-bf9c-c2176deb041b\/#main\" data-orig-file=\"https:\/\/www.hoymercedes.com.ar\/principal\/wp-content\/uploads\/2017\/07\/d83302c6-b48a-46bf-bf9c-c2176deb041b-e1500499069327.jpg\" data-orig-size=\"630,420\" data-comments-opened=\"0\" data-image-meta=\"{&quot;aperture&quot;:&quot;0&quot;,&quot;credit&quot;:&quot;&quot;,&quot;camera&quot;:&quot;&quot;,&quot;caption&quot;:&quot;&quot;,&quot;created_timestamp&quot;:&quot;0&quot;,&quot;copyright&quot;:&quot;&quot;,&quot;focal_length&quot;:&quot;0&quot;,&quot;iso&quot;:&quot;0&quot;,&quot;shutter_speed&quot;:&quot;0&quot;,&quot;title&quot;:&quot;&quot;,&quot;orientation&quot;:&quot;0&quot;}\" data-image-title=\"d83302c6-b48a-46bf-bf9c-c2176deb041b\" data-image-description=\"\" data-image-caption=\"\" data-large-file=\"https:\/\/www.hoymercedes.com.ar\/principal\/wp-content\/uploads\/2017\/07\/d83302c6-b48a-46bf-bf9c-c2176deb041b-1024x682.jpg\" class=\"aligncenter size-medium wp-image-65071\" src=\"https:\/\/www.hoymercedes.com.ar\/principal\/wp-content\/uploads\/2017\/07\/d83302c6-b48a-46bf-bf9c-c2176deb041b-630x420.jpg\" alt=\"\" width=\"630\" height=\"420\" \/><\/p>\n<p>En el Museo de Ciencias Naturales, todas las ma\u00f1anas contin\u00faan las actividades referidas a su tem\u00e1tica espec\u00edfica. Desde las 10, chicos y padres pueden recorrer las distintas salas y conocer sobre los descubrimientos realizados de nuestra naturaleza y colorear dibujos preparados para esta ocasi\u00f3n. Ma\u00f1ana, mi\u00e9rcoles 19 de julio, desde las 14, se realizar\u00e1 el taller de teatro para ni\u00f1os \u201cExplorando ando\u201d a cargo de la profesora Gabriela Lorusso de manera libre y gratuita.<\/p>\n<p>En el Museo de Arte, la propuesta del taller de pl\u00e1stica a cargo de Anabel Pi\u00f1eiro se concret\u00f3 con total \u00e9xito y ya complet\u00f3 los cupos previstos para este mi\u00e9rcoles 19 a pedido de los chicos, el taller se repetir\u00e1 el pr\u00f3ximo mi\u00e9rcoles 26 y jueves 27 desde las 15hs. Todos los que quieran participar, deber\u00e1n inscribirse con anticipaci\u00f3n llamando al 435368.<\/p>\n<figure id=\"attachment_65073\" aria-describedby=\"caption-attachment-65073\" style=\"width: 620px\" class=\"wp-caption aligncenter\"><img loading=\"lazy\" decoding=\"async\" data-attachment-id=\"65073\" data-permalink=\"https:\/\/www.hoymercedes.com.ar\/principal\/2017\/07\/18\/mas-de-1000-vecinos-en-las-propuestas-culturales-de-vacaciones-de-invierno\/vacacionesmuseos-101\/#main\" data-orig-file=\"https:\/\/www.hoymercedes.com.ar\/principal\/wp-content\/uploads\/2017\/07\/vacacionesmuseos-101.jpg\" data-orig-size=\"750,422\" data-comments-opened=\"0\" data-image-meta=\"{&quot;aperture&quot;:&quot;0&quot;,&quot;credit&quot;:&quot;&quot;,&quot;camera&quot;:&quot;&quot;,&quot;caption&quot;:&quot;&quot;,&quot;created_timestamp&quot;:&quot;0&quot;,&quot;copyright&quot;:&quot;&quot;,&quot;focal_length&quot;:&quot;0&quot;,&quot;iso&quot;:&quot;0&quot;,&quot;shutter_speed&quot;:&quot;0&quot;,&quot;title&quot;:&quot;&quot;,&quot;orientation&quot;:&quot;0&quot;}\" data-image-title=\"vacacionesmuseos-101\" data-image-description=\"\" data-image-caption=\"&lt;p&gt;Cuentos para los m\u00e1s peque\u00f1os&lt;\/p&gt;\n\" data-large-file=\"https:\/\/www.hoymercedes.com.ar\/principal\/wp-content\/uploads\/2017\/07\/vacacionesmuseos-101.jpg\" class=\"size-medium wp-image-65073\" src=\"https:\/\/www.hoymercedes.com.ar\/principal\/wp-content\/uploads\/2017\/07\/vacacionesmuseos-101-630x354.jpg\" alt=\"\" width=\"630\" height=\"354\" srcset=\"https:\/\/www.hoymercedes.com.ar\/principal\/wp-content\/uploads\/2017\/07\/vacacionesmuseos-101-630x354.jpg 630w, https:\/\/www.hoymercedes.com.ar\/principal\/wp-content\/uploads\/2017\/07\/vacacionesmuseos-101-150x84.jpg 150w, https:\/\/www.hoymercedes.com.ar\/principal\/wp-content\/uploads\/2017\/07\/vacacionesmuseos-101.jpg 750w\" sizes=\"auto, (max-width: 630px) 100vw, 630px\" \/><figcaption id=\"caption-attachment-65073\" class=\"wp-caption-text\">Cuentos para los m\u00e1s peque\u00f1os<\/figcaption><\/figure>\n<p><strong>Por la tarde<\/strong><\/p>\n<p>Las actividades tambi\u00e9n tienen distintos epicentros. El que se vio colmado fue la propuesta teatral del reconocido payaso \u201cPelambre\u201d donde los vecinos concurrieron masivamente llevando a las autoridades a crear una doble funci\u00f3n. \u201cAgregamos una funci\u00f3n m\u00e1s dado que con mucha alegr\u00eda vimos a cientos de ni\u00f1os deseando entrar. Colmamos las instalaciones y hab\u00eda casi una cuadra de cola. Es por ello que inmediatamente agregamos y avisamos que no se vayan porque el teatro es para ellos y agreg\u00e1bamos funci\u00f3n\u201d, cont\u00f3 Luc\u00eda Capaccio.<\/p>\n<p>Tambi\u00e9n hubo muy buena recepci\u00f3n el \u201cArque-kid\u201d con el taller de arquitectura para chicos en el MAMM y la Globolog\u00eda en el Ameghino Mar\u00edn donde tambi\u00e9n los cupos se completaron r\u00e1pidamente.<\/p>\n<p><strong>Para la familia<\/strong><\/p>\n<p>De esta manera, las familias mercedinas, encuentran un Estado que las acompa\u00f1a y a los m\u00e1s peque\u00f1os como prioridad, en estas vacaciones de invierno<\/p>\n<p><span style=\"color: #999999;\">Fuente: Prensa Municipalidad<\/span><\/p>\n","protected":false},"excerpt":{"rendered":"<p>Las propuestas culturales son un \u00e9xito. Decenas de chicos visitan los museos en los turnos de la ma\u00f1ana y tarde. &#8230; <a title=\"M\u00e1s de 1000 vecinos en las propuestas culturales de vacaciones de invierno\" class=\"read-more\" href=\"https:\/\/www.hoymercedes.com.ar\/principal\/2017\/07\/18\/mas-de-1000-vecinos-en-las-propuestas-culturales-de-vacaciones-de-invierno\/\" aria-label=\"Leer m\u00e1s sobre M\u00e1s de 1000 vecinos en las propuestas culturales de vacaciones de invierno\">Leer m\u00e1s<\/a><\/p>\n","protected":false},"author":1,"featured_media":65070,"comment_status":"closed","ping_status":"open","sticky":false,"template":"","format":"standard","meta":{"_monsterinsights_skip_tracking":false,"_monsterinsights_sitenote_active":false,"_monsterinsights_sitenote_note":"","_monsterinsights_sitenote_category":0,"jetpack_post_was_ever_published":false,"_jetpack_newsletter_access":"","_jetpack_dont_email_post_to_subs":false,"_jetpack_newsletter_tier_id":0,"_jetpack_memberships_contains_paywalled_content":false,"_jetpack_memberships_contains_paid_content":false,"footnotes":"","jetpack_publicize_message":"","jetpack_publicize_feature_enabled":true,"jetpack_social_post_already_shared":true,"jetpack_social_options":{"image_generator_settings":{"template":"highway","default_image_id":0,"font":"","enabled":false},"version":2},"_wpas_customize_per_network":false},"categories":[104],"tags":[967,11392,585,8589,7629,10403],"class_list":["post-65069","post","type-post","status-publish","format-standard","has-post-thumbnail","hentry","category-cultura","tag-cultura-mercedes","tag-geronimo-ustarroz","tag-juan-ustarroz","tag-lucia-capaccio","tag-vacaciones-de-invierno","tag-vivi-mercedes","generate-columns","tablet-grid-50","mobile-grid-100","grid-parent","grid-50"],"jetpack_publicize_connections":[],"jetpack_featured_media_url":"https:\/\/www.hoymercedes.com.ar\/principal\/wp-content\/uploads\/2017\/07\/3ce3c8f3-deb5-48b9-b28a-c4c82632e310-e1500499036345.jpg","wps_subtitle":"Para toda la familia","jetpack_sharing_enabled":true,"_links":{"self":[{"href":"https:\/\/www.hoymercedes.com.ar\/principal\/wp-json\/wp\/v2\/posts\/65069","targetHints":{"allow":["GET"]}}],"collection":[{"href":"https:\/\/www.hoymercedes.com.ar\/principal\/wp-json\/wp\/v2\/posts"}],"about":[{"href":"https:\/\/www.hoymercedes.com.ar\/principal\/wp-json\/wp\/v2\/types\/post"}],"author":[{"embeddable":true,"href":"https:\/\/www.hoymercedes.com.ar\/principal\/wp-json\/wp\/v2\/users\/1"}],"replies":[{"embeddable":true,"href":"https:\/\/www.hoymercedes.com.ar\/principal\/wp-json\/wp\/v2\/comments?post=65069"}],"version-history":[{"count":0,"href":"https:\/\/www.hoymercedes.com.ar\/principal\/wp-json\/wp\/v2\/posts\/65069\/revisions"}],"wp:featuredmedia":[{"embeddable":true,"href":"https:\/\/www.hoymercedes.com.ar\/principal\/wp-json\/wp\/v2\/media\/65070"}],"wp:attachment":[{"href":"https:\/\/www.hoymercedes.com.ar\/principal\/wp-json\/wp\/v2\/media?parent=65069"}],"wp:term":[{"taxonomy":"category","embeddable":true,"href":"https:\/\/www.hoymercedes.com.ar\/principal\/wp-json\/wp\/v2\/categories?post=65069"},{"taxonomy":"post_tag","embeddable":true,"href":"https:\/\/www.hoymercedes.com.ar\/principal\/wp-json\/wp\/v2\/tags?post=65069"}],"curies":[{"name":"wp","href":"https:\/\/api.w.org\/{rel}","templated":true}]}}