{"id":65091,"date":"2017-07-19T12:53:18","date_gmt":"2017-07-19T15:53:18","guid":{"rendered":"http:\/\/www.hoymercedes.com.ar\/principal\/?p=65091"},"modified":"2017-07-19T12:53:18","modified_gmt":"2017-07-19T15:53:18","slug":"revora-este-proyecto-en-favor-de-los-bancos-es-otra-muestra-de-que-vidal-gobierna-para-los-ricos","status":"publish","type":"post","link":"https:\/\/www.hoymercedes.com.ar\/principal\/2017\/07\/19\/revora-este-proyecto-en-favor-de-los-bancos-es-otra-muestra-de-que-vidal-gobierna-para-los-ricos\/","title":{"rendered":"R\u00e9vora: \u201cEste proyecto en favor de los bancos es otra muestra de que Vidal gobierna para los ricos\u201d"},"content":{"rendered":"<p><strong>La gobernadora envi\u00f3 a la legislatura un proyecto para eximir el pago de ingresos brutos a las operaciones entre entidades financieras. \u201cMientras todos los d\u00edas se cierran empresas y comercios y se reprime a los trabajadores, Vidal pide sacarles impuestos a los sectores m\u00e1s poderosos de la sociedad\u201d, dijo el diputado.<\/strong><\/p>\n<p><span lang=\"ES-AR\">El proyecto presentado por la gobernadora bonaerense, Mar\u00eda Eugenia Vidal, para eximir del pago de impuestos a las operaciones entre entidades financieras \u201crepresenta otra muestra cabal de que, como lo hace Mauricio Macri en el pa\u00eds, en cada una de las decisiones que toma prioriza a los poderosos y a los ricos en perjuicio de las mayor\u00edas y de los sectores m\u00e1s vulnerables\u201d, expres\u00f3 el legislador provincial mercedino Santiago \u201cLalo\u201d R\u00e9vora.<u><\/u><u><\/u><\/span><\/p>\n<p><span lang=\"ES-AR\">\u201cHace unos d\u00edas conocimos las cifras del desempleo en la Argentina: la provincia de Buenos Aires tiene la tasa m\u00e1s alta del pa\u00eds, ya en dos d\u00edgitos, con m\u00e1s de 11 puntos -record\u00f3 el legislador mercedino-. La realidad, cada d\u00eda, golpea a los sectores m\u00e1s vulnerables de la sociedad con desempleo, con alzas brutales de servicios, con ca\u00edda del poder adquisitivo, con empobrecimiento. Con hambre\u201d.<u><\/u><u><\/u><\/span><\/p>\n<p><span lang=\"ES-AR\">\u201cEn ese marco,\u00a0la gobernadora bonaerense\u00a0env\u00eda un proyecto al Congreso para beneficiar a uno de los sectores m\u00e1s ricos: los bancos;\u00a0y por el otro lado, como vimos hace algunos d\u00edas, manda a reprimir brutalmente a las familias que, en su desesperaci\u00f3n, en su sufrimiento, reclaman para defender sus puestos de trabajo como ocurri\u00f3 en la empresa multinacional PepsiCo.\u00a0Vidal aplica en la provincia las mismas pol\u00edticas que impulsa Mauricio Macri a nivel nacional\u201d, a\u00f1adi\u00f3.<u><\/u><u><\/u><\/span><\/p>\n<p><span lang=\"ES-AR\">En efecto, el texto enviado por la gobernadora a la legislatura bonaerense pide modificar la Ley n\u00famero 21.526 y \u201ceximir de impuestos sobre los ingresos brutos a los ingresos provenientes de las operaciones de pases entre las entidades financieras, y de las entidades con el Banco Central de la Rep\u00fablica Argentina\u201d.<u><\/u><u><\/u><\/span><\/p>\n<p><span lang=\"ES-AR\">Seg\u00fan los especialistas, la eximici\u00f3n del pago de ingresos brutos para esta clase de operaciones es otro instrumento para \u201cfomentar la bicicleta financiera\u201d.<u><\/u><u><\/u><\/span><\/p>\n<p><span lang=\"ES-AR\">\u201cSe trata, sobre todo, de movimientos de dinero entre entidades financieras o de estas mismas entidades financieras con el Banco Central de la Rep\u00fablica Argentina en determinada coyuntura y que hoy tributa ingresos brutos sobre la tasa de inter\u00e9s\u201d, explicaron.<u><\/u><u><\/u><\/span><\/p>\n<p><span lang=\"ES-AR\">R\u00e9vora record\u00f3 que \u201cen campa\u00f1a prometieron que los trabajadores no pagar\u00edan impuesto a las ganancias, entre muchas otras cosas. No solo mintieron tambi\u00e9n con eso, sino que eximieron de impuestos a los sectores m\u00e1s concentrados de la econom\u00eda como los grandes productores agropecuarios o las mineras, por dar dos ejemplos. Y eso sin hablar del intento de Macri de autoperdonarse una deuda millonaria del Correo Argentino con el Estado o de los m\u00faltiples negocios con que se favorecen las empresas vinculadas a integrantes del gobierno. Vidal sigue el mismo camino con este proyecto que present\u00f3 en el Congreso bonaerense\u201d.<u><\/u><u><\/u><\/span><\/p>\n<p><span lang=\"ES-AR\">\u201cMientras tanto -a\u00f1adi\u00f3-, todos los d\u00edas se cierran peque\u00f1as y medianas empresas, se cierran comercios, miles de argentinos se quedan sin trabajo, les sacan las pensiones a los discapacitados, les sacan los remedios a los jubilados\u00a0y, si los ciudadanos tienen la &#8216;osad\u00eda&#8217; de reclamar en defensa de sus derechos, los reprimen sin ninguna clase de sensibilidad. Y como lo ocurrido en PepsiCo hay otras decenas de tristes ejemplos. Es un gobierno de ricos para ricos\u201d, cerr\u00f3.<\/span><\/p>\n","protected":false},"excerpt":{"rendered":"<p>La gobernadora envi\u00f3 a la legislatura un proyecto para eximir el pago de ingresos brutos a las operaciones entre entidades &#8230; <a title=\"R\u00e9vora: \u201cEste proyecto en favor de los bancos es otra muestra de que Vidal gobierna para los ricos\u201d\" class=\"read-more\" href=\"https:\/\/www.hoymercedes.com.ar\/principal\/2017\/07\/19\/revora-este-proyecto-en-favor-de-los-bancos-es-otra-muestra-de-que-vidal-gobierna-para-los-ricos\/\" aria-label=\"Leer m\u00e1s sobre R\u00e9vora: \u201cEste proyecto en favor de los bancos es otra muestra de que Vidal gobierna para los ricos\u201d\">Leer m\u00e1s<\/a><\/p>\n","protected":false},"author":1,"featured_media":50312,"comment_status":"closed","ping_status":"open","sticky":false,"template":"","format":"standard","meta":{"_monsterinsights_skip_tracking":false,"_monsterinsights_sitenote_active":false,"_monsterinsights_sitenote_note":"","_monsterinsights_sitenote_category":0,"jetpack_post_was_ever_published":false,"_jetpack_newsletter_access":"","_jetpack_dont_email_post_to_subs":false,"_jetpack_newsletter_tier_id":0,"_jetpack_memberships_contains_paywalled_content":false,"_jetpack_memberships_contains_paid_content":false,"footnotes":"","jetpack_publicize_message":"","jetpack_publicize_feature_enabled":true,"jetpack_social_post_already_shared":true,"jetpack_social_options":{"image_generator_settings":{"template":"highway","default_image_id":0,"font":"","enabled":false},"version":2},"_wpas_customize_per_network":false},"categories":[1],"tags":[11554,3558],"class_list":["post-65091","post","type-post","status-publish","format-standard","has-post-thumbnail","hentry","category-opinion","tag-diputado-lalo-revora","tag-lalo-revora","generate-columns","tablet-grid-50","mobile-grid-100","grid-parent","grid-50"],"jetpack_publicize_connections":[],"jetpack_featured_media_url":"https:\/\/www.hoymercedes.com.ar\/principal\/wp-content\/uploads\/2016\/05\/24-lalo-revora.jpg","wps_subtitle":"Diputado Provincial ","jetpack_sharing_enabled":true,"_links":{"self":[{"href":"https:\/\/www.hoymercedes.com.ar\/principal\/wp-json\/wp\/v2\/posts\/65091","targetHints":{"allow":["GET"]}}],"collection":[{"href":"https:\/\/www.hoymercedes.com.ar\/principal\/wp-json\/wp\/v2\/posts"}],"about":[{"href":"https:\/\/www.hoymercedes.com.ar\/principal\/wp-json\/wp\/v2\/types\/post"}],"author":[{"embeddable":true,"href":"https:\/\/www.hoymercedes.com.ar\/principal\/wp-json\/wp\/v2\/users\/1"}],"replies":[{"embeddable":true,"href":"https:\/\/www.hoymercedes.com.ar\/principal\/wp-json\/wp\/v2\/comments?post=65091"}],"version-history":[{"count":0,"href":"https:\/\/www.hoymercedes.com.ar\/principal\/wp-json\/wp\/v2\/posts\/65091\/revisions"}],"wp:featuredmedia":[{"embeddable":true,"href":"https:\/\/www.hoymercedes.com.ar\/principal\/wp-json\/wp\/v2\/media\/50312"}],"wp:attachment":[{"href":"https:\/\/www.hoymercedes.com.ar\/principal\/wp-json\/wp\/v2\/media?parent=65091"}],"wp:term":[{"taxonomy":"category","embeddable":true,"href":"https:\/\/www.hoymercedes.com.ar\/principal\/wp-json\/wp\/v2\/categories?post=65091"},{"taxonomy":"post_tag","embeddable":true,"href":"https:\/\/www.hoymercedes.com.ar\/principal\/wp-json\/wp\/v2\/tags?post=65091"}],"curies":[{"name":"wp","href":"https:\/\/api.w.org\/{rel}","templated":true}]}}