{"id":65142,"date":"2017-07-20T21:37:45","date_gmt":"2017-07-21T00:37:45","guid":{"rendered":"http:\/\/www.hoymercedes.com.ar\/principal\/?p=65142"},"modified":"2017-07-28T11:42:33","modified_gmt":"2017-07-28T14:42:33","slug":"borroni-cumple-la-uom-mercedes-no","status":"publish","type":"post","link":"https:\/\/www.hoymercedes.com.ar\/principal\/2017\/07\/20\/borroni-cumple-la-uom-mercedes-no\/","title":{"rendered":"\u00abBorroni cumple: la UOM Mercedes, no\u00bb"},"content":{"rendered":"<p>Desde la empresa Aceros Borroni emitieron un comunicado para poner en conocimiento a la sociedad mercedina sobre lo que est\u00e1 ocurriendo en la planta. El mismo indica lo siguiente:<\/p>\n<p>\u00abAnte la medida de fuerza que se encuentran llevando adelante desde la UOM Mercedes, la empresa necesita aclarar ante la opini\u00f3n p\u00fablica las siguientes cuestiones:<\/p>\n<p class=\"x_MsoNormal\">\u2022 Aceros BORRONI ha cumplido desde siempre con lo acordado en los convenios colectivos; no posee premios impagos y cumple con las medidas de seguridad e higiene en el trabajo. A pesar de la dif\u00edcil situaci\u00f3n econ\u00f3mica del sector la empresa se encuentra al d\u00eda con los salarios y los aportes previsionales; no se adeudan aguinaldos; ni premios. Solo existi\u00f3 un error en la liquidaci\u00f3n de la \u00faltima quincena que la empresa se comprometi\u00f3 a abonarlo en la pr\u00f3xima liquidaci\u00f3n y que no excede en promedio los CINCUENTA PESOS por trabajador.<\/p>\n<p class=\"x_MsoNormal\">\u2022 Aceros BORRONI concurri\u00f3\u00a0\u00a0a una audiencia en el Ministerio de Trabajo Delegaci\u00f3n Mercedes en la cual se comprometi\u00f3 a normalizar esa diferencia salarial en la pr\u00f3xima liquidaci\u00f3n y abonar la diferencia. No acept\u00f3 \u2013porque no est\u00e1 en condiciones de hacerlo- abonar un premio extraordinario que solicitaron desde el gremio. En esa audiencia tampoco acept\u00f3 reincorporar a UN trabajador cesanteado el 4 de julio\u00a0<b><u>Con\u00a0<\/u><\/b>causa.<\/p>\n<p class=\"x_MsoNormal\">Desde la UOM Mercedes \u2013por causas que se desconocen- se impuls\u00f3 una medida de fuerza claramente desproporcionada e ilegal. Bloquearon la puerta de la f\u00e1brica impidiendo que salgan los camiones a entregar mercader\u00eda a nuestros distintos clientes. Amenazaron a la gran mayor\u00eda de los trabajadores que quer\u00edan presentarse a trabajar y boicotearon de diversas maneras \u2013algunas de ellas rayando la ilegalidad- la actividad de la empresa.<\/p>\n<p class=\"x_MsoNormal\">Hasta el d\u00eda de la fecha no hemos sido informados oficialmente de la medida de fuerza extorsiva que se est\u00e1 llevando adelante en las puertas de nuestra f\u00e1brica.<\/p>\n<p class=\"x_MsoNormal\">Sabemos \u2013porque nos consta- que buena parte de las personas que bloquean la entrada y salida de ACEROS BORRONI no SON TRABAJADORES de la planta. Y tenemos la convicci\u00f3n que ni siquiera se trata de vecinos de Mercedes. A pesar de ello, ese pu\u00f1ado de personas est\u00e1n poniendo en riesgo la continuidad de una planta metal\u00fargica de la cual viven MAS DE DOSCIENTAS familias mercedinas (de manera directa o indirecta) por mero capricho sindical.<\/p>\n<p class=\"x_MsoNormal\">Instamos a las autoridades a tomar cartas en el asunto\u00bb.<\/p>\n","protected":false},"excerpt":{"rendered":"<p>Desde la empresa Aceros Borroni emitieron un comunicado para poner en conocimiento a la sociedad mercedina sobre lo que est\u00e1 &#8230; <a title=\"\u00abBorroni cumple: la UOM Mercedes, no\u00bb\" class=\"read-more\" href=\"https:\/\/www.hoymercedes.com.ar\/principal\/2017\/07\/20\/borroni-cumple-la-uom-mercedes-no\/\" aria-label=\"Leer m\u00e1s sobre \u00abBorroni cumple: la UOM Mercedes, no\u00bb\">Leer m\u00e1s<\/a><\/p>\n","protected":false},"author":1,"featured_media":0,"comment_status":"closed","ping_status":"open","sticky":false,"template":"","format":"standard","meta":{"_monsterinsights_skip_tracking":false,"_monsterinsights_sitenote_active":false,"_monsterinsights_sitenote_note":"","_monsterinsights_sitenote_category":0,"jetpack_post_was_ever_published":false,"_jetpack_newsletter_access":"","_jetpack_dont_email_post_to_subs":false,"_jetpack_newsletter_tier_id":0,"_jetpack_memberships_contains_paywalled_content":false,"_jetpack_memberships_contains_paid_content":false,"footnotes":"","jetpack_publicize_message":"","jetpack_publicize_feature_enabled":true,"jetpack_social_post_already_shared":true,"jetpack_social_options":{"image_generator_settings":{"template":"highway","default_image_id":0,"font":"","enabled":false},"version":2},"_wpas_customize_per_network":false},"categories":[10563],"tags":[3779,8799,524,1443,11563,1259],"class_list":["post-65142","post","type-post","status-publish","format-standard","hentry","category-gremios-sindicatos","tag-aceros-borroni","tag-gremios","tag-paro","tag-sindicatos","tag-trabajadores","tag-uom","generate-columns","tablet-grid-50","mobile-grid-100","grid-parent","grid-50"],"jetpack_publicize_connections":[],"jetpack_featured_media_url":"","wps_subtitle":"Comunicado de Prensa","jetpack_sharing_enabled":true,"_links":{"self":[{"href":"https:\/\/www.hoymercedes.com.ar\/principal\/wp-json\/wp\/v2\/posts\/65142","targetHints":{"allow":["GET"]}}],"collection":[{"href":"https:\/\/www.hoymercedes.com.ar\/principal\/wp-json\/wp\/v2\/posts"}],"about":[{"href":"https:\/\/www.hoymercedes.com.ar\/principal\/wp-json\/wp\/v2\/types\/post"}],"author":[{"embeddable":true,"href":"https:\/\/www.hoymercedes.com.ar\/principal\/wp-json\/wp\/v2\/users\/1"}],"replies":[{"embeddable":true,"href":"https:\/\/www.hoymercedes.com.ar\/principal\/wp-json\/wp\/v2\/comments?post=65142"}],"version-history":[{"count":0,"href":"https:\/\/www.hoymercedes.com.ar\/principal\/wp-json\/wp\/v2\/posts\/65142\/revisions"}],"wp:attachment":[{"href":"https:\/\/www.hoymercedes.com.ar\/principal\/wp-json\/wp\/v2\/media?parent=65142"}],"wp:term":[{"taxonomy":"category","embeddable":true,"href":"https:\/\/www.hoymercedes.com.ar\/principal\/wp-json\/wp\/v2\/categories?post=65142"},{"taxonomy":"post_tag","embeddable":true,"href":"https:\/\/www.hoymercedes.com.ar\/principal\/wp-json\/wp\/v2\/tags?post=65142"}],"curies":[{"name":"wp","href":"https:\/\/api.w.org\/{rel}","templated":true}]}}