{"id":65157,"date":"2017-07-21T13:07:07","date_gmt":"2017-07-21T16:07:07","guid":{"rendered":"http:\/\/www.hoymercedes.com.ar\/principal\/?p=65157"},"modified":"2017-07-21T10:11:13","modified_gmt":"2017-07-21T13:11:13","slug":"jovenes-del-envion-en-el-observatorio-municipal","status":"publish","type":"post","link":"https:\/\/www.hoymercedes.com.ar\/principal\/2017\/07\/21\/jovenes-del-envion-en-el-observatorio-municipal\/","title":{"rendered":"J\u00f3venes del Envi\u00f3n en el Observatorio Municipal"},"content":{"rendered":"<p>Durante la noche del pasado martes gran cantidad de j\u00f3venes mercedinos pertenecientes al programa Envi\u00f3n Comunitario disfrutaron de una noche bajo las estrellas en el Observatorio Municipal. \u00abFue una experiencia bell\u00edsima\u00bb, contaron, al poder observar el cielo en su plenitud. De esta manera, las vacaciones de invierno se viven en Mercedes con m\u00faltiples actividades y desde distintas \u00e1reas.<\/p>\n<p><img loading=\"lazy\" decoding=\"async\" data-attachment-id=\"65158\" data-permalink=\"https:\/\/www.hoymercedes.com.ar\/principal\/2017\/07\/21\/jovenes-del-envion-en-el-observatorio-municipal\/21-envion-observatorio-1\/#main\" data-orig-file=\"https:\/\/www.hoymercedes.com.ar\/principal\/wp-content\/uploads\/2017\/07\/21-Envion-Observatorio-1.jpg\" data-orig-size=\"630,473\" data-comments-opened=\"0\" data-image-meta=\"{&quot;aperture&quot;:&quot;0&quot;,&quot;credit&quot;:&quot;&quot;,&quot;camera&quot;:&quot;&quot;,&quot;caption&quot;:&quot;&quot;,&quot;created_timestamp&quot;:&quot;0&quot;,&quot;copyright&quot;:&quot;&quot;,&quot;focal_length&quot;:&quot;0&quot;,&quot;iso&quot;:&quot;0&quot;,&quot;shutter_speed&quot;:&quot;0&quot;,&quot;title&quot;:&quot;&quot;,&quot;orientation&quot;:&quot;0&quot;}\" data-image-title=\"21 Envion-Observatorio-1\" data-image-description=\"\" data-image-caption=\"\" data-large-file=\"https:\/\/www.hoymercedes.com.ar\/principal\/wp-content\/uploads\/2017\/07\/21-Envion-Observatorio-1.jpg\" class=\"aligncenter size-medium wp-image-65158\" src=\"https:\/\/www.hoymercedes.com.ar\/principal\/wp-content\/uploads\/2017\/07\/21-Envion-Observatorio-1-630x473.jpg\" alt=\"\" width=\"630\" height=\"473\" srcset=\"https:\/\/www.hoymercedes.com.ar\/principal\/wp-content\/uploads\/2017\/07\/21-Envion-Observatorio-1.jpg 630w, https:\/\/www.hoymercedes.com.ar\/principal\/wp-content\/uploads\/2017\/07\/21-Envion-Observatorio-1-150x113.jpg 150w\" sizes=\"auto, (max-width: 630px) 100vw, 630px\" \/><\/p>\n<p>La combi Municipal sali\u00f3 del SUM Barrio Blandengues y se dirigi\u00f3 al predio camino a San Andr\u00e9s de Giles donde se encuentra nuestro Observatorio, lugar, alejado, para evitar la contaminaci\u00f3n lum\u00ednica del centro y as\u00ed vivir en amplitud la astronom\u00eda.<\/p>\n<p>Al llegar, los gu\u00edas transmitieron a los j\u00f3venes saberes astron\u00f3micos y cada uno tuvo la posibilidad de avistar dos planetas: Saturno y J\u00fapiter mediante el telescopio.<\/p>\n<p>La jornada culmin\u00f3 con unas pizzas en el SUM realizadas por los mismos j\u00f3venes en el taller de cocina Envi\u00f3n, siendo una velada enriquecedora en todo sentido.<\/p>\n<p>Desde el \u00e1rea de Juventud,\u00bb seguiremos trabajando para que todos los j\u00f3venes puedan disfrutar de las atracciones que nos ofrece nuestra Ciudad\u00bb, destac\u00f3 Eugenia C\u00f3dega, responsable de la mencionada cartera.<\/p>\n<p>M\u00e1s j\u00f3venes durante esta semana conocer\u00e1n el observatorio mediante el programa \u00abEnvi\u00f3n\u00bb, afirmaron desde el \u00e1rea, mostrando el compromiso por la inclusi\u00f3n, la transmisi\u00f3n de saberes y la socializaci\u00f3n.<\/p>\n<p>&nbsp;<\/p>\n<p>Fuente: Prensa Municipal<\/p>\n","protected":false},"excerpt":{"rendered":"<p>Durante la noche del pasado martes gran cantidad de j\u00f3venes mercedinos pertenecientes al programa Envi\u00f3n Comunitario disfrutaron de una noche &#8230; <a title=\"J\u00f3venes del Envi\u00f3n en el Observatorio Municipal\" class=\"read-more\" href=\"https:\/\/www.hoymercedes.com.ar\/principal\/2017\/07\/21\/jovenes-del-envion-en-el-observatorio-municipal\/\" aria-label=\"Leer m\u00e1s sobre J\u00f3venes del Envi\u00f3n en el Observatorio Municipal\">Leer m\u00e1s<\/a><\/p>\n","protected":false},"author":1,"featured_media":65159,"comment_status":"closed","ping_status":"open","sticky":false,"template":"","format":"standard","meta":{"_monsterinsights_skip_tracking":false,"_monsterinsights_sitenote_active":false,"_monsterinsights_sitenote_note":"","_monsterinsights_sitenote_category":0,"jetpack_post_was_ever_published":false,"_jetpack_newsletter_access":"","_jetpack_dont_email_post_to_subs":false,"_jetpack_newsletter_tier_id":0,"_jetpack_memberships_contains_paywalled_content":false,"_jetpack_memberships_contains_paid_content":false,"footnotes":"","jetpack_publicize_message":"","jetpack_publicize_feature_enabled":true,"jetpack_social_post_already_shared":true,"jetpack_social_options":{"image_generator_settings":{"template":"highway","default_image_id":0,"font":"","enabled":false},"version":2},"_wpas_customize_per_network":false},"categories":[30],"tags":[10,244,10646,406],"class_list":["post-65157","post","type-post","status-publish","format-standard","has-post-thumbnail","hentry","category-municipio","tag-mercedes","tag-municipio-2","tag-observatorio-municipal","tag-programa-envion","generate-columns","tablet-grid-50","mobile-grid-100","grid-parent","grid-50"],"jetpack_publicize_connections":[],"jetpack_featured_media_url":"https:\/\/www.hoymercedes.com.ar\/principal\/wp-content\/uploads\/2017\/07\/21-Envion-Observatorio-2-1.jpg","wps_subtitle":"Ver el espacio","jetpack_sharing_enabled":true,"_links":{"self":[{"href":"https:\/\/www.hoymercedes.com.ar\/principal\/wp-json\/wp\/v2\/posts\/65157","targetHints":{"allow":["GET"]}}],"collection":[{"href":"https:\/\/www.hoymercedes.com.ar\/principal\/wp-json\/wp\/v2\/posts"}],"about":[{"href":"https:\/\/www.hoymercedes.com.ar\/principal\/wp-json\/wp\/v2\/types\/post"}],"author":[{"embeddable":true,"href":"https:\/\/www.hoymercedes.com.ar\/principal\/wp-json\/wp\/v2\/users\/1"}],"replies":[{"embeddable":true,"href":"https:\/\/www.hoymercedes.com.ar\/principal\/wp-json\/wp\/v2\/comments?post=65157"}],"version-history":[{"count":0,"href":"https:\/\/www.hoymercedes.com.ar\/principal\/wp-json\/wp\/v2\/posts\/65157\/revisions"}],"wp:featuredmedia":[{"embeddable":true,"href":"https:\/\/www.hoymercedes.com.ar\/principal\/wp-json\/wp\/v2\/media\/65159"}],"wp:attachment":[{"href":"https:\/\/www.hoymercedes.com.ar\/principal\/wp-json\/wp\/v2\/media?parent=65157"}],"wp:term":[{"taxonomy":"category","embeddable":true,"href":"https:\/\/www.hoymercedes.com.ar\/principal\/wp-json\/wp\/v2\/categories?post=65157"},{"taxonomy":"post_tag","embeddable":true,"href":"https:\/\/www.hoymercedes.com.ar\/principal\/wp-json\/wp\/v2\/tags?post=65157"}],"curies":[{"name":"wp","href":"https:\/\/api.w.org\/{rel}","templated":true}]}}