{"id":65193,"date":"2017-07-23T10:42:25","date_gmt":"2017-07-23T13:42:25","guid":{"rendered":"http:\/\/www.hoymercedes.com.ar\/principal\/?p=65193"},"modified":"2017-07-23T12:54:43","modified_gmt":"2017-07-23T15:54:43","slug":"incorporan-a-oscar-varela-asesinado-en-la-dictadura-al-espacio-de-la-memoria-de-mercedes","status":"publish","type":"post","link":"https:\/\/www.hoymercedes.com.ar\/principal\/2017\/07\/23\/incorporan-a-oscar-varela-asesinado-en-la-dictadura-al-espacio-de-la-memoria-de-mercedes\/","title":{"rendered":"Incorporan a Oscar Varela, asesinado en la Dictadura, al espacio de la Memoria de Mercedes"},"content":{"rendered":"<p>Oscar Varela naci\u00f3 en Mercedes y fue asesinado por la \u00faltima Dictadura C\u00edvico Militar. Su nombre fue incorporado al espacio de la Memoria que los familiares poseen en Plaza San Mart\u00edn. La Comisi\u00f3n Municipal, la Coordinaci\u00f3n de Derechos Humanos, Familiares y Amigos fueron parte del encuentro junto a Gustavo y Guillermo Varela, sus hijos. El intendente Ustarroz estuvo presente acompa\u00f1ando el sentido encuentro.<\/p>\n<p><img loading=\"lazy\" decoding=\"async\" data-attachment-id=\"65194\" data-permalink=\"https:\/\/www.hoymercedes.com.ar\/principal\/2017\/07\/23\/incorporan-a-oscar-varela-asesinado-en-la-dictadura-al-espacio-de-la-memoria-de-mercedes\/23-varela-1\/#main\" data-orig-file=\"https:\/\/www.hoymercedes.com.ar\/principal\/wp-content\/uploads\/2017\/07\/23-Varela-1.jpg\" data-orig-size=\"630,420\" data-comments-opened=\"0\" data-image-meta=\"{&quot;aperture&quot;:&quot;4&quot;,&quot;credit&quot;:&quot;SEBASTIANAMBROSSIO&quot;,&quot;camera&quot;:&quot;&quot;,&quot;caption&quot;:&quot;&quot;,&quot;created_timestamp&quot;:&quot;0&quot;,&quot;copyright&quot;:&quot;SebastianAmbrossio&quot;,&quot;focal_length&quot;:&quot;24&quot;,&quot;iso&quot;:&quot;0&quot;,&quot;shutter_speed&quot;:&quot;0.008&quot;,&quot;title&quot;:&quot;&quot;,&quot;orientation&quot;:&quot;1&quot;}\" data-image-title=\"23 Varela 1\" data-image-description=\"\" data-image-caption=\"\" data-large-file=\"https:\/\/www.hoymercedes.com.ar\/principal\/wp-content\/uploads\/2017\/07\/23-Varela-1.jpg\" class=\"aligncenter size-medium wp-image-65194\" src=\"https:\/\/www.hoymercedes.com.ar\/principal\/wp-content\/uploads\/2017\/07\/23-Varela-1-630x420.jpg\" alt=\"\" width=\"630\" height=\"420\" srcset=\"https:\/\/www.hoymercedes.com.ar\/principal\/wp-content\/uploads\/2017\/07\/23-Varela-1.jpg 630w, https:\/\/www.hoymercedes.com.ar\/principal\/wp-content\/uploads\/2017\/07\/23-Varela-1-150x100.jpg 150w, https:\/\/www.hoymercedes.com.ar\/principal\/wp-content\/uploads\/2017\/07\/23-Varela-1-300x200.jpg 300w\" sizes=\"auto, (max-width: 630px) 100vw, 630px\" \/><\/p>\n<p>El descubrimiento de la placa donde se incorpora a Oscar como v\u00edctima fatal de la \u00faltima Dictadura C\u00edvico Militar fue en plaza San Mart\u00edn donde se encuentran el resto de los mercedinos y fue a instancias de Guillermo y Gustavo.<\/p>\n<p>&nbsp;<\/p>\n<p>La locuci\u00f3n del encuentro estuvo a cargo de Claudia R\u00e9vora y Silvia Fasce, desde familiares, mientras que las adhesiones desde distintos organismos de defensa de los derechos humanos recayeron en el Presidente de la Comisi\u00f3n Municipal, Oscar Apestegu\u00eda.<\/p>\n<p>El discurso en la plaza, a instancias de la Comisi\u00f3n de Familiares, expuso entre otros conceptos que: \u201cla nueva inclusi\u00f3n de un compa\u00f1ero detenido- desaparecido mercedino al listado que recuerda a las v\u00edctimas del Terrorismo de Estado en nuestra ciudad, es la demostraci\u00f3n fehaciente de que la verdad y la justicia siempre vencen al olvido y al silencio\u00bb recordando que \u201cOscar Varela, militante pol\u00edtico detenido- desaparecido y asesinado el 19 de Noviembre de 1976, incorpor\u00e1ndolo con la colocaci\u00f3n de una placa recordatoria,\u00a0 a la vida y a la historia de nuestra comunidad, con la firme convicci\u00f3n de que este merecido reconocimiento constituye un acto de reparaci\u00f3n hist\u00f3rica y de memoria\u00a0 permanente contra\u00a0 el olvido\u201d<\/p>\n<p>M\u00e1s adelante, en la exposici\u00f3n, tambi\u00e9n sostuvieron que \u201cComo objeto simb\u00f3lico y cultural\u00a0 la placa es un veh\u00edculo de la memoria sobre el pasado, lleva la impronta de quienes dieron su vida defendiendo principios, valores e ideales, pero adem\u00e1s sintetiza la esperanza, la lucha y la incansable\u00a0 b\u00fasqueda de la verdad\u201d y \u00a0\u201cnos proponemos\u00a0 recuperar y devolverles su leg\u00edtimo lugar, reconoci\u00e9ndoles su protagonismo hist\u00f3rico como militantes pol\u00edticos y aceptando con ello que\u00a0 lucharon y se jugaron con s\u00f3lidas convicciones por una causa transformadora.\u00a0 Para nosotros,\u00a0 un compa\u00f1ero detenido- desaparecido y asesinado es y ser\u00e1 para las futuras generaciones, s\u00edntesis de la expresi\u00f3n m\u00e1s elevada de compromiso, solidaridad y lucha revolucionaria\u201d<\/p>\n<p>Tras la reuni\u00f3n en Plaza San Mart\u00edn se dirigieron los presentes, siendo m\u00e1s de medio centenar de vecinos, al recinto del Concejo Deliberante donde Gustavo y Guillermo expusieron la historia de Oscar y su esposa, Elsa Radisic Corso, ambos asesinados tras ser secuestrados el 19 de noviembre de 1976, siendo cuatro hijos los que ten\u00edan.<\/p>\n<p><img loading=\"lazy\" decoding=\"async\" data-attachment-id=\"65195\" data-permalink=\"https:\/\/www.hoymercedes.com.ar\/principal\/2017\/07\/23\/incorporan-a-oscar-varela-asesinado-en-la-dictadura-al-espacio-de-la-memoria-de-mercedes\/23-varela-2\/#main\" data-orig-file=\"https:\/\/www.hoymercedes.com.ar\/principal\/wp-content\/uploads\/2017\/07\/23-Varela-2.jpg\" data-orig-size=\"630,420\" data-comments-opened=\"0\" data-image-meta=\"{&quot;aperture&quot;:&quot;4&quot;,&quot;credit&quot;:&quot;SEBASTIANAMBROSSIO&quot;,&quot;camera&quot;:&quot;&quot;,&quot;caption&quot;:&quot;&quot;,&quot;created_timestamp&quot;:&quot;0&quot;,&quot;copyright&quot;:&quot;SebastianAmbrossio&quot;,&quot;focal_length&quot;:&quot;62&quot;,&quot;iso&quot;:&quot;0&quot;,&quot;shutter_speed&quot;:&quot;0.008&quot;,&quot;title&quot;:&quot;&quot;,&quot;orientation&quot;:&quot;1&quot;}\" data-image-title=\"23 Varela 2\" data-image-description=\"\" data-image-caption=\"\" data-large-file=\"https:\/\/www.hoymercedes.com.ar\/principal\/wp-content\/uploads\/2017\/07\/23-Varela-2.jpg\" class=\"aligncenter size-medium wp-image-65195\" src=\"https:\/\/www.hoymercedes.com.ar\/principal\/wp-content\/uploads\/2017\/07\/23-Varela-2-630x420.jpg\" alt=\"\" width=\"630\" height=\"420\" srcset=\"https:\/\/www.hoymercedes.com.ar\/principal\/wp-content\/uploads\/2017\/07\/23-Varela-2.jpg 630w, https:\/\/www.hoymercedes.com.ar\/principal\/wp-content\/uploads\/2017\/07\/23-Varela-2-150x100.jpg 150w, https:\/\/www.hoymercedes.com.ar\/principal\/wp-content\/uploads\/2017\/07\/23-Varela-2-300x200.jpg 300w\" sizes=\"auto, (max-width: 630px) 100vw, 630px\" \/><\/p>\n<p>En el encuentro en el recinto, a instancias de Silvia Fasce y Sergio Carini, Coordinador de Derechos Humanos, se les hizo entrega del acta de nacimientos que se recuper\u00f3 que demuestra era mercedino, adem\u00e1s de los testimonios de vecinos que lo recordaban.<\/p>\n<p>Tanto Gustavo como Guillermo agradecieron a la Municipalidad el apoyo dado, a los familiares y a la Comisi\u00f3n, destacando que para ellos \u201ces una emoci\u00f3n enorme, algo que nos impacta, que nos conmueve, que nos acerca a la ciudad y a nuestros padres\u201d y destacando que \u201ceste tipo de homenajes demuestra que para nosotros las pol\u00edticas de memoria, verdad y justicia siguen en pie y debemos defenderlas.<\/p>\n<p>En el cierre, el intendente Juan Ignacio Ustarroz destac\u00f3 que estos actos son un ejemplo de \u201cla lucha por los ideales, la unidad, la resistencia en tiempos tan dif\u00edciles para nuestro pueblo\u201d, como los actuales y subray\u00f3 que \u201cpara nosotros ha sido muy emotivo y sepan que el pueblo de Mercedes los va a estar abrazando siempre\u201d.<\/p>\n<p>Fuente: Prensa Municipal<\/p>\n<p><img loading=\"lazy\" decoding=\"async\" data-attachment-id=\"65196\" data-permalink=\"https:\/\/www.hoymercedes.com.ar\/principal\/2017\/07\/23\/incorporan-a-oscar-varela-asesinado-en-la-dictadura-al-espacio-de-la-memoria-de-mercedes\/23-varela-3\/#main\" data-orig-file=\"https:\/\/www.hoymercedes.com.ar\/principal\/wp-content\/uploads\/2017\/07\/23-Varela-3.jpg\" data-orig-size=\"630,420\" data-comments-opened=\"0\" data-image-meta=\"{&quot;aperture&quot;:&quot;3.5&quot;,&quot;credit&quot;:&quot;SEBASTIANAMBROSSIO&quot;,&quot;camera&quot;:&quot;&quot;,&quot;caption&quot;:&quot;&quot;,&quot;created_timestamp&quot;:&quot;0&quot;,&quot;copyright&quot;:&quot;SebastianAmbrossio&quot;,&quot;focal_length&quot;:&quot;35&quot;,&quot;iso&quot;:&quot;0&quot;,&quot;shutter_speed&quot;:&quot;0.008&quot;,&quot;title&quot;:&quot;&quot;,&quot;orientation&quot;:&quot;1&quot;}\" data-image-title=\"23 Varela 3\" data-image-description=\"\" data-image-caption=\"\" data-large-file=\"https:\/\/www.hoymercedes.com.ar\/principal\/wp-content\/uploads\/2017\/07\/23-Varela-3.jpg\" class=\"aligncenter size-medium wp-image-65196\" src=\"https:\/\/www.hoymercedes.com.ar\/principal\/wp-content\/uploads\/2017\/07\/23-Varela-3-630x420.jpg\" alt=\"\" width=\"630\" height=\"420\" srcset=\"https:\/\/www.hoymercedes.com.ar\/principal\/wp-content\/uploads\/2017\/07\/23-Varela-3.jpg 630w, https:\/\/www.hoymercedes.com.ar\/principal\/wp-content\/uploads\/2017\/07\/23-Varela-3-150x100.jpg 150w, https:\/\/www.hoymercedes.com.ar\/principal\/wp-content\/uploads\/2017\/07\/23-Varela-3-300x200.jpg 300w\" sizes=\"auto, (max-width: 630px) 100vw, 630px\" \/><\/p>\n","protected":false},"excerpt":{"rendered":"<p>Oscar Varela naci\u00f3 en Mercedes y fue asesinado por la \u00faltima Dictadura C\u00edvico Militar. Su nombre fue incorporado al espacio &#8230; <a title=\"Incorporan a Oscar Varela, asesinado en la Dictadura, al espacio de la Memoria de Mercedes\" class=\"read-more\" href=\"https:\/\/www.hoymercedes.com.ar\/principal\/2017\/07\/23\/incorporan-a-oscar-varela-asesinado-en-la-dictadura-al-espacio-de-la-memoria-de-mercedes\/\" aria-label=\"Leer m\u00e1s sobre Incorporan a Oscar Varela, asesinado en la Dictadura, al espacio de la Memoria de Mercedes\">Leer m\u00e1s<\/a><\/p>\n","protected":false},"author":1,"featured_media":65197,"comment_status":"closed","ping_status":"open","sticky":false,"template":"","format":"standard","meta":{"_monsterinsights_skip_tracking":false,"_monsterinsights_sitenote_active":false,"_monsterinsights_sitenote_note":"","_monsterinsights_sitenote_category":0,"jetpack_post_was_ever_published":false,"_jetpack_newsletter_access":"","_jetpack_dont_email_post_to_subs":false,"_jetpack_newsletter_tier_id":0,"_jetpack_memberships_contains_paywalled_content":false,"_jetpack_memberships_contains_paid_content":false,"footnotes":"","jetpack_publicize_message":"","jetpack_publicize_feature_enabled":true,"jetpack_social_post_already_shared":true,"jetpack_social_options":{"image_generator_settings":{"template":"highway","default_image_id":0,"font":"","enabled":false},"version":2},"_wpas_customize_per_network":false},"categories":[30],"tags":[11578,11577,244,11576],"class_list":["post-65193","post","type-post","status-publish","format-standard","has-post-thumbnail","hentry","category-municipio","tag-comision-de-familiares-de-desaparecidos-y-asesinados","tag-memoria-verdadd-y-justicia","tag-municipio-2","tag-oscar-varela","generate-columns","tablet-grid-50","mobile-grid-100","grid-parent","grid-50"],"jetpack_publicize_connections":[],"jetpack_featured_media_url":"https:\/\/www.hoymercedes.com.ar\/principal\/wp-content\/uploads\/2017\/07\/23-varela-4.jpg","wps_subtitle":"Homenaje a los familiares","jetpack_sharing_enabled":true,"_links":{"self":[{"href":"https:\/\/www.hoymercedes.com.ar\/principal\/wp-json\/wp\/v2\/posts\/65193","targetHints":{"allow":["GET"]}}],"collection":[{"href":"https:\/\/www.hoymercedes.com.ar\/principal\/wp-json\/wp\/v2\/posts"}],"about":[{"href":"https:\/\/www.hoymercedes.com.ar\/principal\/wp-json\/wp\/v2\/types\/post"}],"author":[{"embeddable":true,"href":"https:\/\/www.hoymercedes.com.ar\/principal\/wp-json\/wp\/v2\/users\/1"}],"replies":[{"embeddable":true,"href":"https:\/\/www.hoymercedes.com.ar\/principal\/wp-json\/wp\/v2\/comments?post=65193"}],"version-history":[{"count":0,"href":"https:\/\/www.hoymercedes.com.ar\/principal\/wp-json\/wp\/v2\/posts\/65193\/revisions"}],"wp:featuredmedia":[{"embeddable":true,"href":"https:\/\/www.hoymercedes.com.ar\/principal\/wp-json\/wp\/v2\/media\/65197"}],"wp:attachment":[{"href":"https:\/\/www.hoymercedes.com.ar\/principal\/wp-json\/wp\/v2\/media?parent=65193"}],"wp:term":[{"taxonomy":"category","embeddable":true,"href":"https:\/\/www.hoymercedes.com.ar\/principal\/wp-json\/wp\/v2\/categories?post=65193"},{"taxonomy":"post_tag","embeddable":true,"href":"https:\/\/www.hoymercedes.com.ar\/principal\/wp-json\/wp\/v2\/tags?post=65193"}],"curies":[{"name":"wp","href":"https:\/\/api.w.org\/{rel}","templated":true}]}}