{"id":65245,"date":"2017-07-24T12:25:48","date_gmt":"2017-07-24T15:25:48","guid":{"rendered":"http:\/\/www.hoymercedes.com.ar\/principal\/?p=65245"},"modified":"2017-07-24T11:34:55","modified_gmt":"2017-07-24T14:34:55","slug":"carlos-selva-participo-de-jornada-nacional-citricola-en-san-pedro","status":"publish","type":"post","link":"https:\/\/www.hoymercedes.com.ar\/principal\/2017\/07\/24\/carlos-selva-participo-de-jornada-nacional-citricola-en-san-pedro\/","title":{"rendered":"Carlos Selva particip\u00f3 de Jornada Nacional Citr\u00edcola en San Pedro"},"content":{"rendered":"<p>Carlos Selva, diputado nacional de origen mercedino, estuvo junto a integrantes de la Comisi\u00f3n de Econom\u00eda y Desarrollo Regional de la Honorable C\u00e1mara de Diputados de la Naci\u00f3n en la \u201cJornada Debate &#8211; Mesa Nacional Citr\u00edcola de Argentina\u201d. La actividad se realiz\u00f3 el viernes por la tarde en San Pedro.<\/p>\n<p>El viernes pasado se realiz\u00f3 en la ciudad bonaerense de San Pedro la \u201cJornada Debate &#8211; Mesa Nacional Citr\u00edcola de Argentina\u201d, organizada conjuntamente con el intendente Cecilio Salazar y su equipo de trabajo.<\/p>\n<p>El diputado nacional de origen mercedino, Carlos Selva, fue parte de la misma junto a integrantes de la Comisi\u00f3n de Econom\u00eda y Desarrollo Regional de la Honorable C\u00e1mara de Diputados de la Naci\u00f3n.<\/p>\n<p>La apertura estuvo a cargo del intendente Salazar, quien adem\u00e1s firm\u00f3 un convenio institucional con el presidente del Instituto Nacional de Tecnolog\u00eda Agropecuaria (INTA) Amado Nicora.<\/p>\n<p>Los detalles de la Mesa Nacional Citr\u00edcola estuvieron a cargo de la Diputada Myriam Ju\u00e1rez, presidenta de la Comisi\u00f3n de Econom\u00edas Regionales de la C\u00e1mara baja de la Naci\u00f3n, que sesion\u00f3 en San Pedro.<\/p>\n<p><img loading=\"lazy\" decoding=\"async\" data-attachment-id=\"65247\" data-permalink=\"https:\/\/www.hoymercedes.com.ar\/principal\/2017\/07\/24\/carlos-selva-participo-de-jornada-nacional-citricola-en-san-pedro\/24-selva-sanpe1\/#main\" data-orig-file=\"https:\/\/www.hoymercedes.com.ar\/principal\/wp-content\/uploads\/2017\/07\/24-selva-sanpe1.jpg\" data-orig-size=\"512,342\" data-comments-opened=\"0\" data-image-meta=\"{&quot;aperture&quot;:&quot;0&quot;,&quot;credit&quot;:&quot;&quot;,&quot;camera&quot;:&quot;&quot;,&quot;caption&quot;:&quot;&quot;,&quot;created_timestamp&quot;:&quot;0&quot;,&quot;copyright&quot;:&quot;&quot;,&quot;focal_length&quot;:&quot;0&quot;,&quot;iso&quot;:&quot;0&quot;,&quot;shutter_speed&quot;:&quot;0&quot;,&quot;title&quot;:&quot;&quot;,&quot;orientation&quot;:&quot;0&quot;}\" data-image-title=\"24 selva sanpe1\" data-image-description=\"\" data-image-caption=\"\" data-large-file=\"https:\/\/www.hoymercedes.com.ar\/principal\/wp-content\/uploads\/2017\/07\/24-selva-sanpe1.jpg\" class=\"aligncenter size-full wp-image-65247\" src=\"https:\/\/www.hoymercedes.com.ar\/principal\/wp-content\/uploads\/2017\/07\/24-selva-sanpe1.jpg\" alt=\"\" width=\"512\" height=\"342\" srcset=\"https:\/\/www.hoymercedes.com.ar\/principal\/wp-content\/uploads\/2017\/07\/24-selva-sanpe1.jpg 512w, https:\/\/www.hoymercedes.com.ar\/principal\/wp-content\/uploads\/2017\/07\/24-selva-sanpe1-150x100.jpg 150w, https:\/\/www.hoymercedes.com.ar\/principal\/wp-content\/uploads\/2017\/07\/24-selva-sanpe1-300x200.jpg 300w\" sizes=\"auto, (max-width: 512px) 100vw, 512px\" \/><\/p>\n<p>&nbsp;<\/p>\n","protected":false},"excerpt":{"rendered":"<p>Carlos Selva, diputado nacional de origen mercedino, estuvo junto a integrantes de la Comisi\u00f3n de Econom\u00eda y Desarrollo Regional de &#8230; <a title=\"Carlos Selva particip\u00f3 de Jornada Nacional Citr\u00edcola en San Pedro\" class=\"read-more\" href=\"https:\/\/www.hoymercedes.com.ar\/principal\/2017\/07\/24\/carlos-selva-participo-de-jornada-nacional-citricola-en-san-pedro\/\" aria-label=\"Leer m\u00e1s sobre Carlos Selva particip\u00f3 de Jornada Nacional Citr\u00edcola en San Pedro\">Leer m\u00e1s<\/a><\/p>\n","protected":false},"author":1,"featured_media":65246,"comment_status":"closed","ping_status":"open","sticky":false,"template":"","format":"standard","meta":{"_monsterinsights_skip_tracking":false,"_monsterinsights_sitenote_active":false,"_monsterinsights_sitenote_note":"","_monsterinsights_sitenote_category":0,"jetpack_post_was_ever_published":false,"_jetpack_newsletter_access":"","_jetpack_dont_email_post_to_subs":false,"_jetpack_newsletter_tier_id":0,"_jetpack_memberships_contains_paywalled_content":false,"_jetpack_memberships_contains_paid_content":false,"footnotes":"","jetpack_publicize_message":"","jetpack_publicize_feature_enabled":true,"jetpack_social_post_already_shared":true,"jetpack_social_options":{"image_generator_settings":{"template":"highway","default_image_id":0,"font":"","enabled":false},"version":2},"_wpas_customize_per_network":false},"categories":[5,5210],"tags":[39,11581,7500,10113],"class_list":["post-65245","post","type-post","status-publish","format-standard","has-post-thumbnail","hentry","category-politica","category-politica-nacional","tag-carlos-selva","tag-comision-de-economia-y-desarrollo-regional","tag-diputado-nacional","tag-politica-nacional","generate-columns","tablet-grid-50","mobile-grid-100","grid-parent","grid-50"],"jetpack_publicize_connections":[],"jetpack_featured_media_url":"https:\/\/www.hoymercedes.com.ar\/principal\/wp-content\/uploads\/2017\/07\/24-selva-sanpe.jpg","wps_subtitle":"Presencia de Diputados Nacionales","jetpack_sharing_enabled":true,"_links":{"self":[{"href":"https:\/\/www.hoymercedes.com.ar\/principal\/wp-json\/wp\/v2\/posts\/65245","targetHints":{"allow":["GET"]}}],"collection":[{"href":"https:\/\/www.hoymercedes.com.ar\/principal\/wp-json\/wp\/v2\/posts"}],"about":[{"href":"https:\/\/www.hoymercedes.com.ar\/principal\/wp-json\/wp\/v2\/types\/post"}],"author":[{"embeddable":true,"href":"https:\/\/www.hoymercedes.com.ar\/principal\/wp-json\/wp\/v2\/users\/1"}],"replies":[{"embeddable":true,"href":"https:\/\/www.hoymercedes.com.ar\/principal\/wp-json\/wp\/v2\/comments?post=65245"}],"version-history":[{"count":0,"href":"https:\/\/www.hoymercedes.com.ar\/principal\/wp-json\/wp\/v2\/posts\/65245\/revisions"}],"wp:featuredmedia":[{"embeddable":true,"href":"https:\/\/www.hoymercedes.com.ar\/principal\/wp-json\/wp\/v2\/media\/65246"}],"wp:attachment":[{"href":"https:\/\/www.hoymercedes.com.ar\/principal\/wp-json\/wp\/v2\/media?parent=65245"}],"wp:term":[{"taxonomy":"category","embeddable":true,"href":"https:\/\/www.hoymercedes.com.ar\/principal\/wp-json\/wp\/v2\/categories?post=65245"},{"taxonomy":"post_tag","embeddable":true,"href":"https:\/\/www.hoymercedes.com.ar\/principal\/wp-json\/wp\/v2\/tags?post=65245"}],"curies":[{"name":"wp","href":"https:\/\/api.w.org\/{rel}","templated":true}]}}