{"id":65251,"date":"2017-07-24T17:00:40","date_gmt":"2017-07-24T20:00:40","guid":{"rendered":"http:\/\/www.hoymercedes.com.ar\/principal\/?p=65251"},"modified":"2017-07-24T14:12:20","modified_gmt":"2017-07-24T17:12:20","slug":"apoyo-a-las-embarazadas-con-soluciones-habitaciones-en-marco-de-primeros-mil-dias","status":"publish","type":"post","link":"https:\/\/www.hoymercedes.com.ar\/principal\/2017\/07\/24\/apoyo-a-las-embarazadas-con-soluciones-habitaciones-en-marco-de-primeros-mil-dias\/","title":{"rendered":"Apoyo a las embarazadas con soluciones habitaciones en marco de \u201cPrimeros Mil D\u00edas\u201d"},"content":{"rendered":"<p><span class=\"embed-youtube\" style=\"text-align:center; display: block;\"><iframe loading=\"lazy\" class=\"youtube-player\" width=\"1200\" height=\"675\" src=\"https:\/\/www.youtube.com\/embed\/6q7iOMMnFZA?version=3&#038;rel=1&#038;showsearch=0&#038;showinfo=1&#038;iv_load_policy=1&#038;fs=1&#038;hl=es-ES&#038;autohide=2&#038;wmode=transparent\" allowfullscreen=\"true\" style=\"border:0;\" sandbox=\"allow-scripts allow-same-origin allow-popups allow-presentation allow-popups-to-escape-sandbox\"><\/iframe><\/span><\/p>\n<p>Avanza el programa que est\u00e1 cambiando la vida de cada d\u00eda m\u00e1s mam\u00e1s. El beneficio es grande porque es integral. Nutrici\u00f3n, talleres pre parto, control m\u00e9dico, educaci\u00f3n, ecograf\u00edas y soluciones habitacionales, tal como fue lo vivido en esta ocasi\u00f3n en el \u00e1mbito de la Secretar\u00eda de Desarrollo Social. En el encuentro diez mam\u00e1s recibieron el apoyo encabezado por el intendente Juan Ignacio Ustarroz y el Director de Abordaje Territorial Nicol\u00e1s Zeballos.<\/p>\n<p>El soporte municipal y acompa\u00f1amiento se da con importantes controles y trabajo previo, durante y despu\u00e9s de cada beneficio dado que se busca tener una asistencia integral para las familias y el beb\u00e9 que viene en camino, como dicen, el \u201cfuturo mercedinito\u201d.<\/p>\n<p>Marina Amarillo, la arquitecta del Programa de mejoramiento habitacional dentro de Mil D\u00edas tambi\u00e9n fue parte de la reuni\u00f3n, junto a un nutrido grupo de trabajadores, adem\u00e1s de los mencionados Zeballos y Ustarroz.<\/p>\n<p><strong>Satisfacci\u00f3n<\/strong><\/p>\n<p>El primer mandatario local, ante los medios de comunicaci\u00f3n, expres\u00f3 que \u201cestamos muy contentos con el Programa \u2018Primeros Mil D\u00edas\u2019. Es un \u00e9xito, los vecinos vienen a la municipalidad y obtienen una intervenci\u00f3n social donde se los asiste desde diversos aspectos y hoy vemos lo que es la ayuda habitacional, garantiz\u00e1ndole al ni\u00f1o que nace un espacio m\u00e1s acogedor, m\u00e1s acorde a sus derechos, entreg\u00e1ndose materiales para poder construir un ba\u00f1o dentro de la vivienda y un m\u00f3dulo habitacional peque\u00f1o, pero con las correspondientes condiciones elementales \u201csostuvo.<\/p>\n<p>M\u00e1s adelante, al ser consultado sobre las sugerencias y solicitudes que se hacen a los beneficiarios, tambi\u00e9n en relaci\u00f3n al buen uso de los bienes, coment\u00f3 que \u201cnosotros tenemos mucho control sobre este programa y dejamos en claro que los materiales no deben ser vendidos y que es muy importante su correcta utilizaci\u00f3n, pero tambi\u00e9n otros aspectos, como los vinculados a la salud, la nutrici\u00f3n, realmente lo que queremos es garantizar y ampliar los derechos de los ni\u00f1os.\u201d, destac\u00f3.<img loading=\"lazy\" decoding=\"async\" data-attachment-id=\"65252\" data-permalink=\"https:\/\/www.hoymercedes.com.ar\/principal\/2017\/07\/24\/apoyo-a-las-embarazadas-con-soluciones-habitaciones-en-marco-de-primeros-mil-dias\/pamela-ustarroz-1\/#main\" data-orig-file=\"https:\/\/www.hoymercedes.com.ar\/principal\/wp-content\/uploads\/2017\/07\/Pamela-Ustarroz-1.jpeg\" data-orig-size=\"1280,719\" data-comments-opened=\"0\" data-image-meta=\"{&quot;aperture&quot;:&quot;0&quot;,&quot;credit&quot;:&quot;&quot;,&quot;camera&quot;:&quot;&quot;,&quot;caption&quot;:&quot;&quot;,&quot;created_timestamp&quot;:&quot;0&quot;,&quot;copyright&quot;:&quot;&quot;,&quot;focal_length&quot;:&quot;0&quot;,&quot;iso&quot;:&quot;0&quot;,&quot;shutter_speed&quot;:&quot;0&quot;,&quot;title&quot;:&quot;&quot;,&quot;orientation&quot;:&quot;0&quot;}\" data-image-title=\"Pamela-Ustarroz (1)\" data-image-description=\"\" data-image-caption=\"\" data-large-file=\"https:\/\/www.hoymercedes.com.ar\/principal\/wp-content\/uploads\/2017\/07\/Pamela-Ustarroz-1-1024x575.jpeg\" class=\"aligncenter size-medium wp-image-65252\" src=\"https:\/\/www.hoymercedes.com.ar\/principal\/wp-content\/uploads\/2017\/07\/Pamela-Ustarroz-1-630x354.jpeg\" alt=\"\" width=\"630\" height=\"354\" srcset=\"https:\/\/www.hoymercedes.com.ar\/principal\/wp-content\/uploads\/2017\/07\/Pamela-Ustarroz-1-630x354.jpeg 630w, https:\/\/www.hoymercedes.com.ar\/principal\/wp-content\/uploads\/2017\/07\/Pamela-Ustarroz-1-150x84.jpeg 150w, https:\/\/www.hoymercedes.com.ar\/principal\/wp-content\/uploads\/2017\/07\/Pamela-Ustarroz-1-1024x575.jpeg 1024w, https:\/\/www.hoymercedes.com.ar\/principal\/wp-content\/uploads\/2017\/07\/Pamela-Ustarroz-1.jpeg 1280w\" sizes=\"auto, (max-width: 630px) 100vw, 630px\" \/><\/p>\n<p><strong>Cuidado integral<\/strong><\/p>\n<p>El programa fue planteado desde un origen de manera integral y es tambi\u00e9n la buena alimentaci\u00f3n parte del mismo y la Secretar\u00eda que conduce Jorgelina Silva es clave.<\/p>\n<p>\u201cEn lo nutricional tambi\u00e9n, hoy tenemos una demanda cada vez m\u00e1s grande de alimentos, las personas ven que cada vez le cuesta m\u00e1s llegar a fin de mes, ha ca\u00eddo la construcci\u00f3n, han ca\u00eddo las changas, dentro de lo informal y por eso el Estado Municipal tiene que estar m\u00e1s presentes\u201d afirm\u00f3 Ustarroz.<\/p>\n<p><strong>Mam\u00e1s, las protagonistas<\/strong><\/p>\n<p>Pamela y Alejandra fueron las dos primaras mam\u00e1s de las diez que participaron del encuentro de recepci\u00f3n del beneficios. Ustarroz cont\u00f3 que uno de los beneficiarios es \u201cuna madre de 8 meses de embarazo y ahora vemos que vivir\u00e1 en un es espacio mejor, vemos que lograr\u00e1n tener el ba\u00f1o adentro, el piso que no sea de tierra, son alegr\u00edas muy grandes porque es mayor calidad de vida para los ni\u00f1os al nacer\u201d<\/p>\n<p><img loading=\"lazy\" decoding=\"async\" data-attachment-id=\"65253\" data-permalink=\"https:\/\/www.hoymercedes.com.ar\/principal\/2017\/07\/24\/apoyo-a-las-embarazadas-con-soluciones-habitaciones-en-marco-de-primeros-mil-dias\/alejandra\/#main\" data-orig-file=\"https:\/\/www.hoymercedes.com.ar\/principal\/wp-content\/uploads\/2017\/07\/Alejandra.jpg\" data-orig-size=\"952,571\" data-comments-opened=\"0\" data-image-meta=\"{&quot;aperture&quot;:&quot;0&quot;,&quot;credit&quot;:&quot;&quot;,&quot;camera&quot;:&quot;&quot;,&quot;caption&quot;:&quot;&quot;,&quot;created_timestamp&quot;:&quot;0&quot;,&quot;copyright&quot;:&quot;&quot;,&quot;focal_length&quot;:&quot;0&quot;,&quot;iso&quot;:&quot;0&quot;,&quot;shutter_speed&quot;:&quot;0&quot;,&quot;title&quot;:&quot;&quot;,&quot;orientation&quot;:&quot;0&quot;}\" data-image-title=\"Alejandra\" data-image-description=\"\" data-image-caption=\"\" data-large-file=\"https:\/\/www.hoymercedes.com.ar\/principal\/wp-content\/uploads\/2017\/07\/Alejandra.jpg\" class=\"aligncenter size-medium wp-image-65253\" src=\"https:\/\/www.hoymercedes.com.ar\/principal\/wp-content\/uploads\/2017\/07\/Alejandra-630x378.jpg\" alt=\"\" width=\"630\" height=\"378\" srcset=\"https:\/\/www.hoymercedes.com.ar\/principal\/wp-content\/uploads\/2017\/07\/Alejandra-630x378.jpg 630w, https:\/\/www.hoymercedes.com.ar\/principal\/wp-content\/uploads\/2017\/07\/Alejandra-150x90.jpg 150w, https:\/\/www.hoymercedes.com.ar\/principal\/wp-content\/uploads\/2017\/07\/Alejandra.jpg 952w\" sizes=\"auto, (max-width: 630px) 100vw, 630px\" \/><\/p>\n<p><strong>Alejandra y una sonrisa so\u00f1ada<\/strong><\/p>\n<p>Una de las mam\u00e1s recibi\u00f3 a la prensa y present\u00f3 a Isa\u00edas, el peque\u00f1o que regal\u00f3 una sonrisa que despert\u00f3 la sorpresa de todos. Alejandra cont\u00f3 que se enter\u00f3 por los medios, cuando se present\u00f3 el programa y que \u201cme etiquetaron en face\u201d en una de las gr\u00e1ficas del Programa. \u201cVine a hablar y empec\u00e9 a realizar todo para lo que es esta segunda entrada y poder hacer la pieza\u201d, cont\u00f3 y dijo que \u201cGracias a Dios que hoy se da, lo necesitaba, y hoy cumple un mes\u201d sin dejar de mostrar c\u00f3mo Isa\u00edas \u201cse r\u00ede y todo\u201d dado que el beb\u00e9 hizo un gesto tierno y conmovedor ante las c\u00e1maras, quedando filmado como un recuerdo que alg\u00fan d\u00eda podr\u00e1 ver.<\/p>\n<p><span style=\"color: #808080;\">Fuente: Prensa Municipio<\/span><\/p>\n","protected":false},"excerpt":{"rendered":"<p>Avanza el programa que est\u00e1 cambiando la vida de cada d\u00eda m\u00e1s mam\u00e1s. El beneficio es grande porque es integral. &#8230; <a title=\"Apoyo a las embarazadas con soluciones habitaciones en marco de \u201cPrimeros Mil D\u00edas\u201d\" class=\"read-more\" href=\"https:\/\/www.hoymercedes.com.ar\/principal\/2017\/07\/24\/apoyo-a-las-embarazadas-con-soluciones-habitaciones-en-marco-de-primeros-mil-dias\/\" aria-label=\"Leer m\u00e1s sobre Apoyo a las embarazadas con soluciones habitaciones en marco de \u201cPrimeros Mil D\u00edas\u201d\">Leer m\u00e1s<\/a><\/p>\n","protected":false},"author":1,"featured_media":65252,"comment_status":"closed","ping_status":"open","sticky":false,"template":"","format":"standard","meta":{"_monsterinsights_skip_tracking":false,"_monsterinsights_sitenote_active":false,"_monsterinsights_sitenote_note":"","_monsterinsights_sitenote_category":0,"jetpack_post_was_ever_published":false,"_jetpack_newsletter_access":"","_jetpack_dont_email_post_to_subs":false,"_jetpack_newsletter_tier_id":0,"_jetpack_memberships_contains_paywalled_content":false,"_jetpack_memberships_contains_paid_content":false,"footnotes":"","jetpack_publicize_message":"","jetpack_publicize_feature_enabled":true,"jetpack_social_post_already_shared":true,"jetpack_social_options":{"image_generator_settings":{"template":"highway","default_image_id":0,"font":"","enabled":false},"version":2},"_wpas_customize_per_network":false},"categories":[30],"tags":[870,585,197,11195,11582],"class_list":["post-65251","post","type-post","status-publish","format-standard","has-post-thumbnail","hentry","category-municipio","tag-desarrollo-social","tag-juan-ustarroz","tag-municipalidad-de-mercedes","tag-primeros-mil-dias","tag-soluciones-habitacionales","generate-columns","tablet-grid-50","mobile-grid-100","grid-parent","grid-50"],"jetpack_publicize_connections":[],"jetpack_featured_media_url":"https:\/\/www.hoymercedes.com.ar\/principal\/wp-content\/uploads\/2017\/07\/Pamela-Ustarroz-1.jpeg","wps_subtitle":"Desarrollo Social","jetpack_sharing_enabled":true,"_links":{"self":[{"href":"https:\/\/www.hoymercedes.com.ar\/principal\/wp-json\/wp\/v2\/posts\/65251","targetHints":{"allow":["GET"]}}],"collection":[{"href":"https:\/\/www.hoymercedes.com.ar\/principal\/wp-json\/wp\/v2\/posts"}],"about":[{"href":"https:\/\/www.hoymercedes.com.ar\/principal\/wp-json\/wp\/v2\/types\/post"}],"author":[{"embeddable":true,"href":"https:\/\/www.hoymercedes.com.ar\/principal\/wp-json\/wp\/v2\/users\/1"}],"replies":[{"embeddable":true,"href":"https:\/\/www.hoymercedes.com.ar\/principal\/wp-json\/wp\/v2\/comments?post=65251"}],"version-history":[{"count":0,"href":"https:\/\/www.hoymercedes.com.ar\/principal\/wp-json\/wp\/v2\/posts\/65251\/revisions"}],"wp:featuredmedia":[{"embeddable":true,"href":"https:\/\/www.hoymercedes.com.ar\/principal\/wp-json\/wp\/v2\/media\/65252"}],"wp:attachment":[{"href":"https:\/\/www.hoymercedes.com.ar\/principal\/wp-json\/wp\/v2\/media?parent=65251"}],"wp:term":[{"taxonomy":"category","embeddable":true,"href":"https:\/\/www.hoymercedes.com.ar\/principal\/wp-json\/wp\/v2\/categories?post=65251"},{"taxonomy":"post_tag","embeddable":true,"href":"https:\/\/www.hoymercedes.com.ar\/principal\/wp-json\/wp\/v2\/tags?post=65251"}],"curies":[{"name":"wp","href":"https:\/\/api.w.org\/{rel}","templated":true}]}}