{"id":65281,"date":"2017-07-26T07:03:32","date_gmt":"2017-07-26T10:03:32","guid":{"rendered":"http:\/\/www.hoymercedes.com.ar\/principal\/?p=65281"},"modified":"2017-07-25T10:36:20","modified_gmt":"2017-07-25T13:36:20","slug":"nicolas-dematei-suena-como-refuerzo-en-sarmiento-de-junin","status":"publish","type":"post","link":"https:\/\/www.hoymercedes.com.ar\/principal\/2017\/07\/26\/nicolas-dematei-suena-como-refuerzo-en-sarmiento-de-junin\/","title":{"rendered":"Nicol\u00e1s Dematei suena como refuerzo en Sarmiento de Jun\u00edn"},"content":{"rendered":"<p><strong>Diario La Verdad. <em>Teniendo en cuenta que un puesto a reforzar en Sarmiento es el de marcador por el sector izquierdo, en las \u00faltimas horas comenz\u00f3 a tomar fuerza el nombre del ex Sarmiento Nicol\u00e1s Dematei, que actualmente se encuentra en Brown de Puerto Madryn, peleando el ascenso a Primera Divisi\u00f3n.<\/em><\/strong><\/p>\n<p><img loading=\"lazy\" decoding=\"async\" data-attachment-id=\"65282\" data-permalink=\"https:\/\/www.hoymercedes.com.ar\/principal\/2017\/07\/26\/nicolas-dematei-suena-como-refuerzo-en-sarmiento-de-junin\/nicolas-dematei-guillermo-brown-4\/#main\" data-orig-file=\"https:\/\/www.hoymercedes.com.ar\/principal\/wp-content\/uploads\/2017\/07\/nicolas-dematei-guillermo-brown-4.jpg\" data-orig-size=\"1250,1094\" data-comments-opened=\"0\" data-image-meta=\"{&quot;aperture&quot;:&quot;0&quot;,&quot;credit&quot;:&quot;&quot;,&quot;camera&quot;:&quot;&quot;,&quot;caption&quot;:&quot;&quot;,&quot;created_timestamp&quot;:&quot;0&quot;,&quot;copyright&quot;:&quot;&quot;,&quot;focal_length&quot;:&quot;0&quot;,&quot;iso&quot;:&quot;0&quot;,&quot;shutter_speed&quot;:&quot;0&quot;,&quot;title&quot;:&quot;&quot;,&quot;orientation&quot;:&quot;0&quot;}\" data-image-title=\"nicolas dematei guillermo brown 4\" data-image-description=\"\" data-image-caption=\"\" data-large-file=\"https:\/\/www.hoymercedes.com.ar\/principal\/wp-content\/uploads\/2017\/07\/nicolas-dematei-guillermo-brown-4-1024x896.jpg\" class=\"size-medium wp-image-65282 aligncenter\" src=\"https:\/\/www.hoymercedes.com.ar\/principal\/wp-content\/uploads\/2017\/07\/nicolas-dematei-guillermo-brown-4-630x551.jpg\" alt=\"\" width=\"630\" height=\"551\" srcset=\"https:\/\/www.hoymercedes.com.ar\/principal\/wp-content\/uploads\/2017\/07\/nicolas-dematei-guillermo-brown-4-630x551.jpg 630w, https:\/\/www.hoymercedes.com.ar\/principal\/wp-content\/uploads\/2017\/07\/nicolas-dematei-guillermo-brown-4-150x131.jpg 150w, https:\/\/www.hoymercedes.com.ar\/principal\/wp-content\/uploads\/2017\/07\/nicolas-dematei-guillermo-brown-4-1024x896.jpg 1024w, https:\/\/www.hoymercedes.com.ar\/principal\/wp-content\/uploads\/2017\/07\/nicolas-dematei-guillermo-brown-4.jpg 1250w\" sizes=\"auto, (max-width: 630px) 100vw, 630px\" \/><\/p>\n<p>Vale recordar que Guillermo Cosaro no renov\u00f3 su v\u00ednculo con el \u201cVerde\u201d y Guillermo Ferracuti, correr\u00eda con la misma suerte, es por ello que el cuerpo t\u00e9cnico, aguarda por la llegada de un nuevo jugador.<\/p>\n<p>Vale recordar que Dematei fue campe\u00f3n con el club de nuestra ciudad en el a\u00f1o 2012, donde ascendi\u00f3 al Nacional B y luego consigui\u00f3 la permanencia en la segunda categor\u00eda del f\u00fatbol argentino, siendo uno de los futbolistas m\u00e1s queridos por los hinchas.<\/p>\n<p>El \u201cVikingo\u201d, como lo apodan, actualmente est\u00e1 desarrollando un gran nivel en el elenco sure\u00f1o y de concretarse su llegada, ser\u00eda fundamental para el equipo, ya que le aportar\u00eda a\u00fan m\u00e1s jerarqu\u00eda y experiencia.<\/p>\n<p>Si finalmente Dematei no llegase, se le abrir\u00e1 una puerta al lateral Ramiro Arias que la anterior temporada estuvo a pr\u00e9stamo en Aldosivi, proveniente de San Lorenzo.<\/p>\n<p>En tanto, otros de los profesionales requeridos por Quiroz, ser\u00eda el lateral derecho de Brown de Madryn Lucas Landa, quien tambi\u00e9n est\u00e1 siendo titular y desplegando buen juego.<\/p>\n<p>&nbsp;<\/p>\n","protected":false},"excerpt":{"rendered":"<p>Diario La Verdad. Teniendo en cuenta que un puesto a reforzar en Sarmiento es el de marcador por el sector &#8230; <a title=\"Nicol\u00e1s Dematei suena como refuerzo en Sarmiento de Jun\u00edn\" class=\"read-more\" href=\"https:\/\/www.hoymercedes.com.ar\/principal\/2017\/07\/26\/nicolas-dematei-suena-como-refuerzo-en-sarmiento-de-junin\/\" aria-label=\"Leer m\u00e1s sobre Nicol\u00e1s Dematei suena como refuerzo en Sarmiento de Jun\u00edn\">Leer m\u00e1s<\/a><\/p>\n","protected":false},"author":1,"featured_media":65282,"comment_status":"closed","ping_status":"open","sticky":false,"template":"","format":"standard","meta":{"_monsterinsights_skip_tracking":false,"_monsterinsights_sitenote_active":false,"_monsterinsights_sitenote_note":"","_monsterinsights_sitenote_category":0,"jetpack_post_was_ever_published":false,"_jetpack_newsletter_access":"","_jetpack_dont_email_post_to_subs":false,"_jetpack_newsletter_tier_id":0,"_jetpack_memberships_contains_paywalled_content":false,"_jetpack_memberships_contains_paid_content":false,"footnotes":"","jetpack_publicize_message":"","jetpack_publicize_feature_enabled":true,"jetpack_social_post_already_shared":true,"jetpack_social_options":{"image_generator_settings":{"template":"highway","default_image_id":0,"font":"","enabled":false},"version":2},"_wpas_customize_per_network":false},"categories":[21],"tags":[204,1003,7582,10,3528,11588],"class_list":["post-65281","post","type-post","status-publish","format-standard","has-post-thumbnail","hentry","category-deportes","tag-deportes-2","tag-futbol","tag-la-legion","tag-mercedes","tag-nicolas-dematei","tag-sarmiento-de-junin","generate-columns","tablet-grid-50","mobile-grid-100","grid-parent","grid-50"],"jetpack_publicize_connections":[],"jetpack_featured_media_url":"https:\/\/www.hoymercedes.com.ar\/principal\/wp-content\/uploads\/2017\/07\/nicolas-dematei-guillermo-brown-4.jpg","wps_subtitle":"La Legi\u00f3n","jetpack_sharing_enabled":true,"_links":{"self":[{"href":"https:\/\/www.hoymercedes.com.ar\/principal\/wp-json\/wp\/v2\/posts\/65281","targetHints":{"allow":["GET"]}}],"collection":[{"href":"https:\/\/www.hoymercedes.com.ar\/principal\/wp-json\/wp\/v2\/posts"}],"about":[{"href":"https:\/\/www.hoymercedes.com.ar\/principal\/wp-json\/wp\/v2\/types\/post"}],"author":[{"embeddable":true,"href":"https:\/\/www.hoymercedes.com.ar\/principal\/wp-json\/wp\/v2\/users\/1"}],"replies":[{"embeddable":true,"href":"https:\/\/www.hoymercedes.com.ar\/principal\/wp-json\/wp\/v2\/comments?post=65281"}],"version-history":[{"count":0,"href":"https:\/\/www.hoymercedes.com.ar\/principal\/wp-json\/wp\/v2\/posts\/65281\/revisions"}],"wp:featuredmedia":[{"embeddable":true,"href":"https:\/\/www.hoymercedes.com.ar\/principal\/wp-json\/wp\/v2\/media\/65282"}],"wp:attachment":[{"href":"https:\/\/www.hoymercedes.com.ar\/principal\/wp-json\/wp\/v2\/media?parent=65281"}],"wp:term":[{"taxonomy":"category","embeddable":true,"href":"https:\/\/www.hoymercedes.com.ar\/principal\/wp-json\/wp\/v2\/categories?post=65281"},{"taxonomy":"post_tag","embeddable":true,"href":"https:\/\/www.hoymercedes.com.ar\/principal\/wp-json\/wp\/v2\/tags?post=65281"}],"curies":[{"name":"wp","href":"https:\/\/api.w.org\/{rel}","templated":true}]}}