{"id":6530,"date":"2011-08-18T11:19:00","date_gmt":"2011-08-18T11:19:00","guid":{"rendered":"http:\/\/www.hoymercedes.com.ar\/principal\/?p=6530"},"modified":"2011-08-18T11:19:00","modified_gmt":"2011-08-18T11:19:00","slug":"se-conmemoro-el-161-aniversario-del-fallecimiento-del-padre-de-la-patria","status":"publish","type":"post","link":"https:\/\/www.hoymercedes.com.ar\/principal\/2011\/08\/18\/se-conmemoro-el-161-aniversario-del-fallecimiento-del-padre-de-la-patria\/","title":{"rendered":"Se conmemor\u00f3 el 161 aniversario del fallecimiento del Padre de la Patria"},"content":{"rendered":"<p>Se concret\u00f3 ayer el homenaje de la ciudad de Mercedes al general Jos\u00e9 de San Mart\u00edn al cumplirse el 161 aniversario de su fallecimiento en la plaza donde se encuentra emplazado el monumento en su honor.<\/p>\n<p><a href=\"https:\/\/www.hoymercedes.com.ar\/principal\/wp-content\/uploads\/2011\/08\/acto-sanmartin-I.jpg\"><img loading=\"lazy\" decoding=\"async\" data-attachment-id=\"6532\" data-permalink=\"https:\/\/www.hoymercedes.com.ar\/principal\/2011\/08\/18\/se-conmemoro-el-161-aniversario-del-fallecimiento-del-padre-de-la-patria\/acto-sanmartin-i\/#main\" data-orig-file=\"https:\/\/www.hoymercedes.com.ar\/principal\/wp-content\/uploads\/2011\/08\/acto-sanmartin-I.jpg\" data-orig-size=\"605,454\" data-comments-opened=\"1\" data-image-meta=\"{&quot;aperture&quot;:&quot;2.8&quot;,&quot;credit&quot;:&quot;&quot;,&quot;camera&quot;:&quot;COOLPIX L10&quot;,&quot;caption&quot;:&quot;&quot;,&quot;created_timestamp&quot;:&quot;1313383854&quot;,&quot;copyright&quot;:&quot;Copyright 2006&quot;,&quot;focal_length&quot;:&quot;6.2&quot;,&quot;iso&quot;:&quot;64&quot;,&quot;shutter_speed&quot;:&quot;0.033333333333333&quot;,&quot;title&quot;:&quot;&quot;}\" data-image-title=\"acto-sanmartin-I\" data-image-description=\"\" data-image-caption=\"\" data-large-file=\"https:\/\/www.hoymercedes.com.ar\/principal\/wp-content\/uploads\/2011\/08\/acto-sanmartin-I.jpg\" class=\"aligncenter size-full wp-image-6532\" title=\"acto-sanmartin-I\" src=\"https:\/\/www.hoymercedes.com.ar\/principal\/wp-content\/uploads\/2011\/08\/acto-sanmartin-I.jpg\" alt=\"\" width=\"605\" height=\"454\" \/><\/a><\/p>\n<p>Participaron del encuentro organizado por la Municipalidad de Mercedes y la Asociaci\u00f3n Cultural Sanmartiniana, el intendente Carlos Selva, funcionarios municipales, Concejales, Consejeros Escolares, representantes de las fuerzas de seguridad que tienen asiento en nuestra ciudad, Inspectores del \u00e1rea de Educaci\u00f3n, el director del Hospital Blas L Dubarry, directivos y docentes escolares, una buena cantidad de abanderados de diferentes establecimientos educativos, autoridades de otros organismos nacionales y\/o provinciales y privados e invitados especiales acompa\u00f1ados por la Banda de M\u00fasica Virgen de la Merced de nuestra ciudad.<\/p>\n<p><a href=\"https:\/\/www.hoymercedes.com.ar\/principal\/wp-content\/uploads\/2011\/08\/acto-sanmartin-II.jpg\"><img loading=\"lazy\" decoding=\"async\" data-attachment-id=\"6533\" data-permalink=\"https:\/\/www.hoymercedes.com.ar\/principal\/2011\/08\/18\/se-conmemoro-el-161-aniversario-del-fallecimiento-del-padre-de-la-patria\/acto-sanmartin-ii\/#main\" data-orig-file=\"https:\/\/www.hoymercedes.com.ar\/principal\/wp-content\/uploads\/2011\/08\/acto-sanmartin-II.jpg\" data-orig-size=\"605,454\" data-comments-opened=\"1\" data-image-meta=\"{&quot;aperture&quot;:&quot;3.1&quot;,&quot;credit&quot;:&quot;&quot;,&quot;camera&quot;:&quot;COOLPIX L10&quot;,&quot;caption&quot;:&quot;&quot;,&quot;created_timestamp&quot;:&quot;1313383879&quot;,&quot;copyright&quot;:&quot;Copyright 2006&quot;,&quot;focal_length&quot;:&quot;7.6&quot;,&quot;iso&quot;:&quot;64&quot;,&quot;shutter_speed&quot;:&quot;0.021645021645022&quot;,&quot;title&quot;:&quot;&quot;}\" data-image-title=\"acto-sanmartin-II\" data-image-description=\"\" data-image-caption=\"\" data-large-file=\"https:\/\/www.hoymercedes.com.ar\/principal\/wp-content\/uploads\/2011\/08\/acto-sanmartin-II.jpg\" class=\"aligncenter size-full wp-image-6533\" title=\"acto-sanmartin-II\" src=\"https:\/\/www.hoymercedes.com.ar\/principal\/wp-content\/uploads\/2011\/08\/acto-sanmartin-II.jpg\" alt=\"\" width=\"605\" height=\"454\" srcset=\"https:\/\/www.hoymercedes.com.ar\/principal\/wp-content\/uploads\/2011\/08\/acto-sanmartin-II.jpg 605w, https:\/\/www.hoymercedes.com.ar\/principal\/wp-content\/uploads\/2011\/08\/acto-sanmartin-II-300x225.jpg 300w\" sizes=\"auto, (max-width: 605px) 100vw, 605px\" \/><\/a><\/p>\n<p>Luego de la recepci\u00f3n de las autoridades e invitados por parte del Intendente Carlos Selva en el Sal\u00f3n del Concejo Deliberante, quienes participaron del acto se trasladaron hasta la esquina de 29 y 24 de la Plaza San Mart\u00edn donde se entonaron las estrofas del Himno Nacional Argentino procedi\u00e9ndose al izamiento de la Bandera Nacional en el m\u00e1stil all\u00ed ubicado.<\/p>\n<p>Una vez concluida esta pare de acto la continuidad estuvo en el sector central de la Plaza donde se encuentra el Monumento al Libertador donde se procedi\u00f3 a la colocaci\u00f3n de ofrendas florales a pie del mismo haci\u00e9ndolo la Municipalidad de Mercedes, la Asociaci\u00f3n Sanmartiniana, el Concejo Deliberante, Consejo Escolar, Gendarmer\u00eda Nacional, Sociedad Rural Regional de Mercedes, Polic\u00eda de la provincia, Sociedad Italiana y el Colegio de Escribanos de nuestra ciudad.<\/p>\n<p><a href=\"https:\/\/www.hoymercedes.com.ar\/principal\/wp-content\/uploads\/2011\/08\/acto-sanmartin-III.jpg\"><img loading=\"lazy\" decoding=\"async\" data-attachment-id=\"6534\" data-permalink=\"https:\/\/www.hoymercedes.com.ar\/principal\/2011\/08\/18\/se-conmemoro-el-161-aniversario-del-fallecimiento-del-padre-de-la-patria\/acto-sanmartin-iii\/#main\" data-orig-file=\"https:\/\/www.hoymercedes.com.ar\/principal\/wp-content\/uploads\/2011\/08\/acto-sanmartin-III.jpg\" data-orig-size=\"605,454\" data-comments-opened=\"1\" data-image-meta=\"{&quot;aperture&quot;:&quot;2.8&quot;,&quot;credit&quot;:&quot;&quot;,&quot;camera&quot;:&quot;COOLPIX L10&quot;,&quot;caption&quot;:&quot;&quot;,&quot;created_timestamp&quot;:&quot;1313386005&quot;,&quot;copyright&quot;:&quot;Copyright 2006&quot;,&quot;focal_length&quot;:&quot;6.2&quot;,&quot;iso&quot;:&quot;64&quot;,&quot;shutter_speed&quot;:&quot;0.0099403578528827&quot;,&quot;title&quot;:&quot;&quot;}\" data-image-title=\"acto-sanmartin-III\" data-image-description=\"\" data-image-caption=\"\" data-large-file=\"https:\/\/www.hoymercedes.com.ar\/principal\/wp-content\/uploads\/2011\/08\/acto-sanmartin-III.jpg\" class=\"aligncenter size-full wp-image-6534\" title=\"acto-sanmartin-III\" src=\"https:\/\/www.hoymercedes.com.ar\/principal\/wp-content\/uploads\/2011\/08\/acto-sanmartin-III.jpg\" alt=\"\" width=\"605\" height=\"454\" srcset=\"https:\/\/www.hoymercedes.com.ar\/principal\/wp-content\/uploads\/2011\/08\/acto-sanmartin-III.jpg 605w, https:\/\/www.hoymercedes.com.ar\/principal\/wp-content\/uploads\/2011\/08\/acto-sanmartin-III-300x225.jpg 300w\" sizes=\"auto, (max-width: 605px) 100vw, 605px\" \/><\/a><\/p>\n<p>A continuaci\u00f3n se refiri\u00f3 a la fecha que se conmemoraba la Directora de la Escuela 27 Sonia Venche qui\u00e9n entre otros conceptos sostuvo \u201c\u2026no tenemos las mismas dificultades que el general san Mart\u00edn supo vencer, no tenemos que cruzar los Andes con m\u00ednimos recursos ni es necesario sufrir hambre, fr\u00edo o necesidades, pero si tenemos que poner nuestro empe\u00f1o y esfuerzo en recatar y poner en pr\u00e1ctica los valores que \u00e9l supo difundir a su gente.<\/p>\n<p>Claro, hay que comprender que sin esfuerzo nada es posible. Ser capaces de afrontar nuestras tareas y obligaciones sin importar cual es nuestro puesto de trabajo, recordar su ejemplo y sus palabras.<\/p>\n<p>Dijo el General San Mart\u00edn \u201csolo la educaci\u00f3n har\u00e1 felices a los pueblos\u201d y hoy m\u00e1s que nunca reconocemos el valor de aquella expresi\u00f3n porque la educaci\u00f3n es la herramienta para aumentar nuestras capacidades es la condici\u00f3n esencial para decidir el tipo de vida que deseamos tener.<\/p>\n<p>A 161 a\u00f1os de su fallecimiento recordemos que antepuso el bien de la libertad Americana al enfrentamiento entre hermanos, rehus\u00f3 a honores e intereses personales, vivi\u00f3 y luch\u00f3 por sus ideales, vivi\u00f3 siguiendo normas \u00e9ticas y morales. Seamos dignos de su ejemplo mantengamos vivos los ideales del Padre de la Patria\u201d.<\/p>\n<p>Por \u00faltimo la Banda de M\u00fasica Virgen de la Mercedes ejecuto la ya conocida Marcha de San Lorenzo, cantada por los presentes con lo que se dio por finalizado el acto sin que se dirigiera a los presentes tal como se hab\u00eda anunciado el intendente municipal Carlos Selva.<\/p>\n<p>Minutos m\u00e1s tarde daba comienzo en las instalaciones de Teatro Argentino Julio Cesar Gioscio la proyecci\u00f3n de la pel\u00edcula \u201cRevoluci\u00f3n. El cruce de los Andes.<\/p>\n","protected":false},"excerpt":{"rendered":"<p>Se concret\u00f3 ayer el homenaje de la ciudad de Mercedes al general Jos\u00e9 de San Mart\u00edn al cumplirse el 161 &#8230; <a title=\"Se conmemor\u00f3 el 161 aniversario del fallecimiento del Padre de la Patria\" class=\"read-more\" href=\"https:\/\/www.hoymercedes.com.ar\/principal\/2011\/08\/18\/se-conmemoro-el-161-aniversario-del-fallecimiento-del-padre-de-la-patria\/\" aria-label=\"Leer m\u00e1s sobre Se conmemor\u00f3 el 161 aniversario del fallecimiento del Padre de la Patria\">Leer m\u00e1s<\/a><\/p>\n","protected":false},"author":1,"featured_media":0,"comment_status":"open","ping_status":"open","sticky":false,"template":"","format":"standard","meta":{"_monsterinsights_skip_tracking":false,"_monsterinsights_sitenote_active":false,"_monsterinsights_sitenote_note":"","_monsterinsights_sitenote_category":0,"jetpack_post_was_ever_published":false,"_jetpack_newsletter_access":"","_jetpack_dont_email_post_to_subs":false,"_jetpack_newsletter_tier_id":0,"_jetpack_memberships_contains_paywalled_content":false,"_jetpack_memberships_contains_paid_content":false,"footnotes":"","jetpack_publicize_message":"","jetpack_publicize_feature_enabled":true,"jetpack_social_post_already_shared":false,"jetpack_social_options":{"image_generator_settings":{"template":"highway","default_image_id":0,"font":"","enabled":false},"version":2},"_wpas_customize_per_network":false},"categories":[8],"tags":[1165],"class_list":["post-6530","post","type-post","status-publish","format-standard","hentry","category-sociedad","tag-acto-san-martin","generate-columns","tablet-grid-50","mobile-grid-100","grid-parent","grid-50"],"jetpack_publicize_connections":[],"jetpack_featured_media_url":"","wps_subtitle":"","jetpack_sharing_enabled":true,"_links":{"self":[{"href":"https:\/\/www.hoymercedes.com.ar\/principal\/wp-json\/wp\/v2\/posts\/6530","targetHints":{"allow":["GET"]}}],"collection":[{"href":"https:\/\/www.hoymercedes.com.ar\/principal\/wp-json\/wp\/v2\/posts"}],"about":[{"href":"https:\/\/www.hoymercedes.com.ar\/principal\/wp-json\/wp\/v2\/types\/post"}],"author":[{"embeddable":true,"href":"https:\/\/www.hoymercedes.com.ar\/principal\/wp-json\/wp\/v2\/users\/1"}],"replies":[{"embeddable":true,"href":"https:\/\/www.hoymercedes.com.ar\/principal\/wp-json\/wp\/v2\/comments?post=6530"}],"version-history":[{"count":0,"href":"https:\/\/www.hoymercedes.com.ar\/principal\/wp-json\/wp\/v2\/posts\/6530\/revisions"}],"wp:attachment":[{"href":"https:\/\/www.hoymercedes.com.ar\/principal\/wp-json\/wp\/v2\/media?parent=6530"}],"wp:term":[{"taxonomy":"category","embeddable":true,"href":"https:\/\/www.hoymercedes.com.ar\/principal\/wp-json\/wp\/v2\/categories?post=6530"},{"taxonomy":"post_tag","embeddable":true,"href":"https:\/\/www.hoymercedes.com.ar\/principal\/wp-json\/wp\/v2\/tags?post=6530"}],"curies":[{"name":"wp","href":"https:\/\/api.w.org\/{rel}","templated":true}]}}