{"id":65301,"date":"2017-07-27T07:29:51","date_gmt":"2017-07-27T10:29:51","guid":{"rendered":"http:\/\/www.hoymercedes.com.ar\/principal\/?p=65301"},"modified":"2017-07-26T08:51:34","modified_gmt":"2017-07-26T11:51:34","slug":"en-futbol-femenino-mandan-velez-y-el-fronton-y-se-miden-en-dos-fechas","status":"publish","type":"post","link":"https:\/\/www.hoymercedes.com.ar\/principal\/2017\/07\/27\/en-futbol-femenino-mandan-velez-y-el-fronton-y-se-miden-en-dos-fechas\/","title":{"rendered":"En F\u00fatbol Femenino, mandan V\u00e9lez y El Front\u00f3n y se miden en dos fechas"},"content":{"rendered":"<p><em><strong>El torneo de Primera Divisi\u00f3n del F\u00fatbol Femenino de la Liga Mercedina de F\u00fatbol qued\u00f3 con dos equipos que definir\u00e1n el campeonato en las dos jornadas que restan jugarse. V\u00e9lez derrot\u00f3 en el cl\u00e1sico a Club Mercedes y sigue con puntaje ideal, al ingual que El Front\u00f3n, que gole\u00f3 a Defensores y sum\u00f3 todos los puntos que disput\u00f3. Con la derrota, el blanquinegro qued\u00f3 sin chances de ser campe\u00f3n, mientras que Estudiantes, que gole\u00f3 a Envi\u00f3n, tiene que esperar que los l\u00edderes sumen menos de tres puntos y ganar los seis que tienen por delante.<\/strong><\/em><\/p>\n<p>La pr\u00f3xima fecha el pincha tendr\u00e1 la gran chance de bajar a uno de los punteros, ya que enfrenta a V\u00e9lez, que luego, en la \u00faltima jornada, jugar\u00e1 ante El Front\u00f3n. En el fondo de la tabla, Uni\u00f3n y Defensores buscar\u00e1n sumar por primera vez en el certamen.<\/p>\n<p>La jornada del domingo se disput\u00f3 en Club Mercedes.<\/p>\n<p><strong>V\u00e9lez 1:<\/strong>\u00a0Melany G\u00f3mez.<br \/>\n<strong>Club Mercedes 0<\/strong>.<\/p>\n<p><strong>Defensores Juniors 0.<br \/>\nEl Front\u00f3n 6:<\/strong>\u00a0Lorena Cepeda 4, Yamila Pacheco y Mar\u00eda Prado.<\/p>\n<p><strong>Envi\u00f3n 0.<\/strong><br \/>\n<strong>Estudiantes 7:<\/strong>\u00a0Pamela Leiva 3, Julieta Olivieri, y Mat\u00edas Guadalupe Rojas 3.<\/p>\n<p><strong>Posiciones:<\/strong>\u00a01\u00b0 El Front\u00f3n y V\u00e9lez 12 puntos, 3\u00b0 Estudiantes y Mercedes 9, 5\u00b0 Envi\u00f3n 3, 6\u00b0 Uni\u00f3n y Defensores Juniors 0 unidad.<\/p>\n<p><strong>Pr\u00f3xima fecha<\/strong><br \/>\n<strong>Cancha:<\/strong>\u00a0V\u00e9lez.<br \/>\nEstudiantes vs. V\u00e9lez.<br \/>\nEl Front\u00f3n vs. Envi\u00f3n.<br \/>\nUni\u00f3n vs. Defensores Juniors.<br \/>\n<strong>Libre:<\/strong>\u00a0Uni\u00f3n.<\/p>\n<p><strong>Inferiores<\/strong><br \/>\nEn cancha de Comunicaciones este domingo 30 se disputan las divisiones inferiores con este programa de partidos.<\/p>\n<p><strong>Sub 13<br \/>\n<\/strong>A las 11.30 V\u00e9lez Sarsfield vs. Defensores.<br \/>\nA las 12.30 Estudiantes vs. ALFA.<br \/>\n<strong><br \/>\nSub 15<br \/>\n<\/strong>A las 13.30 Comunicaciones vs. ALFA.<br \/>\nA las 14.30 V\u00e9lez Sarsfield vs. Defensores.<\/p>\n<p>&nbsp;<\/p>\n<p><img loading=\"lazy\" decoding=\"async\" data-attachment-id=\"65306\" data-permalink=\"https:\/\/www.hoymercedes.com.ar\/principal\/2017\/07\/27\/en-futbol-femenino-mandan-velez-y-el-fronton-y-se-miden-en-dos-fechas\/primera-71\/#main\" data-orig-file=\"https:\/\/www.hoymercedes.com.ar\/principal\/wp-content\/uploads\/2017\/07\/PRIMERA-1.png\" data-orig-size=\"489,194\" data-comments-opened=\"0\" data-image-meta=\"{&quot;aperture&quot;:&quot;0&quot;,&quot;credit&quot;:&quot;&quot;,&quot;camera&quot;:&quot;&quot;,&quot;caption&quot;:&quot;&quot;,&quot;created_timestamp&quot;:&quot;0&quot;,&quot;copyright&quot;:&quot;&quot;,&quot;focal_length&quot;:&quot;0&quot;,&quot;iso&quot;:&quot;0&quot;,&quot;shutter_speed&quot;:&quot;0&quot;,&quot;title&quot;:&quot;&quot;,&quot;orientation&quot;:&quot;0&quot;}\" data-image-title=\"PRIMERA\" data-image-description=\"\" data-image-caption=\"\" data-large-file=\"https:\/\/www.hoymercedes.com.ar\/principal\/wp-content\/uploads\/2017\/07\/PRIMERA-1.png\" class=\"aligncenter size-full wp-image-65306\" src=\"https:\/\/www.hoymercedes.com.ar\/principal\/wp-content\/uploads\/2017\/07\/PRIMERA-1.png\" alt=\"\" width=\"489\" height=\"194\" srcset=\"https:\/\/www.hoymercedes.com.ar\/principal\/wp-content\/uploads\/2017\/07\/PRIMERA-1.png 489w, https:\/\/www.hoymercedes.com.ar\/principal\/wp-content\/uploads\/2017\/07\/PRIMERA-1-150x60.png 150w\" sizes=\"auto, (max-width: 489px) 100vw, 489px\" \/> <img loading=\"lazy\" decoding=\"async\" data-attachment-id=\"65308\" data-permalink=\"https:\/\/www.hoymercedes.com.ar\/principal\/2017\/07\/27\/en-futbol-femenino-mandan-velez-y-el-fronton-y-se-miden-en-dos-fechas\/goles-primera-4\/#main\" data-orig-file=\"https:\/\/www.hoymercedes.com.ar\/principal\/wp-content\/uploads\/2017\/07\/Goles-Primera-1.png\" data-orig-size=\"308,537\" data-comments-opened=\"0\" data-image-meta=\"{&quot;aperture&quot;:&quot;0&quot;,&quot;credit&quot;:&quot;&quot;,&quot;camera&quot;:&quot;&quot;,&quot;caption&quot;:&quot;&quot;,&quot;created_timestamp&quot;:&quot;0&quot;,&quot;copyright&quot;:&quot;&quot;,&quot;focal_length&quot;:&quot;0&quot;,&quot;iso&quot;:&quot;0&quot;,&quot;shutter_speed&quot;:&quot;0&quot;,&quot;title&quot;:&quot;&quot;,&quot;orientation&quot;:&quot;0&quot;}\" data-image-title=\"Goles Primera\" data-image-description=\"\" data-image-caption=\"\" data-large-file=\"https:\/\/www.hoymercedes.com.ar\/principal\/wp-content\/uploads\/2017\/07\/Goles-Primera-1.png\" class=\"aligncenter size-medium wp-image-65308\" src=\"https:\/\/www.hoymercedes.com.ar\/principal\/wp-content\/uploads\/2017\/07\/Goles-Primera-1.png\" alt=\"\" width=\"308\" height=\"537\" srcset=\"https:\/\/www.hoymercedes.com.ar\/principal\/wp-content\/uploads\/2017\/07\/Goles-Primera-1.png 308w, https:\/\/www.hoymercedes.com.ar\/principal\/wp-content\/uploads\/2017\/07\/Goles-Primera-1-86x150.png 86w\" sizes=\"auto, (max-width: 308px) 100vw, 308px\" \/><\/p>\n","protected":false},"excerpt":{"rendered":"<p>El torneo de Primera Divisi\u00f3n del F\u00fatbol Femenino de la Liga Mercedina de F\u00fatbol qued\u00f3 con dos equipos que definir\u00e1n &#8230; <a title=\"En F\u00fatbol Femenino, mandan V\u00e9lez y El Front\u00f3n y se miden en dos fechas\" class=\"read-more\" href=\"https:\/\/www.hoymercedes.com.ar\/principal\/2017\/07\/27\/en-futbol-femenino-mandan-velez-y-el-fronton-y-se-miden-en-dos-fechas\/\" aria-label=\"Leer m\u00e1s sobre En F\u00fatbol Femenino, mandan V\u00e9lez y El Front\u00f3n y se miden en dos fechas\">Leer m\u00e1s<\/a><\/p>\n","protected":false},"author":1,"featured_media":65306,"comment_status":"closed","ping_status":"open","sticky":false,"template":"","format":"standard","meta":{"_monsterinsights_skip_tracking":false,"_monsterinsights_sitenote_active":false,"_monsterinsights_sitenote_note":"","_monsterinsights_sitenote_category":0,"jetpack_post_was_ever_published":false,"_jetpack_newsletter_access":"","_jetpack_dont_email_post_to_subs":false,"_jetpack_newsletter_tier_id":0,"_jetpack_memberships_contains_paywalled_content":false,"_jetpack_memberships_contains_paid_content":false,"footnotes":"","jetpack_publicize_message":"","jetpack_publicize_feature_enabled":true,"jetpack_social_post_already_shared":true,"jetpack_social_options":{"image_generator_settings":{"template":"highway","default_image_id":0,"font":"","enabled":false},"version":2},"_wpas_customize_per_network":false},"categories":[21],"tags":[204,1812,895,1901,10,8996,445],"class_list":["post-65301","post","type-post","status-publish","format-standard","has-post-thumbnail","hentry","category-deportes","tag-deportes-2","tag-el-fronton","tag-futbol-femenino","tag-liga-mercedina","tag-mercedes","tag-primera-division","tag-velez","generate-columns","tablet-grid-50","mobile-grid-100","grid-parent","grid-50"],"jetpack_publicize_connections":[],"jetpack_featured_media_url":"https:\/\/www.hoymercedes.com.ar\/principal\/wp-content\/uploads\/2017\/07\/PRIMERA-1.png","wps_subtitle":"Primera Divisi\u00f3n","jetpack_sharing_enabled":true,"_links":{"self":[{"href":"https:\/\/www.hoymercedes.com.ar\/principal\/wp-json\/wp\/v2\/posts\/65301","targetHints":{"allow":["GET"]}}],"collection":[{"href":"https:\/\/www.hoymercedes.com.ar\/principal\/wp-json\/wp\/v2\/posts"}],"about":[{"href":"https:\/\/www.hoymercedes.com.ar\/principal\/wp-json\/wp\/v2\/types\/post"}],"author":[{"embeddable":true,"href":"https:\/\/www.hoymercedes.com.ar\/principal\/wp-json\/wp\/v2\/users\/1"}],"replies":[{"embeddable":true,"href":"https:\/\/www.hoymercedes.com.ar\/principal\/wp-json\/wp\/v2\/comments?post=65301"}],"version-history":[{"count":0,"href":"https:\/\/www.hoymercedes.com.ar\/principal\/wp-json\/wp\/v2\/posts\/65301\/revisions"}],"wp:featuredmedia":[{"embeddable":true,"href":"https:\/\/www.hoymercedes.com.ar\/principal\/wp-json\/wp\/v2\/media\/65306"}],"wp:attachment":[{"href":"https:\/\/www.hoymercedes.com.ar\/principal\/wp-json\/wp\/v2\/media?parent=65301"}],"wp:term":[{"taxonomy":"category","embeddable":true,"href":"https:\/\/www.hoymercedes.com.ar\/principal\/wp-json\/wp\/v2\/categories?post=65301"},{"taxonomy":"post_tag","embeddable":true,"href":"https:\/\/www.hoymercedes.com.ar\/principal\/wp-json\/wp\/v2\/tags?post=65301"}],"curies":[{"name":"wp","href":"https:\/\/api.w.org\/{rel}","templated":true}]}}