{"id":65302,"date":"2017-07-26T07:30:02","date_gmt":"2017-07-26T10:30:02","guid":{"rendered":"http:\/\/www.hoymercedes.com.ar\/principal\/?p=65302"},"modified":"2017-07-25T20:44:18","modified_gmt":"2017-07-25T23:44:18","slug":"comuna-y-fundacion-conin-concretaron-importante-encuentro-pensando-en-la-primera-infancia","status":"publish","type":"post","link":"https:\/\/www.hoymercedes.com.ar\/principal\/2017\/07\/26\/comuna-y-fundacion-conin-concretaron-importante-encuentro-pensando-en-la-primera-infancia\/","title":{"rendered":"Comuna y \u201cFundaci\u00f3n Con\u00edn\u201d concretaron importante encuentro pensando en la Primera Infancia"},"content":{"rendered":"<figure id=\"attachment_65303\" aria-describedby=\"caption-attachment-65303\" style=\"width: 620px\" class=\"wp-caption aligncenter\"><img loading=\"lazy\" decoding=\"async\" data-attachment-id=\"65303\" data-permalink=\"https:\/\/www.hoymercedes.com.ar\/principal\/2017\/07\/26\/comuna-y-fundacion-conin-concretaron-importante-encuentro-pensando-en-la-primera-infancia\/ustarroz-conin\/#main\" data-orig-file=\"https:\/\/www.hoymercedes.com.ar\/principal\/wp-content\/uploads\/2017\/07\/ustarroz.Conin_.jpg\" data-orig-size=\"630,354\" data-comments-opened=\"0\" data-image-meta=\"{&quot;aperture&quot;:&quot;0&quot;,&quot;credit&quot;:&quot;&quot;,&quot;camera&quot;:&quot;&quot;,&quot;caption&quot;:&quot;&quot;,&quot;created_timestamp&quot;:&quot;0&quot;,&quot;copyright&quot;:&quot;&quot;,&quot;focal_length&quot;:&quot;0&quot;,&quot;iso&quot;:&quot;0&quot;,&quot;shutter_speed&quot;:&quot;0&quot;,&quot;title&quot;:&quot;&quot;,&quot;orientation&quot;:&quot;0&quot;}\" data-image-title=\"ustarroz.Conin\" data-image-description=\"\" data-image-caption=\"&lt;p&gt;Ustarroz con los representantes de la Fundaci\u00f3n Con\u00edn&lt;\/p&gt;\n\" data-large-file=\"https:\/\/www.hoymercedes.com.ar\/principal\/wp-content\/uploads\/2017\/07\/ustarroz.Conin_.jpg\" class=\"size-medium wp-image-65303\" src=\"https:\/\/www.hoymercedes.com.ar\/principal\/wp-content\/uploads\/2017\/07\/ustarroz.Conin_-630x354.jpg\" alt=\"\" width=\"630\" height=\"354\" srcset=\"https:\/\/www.hoymercedes.com.ar\/principal\/wp-content\/uploads\/2017\/07\/ustarroz.Conin_.jpg 630w, https:\/\/www.hoymercedes.com.ar\/principal\/wp-content\/uploads\/2017\/07\/ustarroz.Conin_-150x84.jpg 150w\" sizes=\"auto, (max-width: 630px) 100vw, 630px\" \/><figcaption id=\"caption-attachment-65303\" class=\"wp-caption-text\">Ustarroz con los representantes de la Fundaci\u00f3n Con\u00edn<\/figcaption><\/figure>\n<p>La Comuna contin\u00faa apostando al cuidado de la \u00a0primera infancia, buscando m\u00e1s herramientas para el desarrollo de nuestros ni\u00f1os. En esta ocasi\u00f3n se concret\u00f3 una importante reuni\u00f3n con la \u201cFundaci\u00f3n Conin\u201d. El primer mandatario local, Juan Ignacio Ustarroz, recibi\u00f3 a Mariano D\u2019 Onofrio con el objetivo de seguir ampliando los horizontes de protecci\u00f3n socio sanitaria.<\/p>\n<p>La reuni\u00f3n se llev\u00f3 a cabo en el despacho privado del intendente y cont\u00f3 con la presencia del doctor Pablo Cassiani, \u00e1rea vinculada al tema.<\/p>\n<p>Mariano D\u2019 Onofrio, representante de la Fundaci\u00f3n, expres\u00f3 que \u201cestamos m\u00e1s que satisfechos con la reuni\u00f3n, lleno de expectativas, de encontrarnos con un Intendente y un Secretario de Salud con un inter\u00e9s muy grande en temas de primera infancia. Nos sorprendi\u00f3 para bien que ya tienen un programa en marcha, muy para bien, siendo funcionarios j\u00f3venes tan interesados en abrir los horizontes y trabajar con \u2018Conin\u2019 como instituci\u00f3n prestigiosa que conoce mucho en la materia y adem\u00e1s nos sorprendi\u00f3 el carisma con el que hacen su trabajo, el inter\u00e9s por el ciudadano concreto\u201d, sostuvo uno de los principales referentes de la afamada instituci\u00f3n dedicada a la primera infancia, nutrici\u00f3n y formaci\u00f3n.<\/p>\n<p>\u201cCreo que vamos a hacer grandes cosas, vamos a hacer grandes cosas\u201d destac\u00f3 el representante de la Fundaci\u00f3n.<\/p>\n<p>D\u2019 Onofrio, m\u00e1s adelante coment\u00f3 que \u201chablamos de lo que se puede hacer en el futuro y creemos que vamos a lograr trabajar juntos entre Conin y el municipio m\u00e1s pronto de lo que imagin\u00e1bamos\u201d sostuvo y narr\u00f3 que \u201cLa fundaci\u00f3n Conin tiene 44 a\u00f1os de historia, se inici\u00f3 en Chile y en Argentina ahora tiene 102 centros en prevenci\u00f3n dentro de 18 provincias y trabaja para prevenir y erradicar la prevenci\u00f3n infantil\u201d, cont\u00f3 \u201csiendo fuerte la tarea en nutrici\u00f3n y estimulaci\u00f3n, de cero a cinco a\u00f1os, sabiendo que el per\u00edodo cr\u00edtico es entre 0 y 2 a\u00f1os\u201d, siendo en los que justamente la Municipalidad de Mercedes act\u00faa muy fuertemente con sus \u2018EPIS\u2019 y \u2018Primeros Mil D\u00edas\u2019.<\/p>\n<p>Por su parte, el primer mandatario local celebr\u00f3 el importante paso dado y remarc\u00f3 que \u201cnosotros respetamos mucho la tarea de la \u2018Fundaci\u00f3n Conin\u2019 y seguimos pensando en que lo mejor para el vecino es que sigamos buscando por todos los canales posibles lo mejor para nuestros chicos. Por eso pronto sumaremos un Nuevo Espacio de Primea Infancia, realizamos el programa Primeros Mil D\u00edas, cumpl\u00edamos ya un a\u00f1o con la Guardia Pedi\u00e1trica, inauguramos el Centro de Rehabilitaci\u00f3n Infantil y continuamos con acciones a largo plazo que mejoran la vida de las familias y los m\u00e1s peque\u00f1os. Ellos son el futuro\u201d, coment\u00f3 Juan Ignacio Ustarroz y rescat\u00f3 que \u201ces un paso importante el que dimos, de seguir vinculando la Comuna con las fundaciones m\u00e1s prestigiosas del pa\u00eds y Am\u00e9rica Latina\u201d.<\/p>\n<p>Pablo Cassiani, Secretario de Salud, destac\u00f3 el valor que tiene y el prestigio de empezar el camino de construcci\u00f3n junto a la Fundaci\u00f3n Conin, que desde hace tanto tiempo trabaja por uno de los asuntos m\u00e1s sensibles en la sociedad.<\/p>\n<p>Seg\u00fan se supo, pronto volver\u00e1n a encontrarse para avanzar en los proyectos conjuntos, siendo esta la primera vez <span style=\"color: #000000;\">que la Fundaci\u00f3n efect\u00faa alguna acci\u00f3n en Mercedes con miras a realizar tareas concretas.<\/span><\/p>\n<p><span style=\"color: #808080;\">Fuente: Prensa Municipio<\/span><\/p>\n","protected":false},"excerpt":{"rendered":"<p>La Comuna contin\u00faa apostando al cuidado de la \u00a0primera infancia, buscando m\u00e1s herramientas para el desarrollo de nuestros ni\u00f1os. En &#8230; <a title=\"Comuna y \u201cFundaci\u00f3n Con\u00edn\u201d concretaron importante encuentro pensando en la Primera Infancia\" class=\"read-more\" href=\"https:\/\/www.hoymercedes.com.ar\/principal\/2017\/07\/26\/comuna-y-fundacion-conin-concretaron-importante-encuentro-pensando-en-la-primera-infancia\/\" aria-label=\"Leer m\u00e1s sobre Comuna y \u201cFundaci\u00f3n Con\u00edn\u201d concretaron importante encuentro pensando en la Primera Infancia\">Leer m\u00e1s<\/a><\/p>\n","protected":false},"author":1,"featured_media":65303,"comment_status":"closed","ping_status":"open","sticky":false,"template":"","format":"standard","meta":{"_monsterinsights_skip_tracking":false,"_monsterinsights_sitenote_active":false,"_monsterinsights_sitenote_note":"","_monsterinsights_sitenote_category":0,"jetpack_post_was_ever_published":false,"_jetpack_newsletter_access":"","_jetpack_dont_email_post_to_subs":false,"_jetpack_newsletter_tier_id":0,"_jetpack_memberships_contains_paywalled_content":false,"_jetpack_memberships_contains_paid_content":false,"footnotes":"","jetpack_publicize_message":"","jetpack_publicize_feature_enabled":true,"jetpack_social_post_already_shared":true,"jetpack_social_options":{"image_generator_settings":{"template":"highway","default_image_id":0,"font":"","enabled":false},"version":2},"_wpas_customize_per_network":false},"categories":[30],"tags":[11592,585,11593,197,4650],"class_list":["post-65302","post","type-post","status-publish","format-standard","has-post-thumbnail","hentry","category-municipio","tag-fundacion-conin","tag-juan-ustarroz","tag-mariano-donofrio","tag-municipalidad-de-mercedes","tag-pablo-cassiani","generate-columns","tablet-grid-50","mobile-grid-100","grid-parent","grid-50"],"jetpack_publicize_connections":[],"jetpack_featured_media_url":"https:\/\/www.hoymercedes.com.ar\/principal\/wp-content\/uploads\/2017\/07\/ustarroz.Conin_.jpg","wps_subtitle":"Pensando en los m\u00e1s chicos","jetpack_sharing_enabled":true,"_links":{"self":[{"href":"https:\/\/www.hoymercedes.com.ar\/principal\/wp-json\/wp\/v2\/posts\/65302","targetHints":{"allow":["GET"]}}],"collection":[{"href":"https:\/\/www.hoymercedes.com.ar\/principal\/wp-json\/wp\/v2\/posts"}],"about":[{"href":"https:\/\/www.hoymercedes.com.ar\/principal\/wp-json\/wp\/v2\/types\/post"}],"author":[{"embeddable":true,"href":"https:\/\/www.hoymercedes.com.ar\/principal\/wp-json\/wp\/v2\/users\/1"}],"replies":[{"embeddable":true,"href":"https:\/\/www.hoymercedes.com.ar\/principal\/wp-json\/wp\/v2\/comments?post=65302"}],"version-history":[{"count":0,"href":"https:\/\/www.hoymercedes.com.ar\/principal\/wp-json\/wp\/v2\/posts\/65302\/revisions"}],"wp:featuredmedia":[{"embeddable":true,"href":"https:\/\/www.hoymercedes.com.ar\/principal\/wp-json\/wp\/v2\/media\/65303"}],"wp:attachment":[{"href":"https:\/\/www.hoymercedes.com.ar\/principal\/wp-json\/wp\/v2\/media?parent=65302"}],"wp:term":[{"taxonomy":"category","embeddable":true,"href":"https:\/\/www.hoymercedes.com.ar\/principal\/wp-json\/wp\/v2\/categories?post=65302"},{"taxonomy":"post_tag","embeddable":true,"href":"https:\/\/www.hoymercedes.com.ar\/principal\/wp-json\/wp\/v2\/tags?post=65302"}],"curies":[{"name":"wp","href":"https:\/\/api.w.org\/{rel}","templated":true}]}}