{"id":65315,"date":"2017-07-26T09:13:07","date_gmt":"2017-07-26T12:13:07","guid":{"rendered":"http:\/\/www.hoymercedes.com.ar\/principal\/?p=65315"},"modified":"2017-07-26T09:13:07","modified_gmt":"2017-07-26T12:13:07","slug":"proyecto-migra-circo-gratuito-en-la-trocha-toda-la-semana","status":"publish","type":"post","link":"https:\/\/www.hoymercedes.com.ar\/principal\/2017\/07\/26\/proyecto-migra-circo-gratuito-en-la-trocha-toda-la-semana\/","title":{"rendered":"Proyecto Migra, circo gratuito en La Trocha toda la semana"},"content":{"rendered":"<p><em>Las propuestas de la Direcci\u00f3n de Cultura para estas vacaciones de invierno son un \u00e9xito en todos los espacios que se abrieron a los vecinos. En La Trocha funciona el \u201cProyecto Migra\u201d con actividades circenses para toda la familia. Las entradas se retiran en La Trocha desde la hora 13 y son gratis.<\/em><\/p>\n<p><img loading=\"lazy\" decoding=\"async\" data-attachment-id=\"65317\" data-permalink=\"https:\/\/www.hoymercedes.com.ar\/principal\/2017\/07\/26\/proyecto-migra-circo-gratuito-en-la-trocha-toda-la-semana\/26-circo-2\/#main\" data-orig-file=\"https:\/\/www.hoymercedes.com.ar\/principal\/wp-content\/uploads\/2017\/07\/26-circo-2.jpg\" data-orig-size=\"630,419\" data-comments-opened=\"0\" data-image-meta=\"{&quot;aperture&quot;:&quot;4&quot;,&quot;credit&quot;:&quot;&quot;,&quot;camera&quot;:&quot;NIKON D3200&quot;,&quot;caption&quot;:&quot;&quot;,&quot;created_timestamp&quot;:&quot;1501006300&quot;,&quot;copyright&quot;:&quot;&quot;,&quot;focal_length&quot;:&quot;24&quot;,&quot;iso&quot;:&quot;3200&quot;,&quot;shutter_speed&quot;:&quot;0.025&quot;,&quot;title&quot;:&quot;&quot;,&quot;orientation&quot;:&quot;1&quot;}\" data-image-title=\"26 circo 2\" data-image-description=\"\" data-image-caption=\"\" data-large-file=\"https:\/\/www.hoymercedes.com.ar\/principal\/wp-content\/uploads\/2017\/07\/26-circo-2.jpg\" class=\"aligncenter size-medium wp-image-65317\" src=\"https:\/\/www.hoymercedes.com.ar\/principal\/wp-content\/uploads\/2017\/07\/26-circo-2-630x419.jpg\" alt=\"\" width=\"630\" height=\"419\" srcset=\"https:\/\/www.hoymercedes.com.ar\/principal\/wp-content\/uploads\/2017\/07\/26-circo-2.jpg 630w, https:\/\/www.hoymercedes.com.ar\/principal\/wp-content\/uploads\/2017\/07\/26-circo-2-150x100.jpg 150w, https:\/\/www.hoymercedes.com.ar\/principal\/wp-content\/uploads\/2017\/07\/26-circo-2-300x200.jpg 300w\" sizes=\"auto, (max-width: 630px) 100vw, 630px\" \/><\/p>\n<p>Hasta el domingo la excelente invitaci\u00f3n para las familias mercedinas estar\u00e1 esperando a los m\u00e1s peque\u00f1os en La Trocha. Hay tres horarios: 14.00hs taller de circo, al igual que a las 15.00hs y a las 17.30hs funci\u00f3n. Cada una de las invitaciones es un gran atractivo para los chicos.<\/p>\n<p>Se trata, el \u201cProyecto Migra\u201d, de una carpa de circo que encierra un Centro Cultural Itinerante, comandado por un grupo de artistas que expresan su talento en cada funci\u00f3n. Un teatro en movimiento que viaja por todo el pa\u00eds y que completa la capacidad de espectadores en cada funci\u00f3n. Y, por otro lado,\u00a0 propone un espacio abierto a toda la comunidad, que promueva el intercambio cultural, la formaci\u00f3n art\u00edstica, descentralizaci\u00f3n y la federalizaci\u00f3n del arte.<\/p>\n<p><img loading=\"lazy\" decoding=\"async\" data-attachment-id=\"65316\" data-permalink=\"https:\/\/www.hoymercedes.com.ar\/principal\/2017\/07\/26\/proyecto-migra-circo-gratuito-en-la-trocha-toda-la-semana\/26-circo-1\/#main\" data-orig-file=\"https:\/\/www.hoymercedes.com.ar\/principal\/wp-content\/uploads\/2017\/07\/26-circo-1.jpg\" data-orig-size=\"630,420\" data-comments-opened=\"0\" data-image-meta=\"{&quot;aperture&quot;:&quot;5.6&quot;,&quot;credit&quot;:&quot;&quot;,&quot;camera&quot;:&quot;NIKON D3200&quot;,&quot;caption&quot;:&quot;&quot;,&quot;created_timestamp&quot;:&quot;1501003585&quot;,&quot;copyright&quot;:&quot;&quot;,&quot;focal_length&quot;:&quot;55&quot;,&quot;iso&quot;:&quot;280&quot;,&quot;shutter_speed&quot;:&quot;0.008&quot;,&quot;title&quot;:&quot;&quot;,&quot;orientation&quot;:&quot;1&quot;}\" data-image-title=\"26 circo 1\" data-image-description=\"\" data-image-caption=\"\" data-large-file=\"https:\/\/www.hoymercedes.com.ar\/principal\/wp-content\/uploads\/2017\/07\/26-circo-1.jpg\" class=\"aligncenter size-medium wp-image-65316\" src=\"https:\/\/www.hoymercedes.com.ar\/principal\/wp-content\/uploads\/2017\/07\/26-circo-1-630x420.jpg\" alt=\"\" width=\"630\" height=\"420\" srcset=\"https:\/\/www.hoymercedes.com.ar\/principal\/wp-content\/uploads\/2017\/07\/26-circo-1.jpg 630w, https:\/\/www.hoymercedes.com.ar\/principal\/wp-content\/uploads\/2017\/07\/26-circo-1-150x100.jpg 150w, https:\/\/www.hoymercedes.com.ar\/principal\/wp-content\/uploads\/2017\/07\/26-circo-1-300x200.jpg 300w\" sizes=\"auto, (max-width: 630px) 100vw, 630px\" \/><\/p>\n<p>\u201cPara nosotros este tipo de propuestas son fundamentales, darle la posibilidad a las familias de tener ofertas culturales para disfrutar juntos y que se pueda estar de manera gratuita\u201d, coment\u00f3 Juan Ignacio Ustarroz y destac\u00f3 que \u201cnuestra Trocha, que recuperamos para todos los vecinos, sigue siendo escenario de excelentes atractivos\u201d<\/p>\n<p>Por su parte, Lucia Capaccio, invit\u00f3 a que los vecinos se acerquen y disfruten de la actividad, recordando que desde la hora 13 se pueden retirar las entradas en la boleter\u00eda montada en el predio de avenida 40 y 21 para poder asegurarse un lugar en la carpa que estar\u00e1 montada hasta el pr\u00f3ximo domingo.<\/p>\n<p>Fuente: Prensa Municipal<\/p>\n","protected":false},"excerpt":{"rendered":"<p>Las propuestas de la Direcci\u00f3n de Cultura para estas vacaciones de invierno son un \u00e9xito en todos los espacios que &#8230; <a title=\"Proyecto Migra, circo gratuito en La Trocha toda la semana\" class=\"read-more\" href=\"https:\/\/www.hoymercedes.com.ar\/principal\/2017\/07\/26\/proyecto-migra-circo-gratuito-en-la-trocha-toda-la-semana\/\" aria-label=\"Leer m\u00e1s sobre Proyecto Migra, circo gratuito en La Trocha toda la semana\">Leer m\u00e1s<\/a><\/p>\n","protected":false},"author":1,"featured_media":65316,"comment_status":"closed","ping_status":"open","sticky":false,"template":"","format":"standard","meta":{"_monsterinsights_skip_tracking":false,"_monsterinsights_sitenote_active":false,"_monsterinsights_sitenote_note":"","_monsterinsights_sitenote_category":0,"jetpack_post_was_ever_published":false,"_jetpack_newsletter_access":"","_jetpack_dont_email_post_to_subs":false,"_jetpack_newsletter_tier_id":0,"_jetpack_memberships_contains_paywalled_content":false,"_jetpack_memberships_contains_paid_content":false,"footnotes":"","jetpack_publicize_message":"","jetpack_publicize_feature_enabled":true,"jetpack_social_post_already_shared":true,"jetpack_social_options":{"image_generator_settings":{"template":"highway","default_image_id":0,"font":"","enabled":false},"version":2},"_wpas_customize_per_network":false},"categories":[104],"tags":[11597,7805,10,244,11486,7629],"class_list":["post-65315","post","type-post","status-publish","format-standard","has-post-thumbnail","hentry","category-cultura","tag-circo","tag-cultura","tag-mercedes","tag-municipio-2","tag-proyecto-migra","tag-vacaciones-de-invierno","generate-columns","tablet-grid-50","mobile-grid-100","grid-parent","grid-50"],"jetpack_publicize_connections":[],"jetpack_featured_media_url":"https:\/\/www.hoymercedes.com.ar\/principal\/wp-content\/uploads\/2017\/07\/26-circo-1.jpg","wps_subtitle":"A partir de las 13 se retiran entradas","jetpack_sharing_enabled":true,"_links":{"self":[{"href":"https:\/\/www.hoymercedes.com.ar\/principal\/wp-json\/wp\/v2\/posts\/65315","targetHints":{"allow":["GET"]}}],"collection":[{"href":"https:\/\/www.hoymercedes.com.ar\/principal\/wp-json\/wp\/v2\/posts"}],"about":[{"href":"https:\/\/www.hoymercedes.com.ar\/principal\/wp-json\/wp\/v2\/types\/post"}],"author":[{"embeddable":true,"href":"https:\/\/www.hoymercedes.com.ar\/principal\/wp-json\/wp\/v2\/users\/1"}],"replies":[{"embeddable":true,"href":"https:\/\/www.hoymercedes.com.ar\/principal\/wp-json\/wp\/v2\/comments?post=65315"}],"version-history":[{"count":0,"href":"https:\/\/www.hoymercedes.com.ar\/principal\/wp-json\/wp\/v2\/posts\/65315\/revisions"}],"wp:featuredmedia":[{"embeddable":true,"href":"https:\/\/www.hoymercedes.com.ar\/principal\/wp-json\/wp\/v2\/media\/65316"}],"wp:attachment":[{"href":"https:\/\/www.hoymercedes.com.ar\/principal\/wp-json\/wp\/v2\/media?parent=65315"}],"wp:term":[{"taxonomy":"category","embeddable":true,"href":"https:\/\/www.hoymercedes.com.ar\/principal\/wp-json\/wp\/v2\/categories?post=65315"},{"taxonomy":"post_tag","embeddable":true,"href":"https:\/\/www.hoymercedes.com.ar\/principal\/wp-json\/wp\/v2\/tags?post=65315"}],"curies":[{"name":"wp","href":"https:\/\/api.w.org\/{rel}","templated":true}]}}