{"id":65367,"date":"2017-07-27T17:42:29","date_gmt":"2017-07-27T20:42:29","guid":{"rendered":"http:\/\/www.hoymercedes.com.ar\/principal\/?p=65367"},"modified":"2017-07-27T18:44:58","modified_gmt":"2017-07-27T21:44:58","slug":"desesperada-busqueda-de-joven-mercedina","status":"publish","type":"post","link":"https:\/\/www.hoymercedes.com.ar\/principal\/2017\/07\/27\/desesperada-busqueda-de-joven-mercedina\/","title":{"rendered":"Desesperada b\u00fasqueda de joven mercedina"},"content":{"rendered":"<p><img loading=\"lazy\" decoding=\"async\" data-attachment-id=\"65368\" data-permalink=\"https:\/\/www.hoymercedes.com.ar\/principal\/2017\/07\/27\/desesperada-busqueda-de-joven-mercedina\/busqueda\/#main\" data-orig-file=\"https:\/\/www.hoymercedes.com.ar\/principal\/wp-content\/uploads\/2017\/07\/busqueda.jpg\" data-orig-size=\"526,526\" data-comments-opened=\"0\" data-image-meta=\"{&quot;aperture&quot;:&quot;0&quot;,&quot;credit&quot;:&quot;&quot;,&quot;camera&quot;:&quot;&quot;,&quot;caption&quot;:&quot;&quot;,&quot;created_timestamp&quot;:&quot;0&quot;,&quot;copyright&quot;:&quot;&quot;,&quot;focal_length&quot;:&quot;0&quot;,&quot;iso&quot;:&quot;0&quot;,&quot;shutter_speed&quot;:&quot;0&quot;,&quot;title&quot;:&quot;&quot;,&quot;orientation&quot;:&quot;0&quot;}\" data-image-title=\"busqueda\" data-image-description=\"\" data-image-caption=\"\" data-large-file=\"https:\/\/www.hoymercedes.com.ar\/principal\/wp-content\/uploads\/2017\/07\/busqueda.jpg\" class=\"aligncenter size-full wp-image-65368\" src=\"https:\/\/www.hoymercedes.com.ar\/principal\/wp-content\/uploads\/2017\/07\/busqueda.jpg\" alt=\"\" width=\"526\" height=\"526\" srcset=\"https:\/\/www.hoymercedes.com.ar\/principal\/wp-content\/uploads\/2017\/07\/busqueda.jpg 526w, https:\/\/www.hoymercedes.com.ar\/principal\/wp-content\/uploads\/2017\/07\/busqueda-150x150.jpg 150w\" sizes=\"auto, (max-width: 526px) 100vw, 526px\" \/>Se llama Carla Milagros Sauco, tiene 17 a\u00f1os. Su familia no sabe nada de ella desde el 19 de junio de las 17: 30 horas. La \u00faltima vez que la vieron estaba vestida con una musculosa negra, calza animal print blanca y negra (como en la imagen que se difunde) y ten\u00eda una campera de lana negra con botones.<\/p>\n<p>A quienes puedan aportar datos sobre su paradero se debe informar a la comisar\u00eda local o bien a los n\u00fameros de tel\u00e9fono: 2324695652 y 2324685302.<\/p>\n<p>La familia est\u00e1 preocupada y tiene una beba de 2 a\u00f1itos que la necesita.<\/p>\n","protected":false},"excerpt":{"rendered":"<p>Se llama Carla Milagros Sauco, tiene 17 a\u00f1os. Su familia no sabe nada de ella desde el 19 de junio &#8230; <a title=\"Desesperada b\u00fasqueda de joven mercedina\" class=\"read-more\" href=\"https:\/\/www.hoymercedes.com.ar\/principal\/2017\/07\/27\/desesperada-busqueda-de-joven-mercedina\/\" aria-label=\"Leer m\u00e1s sobre Desesperada b\u00fasqueda de joven mercedina\">Leer m\u00e1s<\/a><\/p>\n","protected":false},"author":1,"featured_media":65368,"comment_status":"closed","ping_status":"open","sticky":false,"template":"","format":"standard","meta":{"_monsterinsights_skip_tracking":false,"_monsterinsights_sitenote_active":false,"_monsterinsights_sitenote_note":"","_monsterinsights_sitenote_category":0,"jetpack_post_was_ever_published":false,"_jetpack_newsletter_access":"","_jetpack_dont_email_post_to_subs":false,"_jetpack_newsletter_tier_id":0,"_jetpack_memberships_contains_paywalled_content":false,"_jetpack_memberships_contains_paid_content":false,"footnotes":"","jetpack_publicize_message":"","jetpack_publicize_feature_enabled":true,"jetpack_social_post_already_shared":true,"jetpack_social_options":{"image_generator_settings":{"template":"highway","default_image_id":0,"font":"","enabled":false},"version":2},"_wpas_customize_per_network":false},"categories":[85],"tags":[9085,9605,11605,10,96],"class_list":["post-65367","post","type-post","status-publish","format-standard","has-post-thumbnail","hentry","category-policial","tag-busqueda","tag-desaparicion","tag-joven","tag-mercedes","tag-policial-2","generate-columns","tablet-grid-50","mobile-grid-100","grid-parent","grid-50"],"jetpack_publicize_connections":[],"jetpack_featured_media_url":"https:\/\/www.hoymercedes.com.ar\/principal\/wp-content\/uploads\/2017\/07\/busqueda.jpg","wps_subtitle":"Llamado a la solidaridad","jetpack_sharing_enabled":true,"_links":{"self":[{"href":"https:\/\/www.hoymercedes.com.ar\/principal\/wp-json\/wp\/v2\/posts\/65367","targetHints":{"allow":["GET"]}}],"collection":[{"href":"https:\/\/www.hoymercedes.com.ar\/principal\/wp-json\/wp\/v2\/posts"}],"about":[{"href":"https:\/\/www.hoymercedes.com.ar\/principal\/wp-json\/wp\/v2\/types\/post"}],"author":[{"embeddable":true,"href":"https:\/\/www.hoymercedes.com.ar\/principal\/wp-json\/wp\/v2\/users\/1"}],"replies":[{"embeddable":true,"href":"https:\/\/www.hoymercedes.com.ar\/principal\/wp-json\/wp\/v2\/comments?post=65367"}],"version-history":[{"count":0,"href":"https:\/\/www.hoymercedes.com.ar\/principal\/wp-json\/wp\/v2\/posts\/65367\/revisions"}],"wp:featuredmedia":[{"embeddable":true,"href":"https:\/\/www.hoymercedes.com.ar\/principal\/wp-json\/wp\/v2\/media\/65368"}],"wp:attachment":[{"href":"https:\/\/www.hoymercedes.com.ar\/principal\/wp-json\/wp\/v2\/media?parent=65367"}],"wp:term":[{"taxonomy":"category","embeddable":true,"href":"https:\/\/www.hoymercedes.com.ar\/principal\/wp-json\/wp\/v2\/categories?post=65367"},{"taxonomy":"post_tag","embeddable":true,"href":"https:\/\/www.hoymercedes.com.ar\/principal\/wp-json\/wp\/v2\/tags?post=65367"}],"curies":[{"name":"wp","href":"https:\/\/api.w.org\/{rel}","templated":true}]}}