{"id":65410,"date":"2017-07-29T21:38:47","date_gmt":"2017-07-30T00:38:47","guid":{"rendered":"http:\/\/www.hoymercedes.com.ar\/principal\/?p=65410"},"modified":"2017-07-29T21:38:47","modified_gmt":"2017-07-30T00:38:47","slug":"inauguran-nuevo-espacio-de-primera-infancia-y-caps-en-barrio-marchetti","status":"publish","type":"post","link":"https:\/\/www.hoymercedes.com.ar\/principal\/2017\/07\/29\/inauguran-nuevo-espacio-de-primera-infancia-y-caps-en-barrio-marchetti\/","title":{"rendered":"Inauguran nuevo \u00abEspacio de Primera Infancia\u00bb y \u00abCAPs\u00bb en Barrio Marchetti"},"content":{"rendered":"<figure id=\"attachment_65411\" aria-describedby=\"caption-attachment-65411\" style=\"width: 620px\" class=\"wp-caption aligncenter\"><img loading=\"lazy\" decoding=\"async\" data-attachment-id=\"65411\" data-permalink=\"https:\/\/www.hoymercedes.com.ar\/principal\/2017\/07\/29\/inauguran-nuevo-espacio-de-primera-infancia-y-caps-en-barrio-marchetti\/episja_6138\/#main\" data-orig-file=\"https:\/\/www.hoymercedes.com.ar\/principal\/wp-content\/uploads\/2017\/07\/epiSJA_6138.jpg\" data-orig-size=\"630,420\" data-comments-opened=\"0\" data-image-meta=\"{&quot;aperture&quot;:&quot;4&quot;,&quot;credit&quot;:&quot;SEBASTIANAMBROSSIO&quot;,&quot;camera&quot;:&quot;&quot;,&quot;caption&quot;:&quot;&quot;,&quot;created_timestamp&quot;:&quot;0&quot;,&quot;copyright&quot;:&quot;SebastianAmbrossio&quot;,&quot;focal_length&quot;:&quot;24&quot;,&quot;iso&quot;:&quot;0&quot;,&quot;shutter_speed&quot;:&quot;0.004&quot;,&quot;title&quot;:&quot;&quot;,&quot;orientation&quot;:&quot;0&quot;}\" data-image-title=\"epiSJA_6138\" data-image-description=\"\" data-image-caption=\"&lt;p&gt;Inauguraci\u00f3n EPI&lt;\/p&gt;\n\" data-large-file=\"https:\/\/www.hoymercedes.com.ar\/principal\/wp-content\/uploads\/2017\/07\/epiSJA_6138.jpg\" class=\"size-medium wp-image-65411\" src=\"https:\/\/www.hoymercedes.com.ar\/principal\/wp-content\/uploads\/2017\/07\/epiSJA_6138-630x420.jpg\" alt=\"\" width=\"630\" height=\"420\" srcset=\"https:\/\/www.hoymercedes.com.ar\/principal\/wp-content\/uploads\/2017\/07\/epiSJA_6138.jpg 630w, https:\/\/www.hoymercedes.com.ar\/principal\/wp-content\/uploads\/2017\/07\/epiSJA_6138-150x100.jpg 150w, https:\/\/www.hoymercedes.com.ar\/principal\/wp-content\/uploads\/2017\/07\/epiSJA_6138-300x200.jpg 300w\" sizes=\"auto, (max-width: 630px) 100vw, 630px\" \/><figcaption id=\"caption-attachment-65411\" class=\"wp-caption-text\">Inauguraci\u00f3n EPI<\/figcaption><\/figure>\n<p>En el Barrio Marchetti la alegr\u00eda era total. Familias, vecinos, ni\u00f1os, profesionales, todos presentes en la fiesta que se vivi\u00f3 con la puesta en funcionamientos de un nuevo Espacio de Primera Infancia y un Centro de Atenci\u00f3n Primaria a la Salud. Medidas que refuerzan los derechos de todos los vecinos y contin\u00faan solidificando la pol\u00edtica del Estado Municipal de brindar todas las herramientas socio sanitarias y de desarrollo para los m\u00e1s peque\u00f1os.<\/p>\n<p>En el encuentro participaron casi 200 vecinos, hubo murga, juegos y el tradicional corte de cinta. El acto estuvo encabezado por el intendente Juan Ignacio Ustarroz acompa\u00f1ado de la Secretaria de Desarrollo Social Jorgelina Silva, funcionarios de casi todas las \u00e1reas, el Diputado Nacional Eduardo de Pedro, el Diputado Provincial Santiago R\u00e9vora y la pre candidata a Diputada Nacional Vanessa Siley, mercedina y una de las que all\u00e1 por el 2001 era una joven part\u00edcipe en el movimiento juvenil que junto a los vecinos crearon el comedor \u201cLos Pampitas\u201d.<\/p>\n<p>El primer mandatario municipal, Juan Ignacio Ustarroz, sostuvo ante los medios, tras la sentida inauguraci\u00f3n, que \u201ces una emoci\u00f3n muy grande. Este barrio es muy caro a mis sentimientos. Hace muchos a\u00f1os con un grupo de j\u00f3venes empezamos a venir, a generar actividades con los ni\u00f1os, desde una copa de leche para ir creciendo y haciendo mucho con todos los vecinos, siempre presentes y hoy como municipio venir e inaugurar poniendo en funcionamiento un Centro de Atenci\u00f3n Primaria que va a contar con m\u00e9dico, pediatra, con un espacio de Primera Infancia con 30 ni\u00f1os a la ma\u00f1ana para luego ampliar a la tarde, donde habr\u00e1 contenci\u00f3n, aprendizaje, todo para que nuestros ni\u00f1os se desarrollen plenamente\u201d cont\u00f3 y record\u00f3 que con Kevin \u201ccuando era muy chiquito plantamos un \u00e1rbol, ahora es casi un adolescente. Tambi\u00e9n con las que eran nenas ahora son mam\u00e1s y estar\u00e1n cerca de este hermoso centro\u00bb<\/p>\n<figure id=\"attachment_65412\" aria-describedby=\"caption-attachment-65412\" style=\"width: 620px\" class=\"wp-caption aligncenter\"><img loading=\"lazy\" decoding=\"async\" data-attachment-id=\"65412\" data-permalink=\"https:\/\/www.hoymercedes.com.ar\/principal\/2017\/07\/29\/inauguran-nuevo-espacio-de-primera-infancia-y-caps-en-barrio-marchetti\/episja_6069\/#main\" data-orig-file=\"https:\/\/www.hoymercedes.com.ar\/principal\/wp-content\/uploads\/2017\/07\/epiSJA_6069.jpg\" data-orig-size=\"630,420\" data-comments-opened=\"0\" data-image-meta=\"{&quot;aperture&quot;:&quot;4&quot;,&quot;credit&quot;:&quot;SEBASTIANAMBROSSIO&quot;,&quot;camera&quot;:&quot;&quot;,&quot;caption&quot;:&quot;&quot;,&quot;created_timestamp&quot;:&quot;0&quot;,&quot;copyright&quot;:&quot;SebastianAmbrossio&quot;,&quot;focal_length&quot;:&quot;24&quot;,&quot;iso&quot;:&quot;0&quot;,&quot;shutter_speed&quot;:&quot;0.004&quot;,&quot;title&quot;:&quot;&quot;,&quot;orientation&quot;:&quot;0&quot;}\" data-image-title=\"epiSJA_6069\" data-image-description=\"\" data-image-caption=\"&lt;p&gt;Silva junto a personal y vecinos&lt;\/p&gt;\n\" data-large-file=\"https:\/\/www.hoymercedes.com.ar\/principal\/wp-content\/uploads\/2017\/07\/epiSJA_6069.jpg\" class=\"size-medium wp-image-65412\" src=\"https:\/\/www.hoymercedes.com.ar\/principal\/wp-content\/uploads\/2017\/07\/epiSJA_6069-630x420.jpg\" alt=\"\" width=\"630\" height=\"420\" srcset=\"https:\/\/www.hoymercedes.com.ar\/principal\/wp-content\/uploads\/2017\/07\/epiSJA_6069.jpg 630w, https:\/\/www.hoymercedes.com.ar\/principal\/wp-content\/uploads\/2017\/07\/epiSJA_6069-150x100.jpg 150w, https:\/\/www.hoymercedes.com.ar\/principal\/wp-content\/uploads\/2017\/07\/epiSJA_6069-300x200.jpg 300w\" sizes=\"auto, (max-width: 630px) 100vw, 630px\" \/><figcaption id=\"caption-attachment-65412\" class=\"wp-caption-text\">Silva junto a personal y vecinos<\/figcaption><\/figure>\n<p>La Secretaria de Desarrollo Social, Jorgelina Silva, expres\u00f3 que \u201cEs un sue\u00f1o cumplido, un sue\u00f1o comunitario y que luchamos y pensamos mucho tiempo. Hoy estamos muy conmovidos y emocionados. Quiero agradecer a los chicos de las Cooperativas que tanto trabajaron\u201d cont\u00f3 y agradeci\u00f3 y record\u00f3 que \u201chace como 9 o 10 a\u00f1os habl\u00e1bamos con el entonces intendente municipal a pedir la salita de primeros auxilios y hoy somos nosotros los que la traemos\u201d, sostuvo emocionada, como todos los presentes.<\/p>\n<p>Quien tambi\u00e9n dialog\u00f3 con los medios fue la vecina N\u00e9lida Aquino, quien cont\u00f3 que \u201cesto se hizo con mucho esfuerzo\u201d desde hace a\u00f1os \u201cesto es la Pampa Chita, soy nacida y crecida ac\u00e1, estoy muy contenta, muy orgullosa, debemos decirle gracias a Juani. Tenemos muchos chicos sin vacunar, ya le dije a mi nuera, ahora vamos a venir ac\u00e1\u201d coment\u00f3 satisfecha por tener cerca de su casa un nuevo Centro Sanitario.<\/p>\n<p>Vanesa Siley, desde su lugar, cont\u00f3 que hac\u00eda mucho no estaba en el barrio mostrando una emoci\u00f3n que contagi\u00f3 a los presentes, con l\u00e1grimas y orgullo de haber sido parte de este movimiento que lleva tantos a\u00f1os, porque, como los vecinos mismos dicen, es \u201clas pampitas\u201d, el querido espacio de encuentro.<\/p>\n<figure id=\"attachment_65413\" aria-describedby=\"caption-attachment-65413\" style=\"width: 620px\" class=\"wp-caption aligncenter\"><img loading=\"lazy\" decoding=\"async\" data-attachment-id=\"65413\" data-permalink=\"https:\/\/www.hoymercedes.com.ar\/principal\/2017\/07\/29\/inauguran-nuevo-espacio-de-primera-infancia-y-caps-en-barrio-marchetti\/episja_5925\/#main\" data-orig-file=\"https:\/\/www.hoymercedes.com.ar\/principal\/wp-content\/uploads\/2017\/07\/epiSJA_5925.jpg\" data-orig-size=\"630,420\" data-comments-opened=\"0\" data-image-meta=\"{&quot;aperture&quot;:&quot;4&quot;,&quot;credit&quot;:&quot;SEBASTIANAMBROSSIO&quot;,&quot;camera&quot;:&quot;&quot;,&quot;caption&quot;:&quot;&quot;,&quot;created_timestamp&quot;:&quot;0&quot;,&quot;copyright&quot;:&quot;SebastianAmbrossio&quot;,&quot;focal_length&quot;:&quot;24&quot;,&quot;iso&quot;:&quot;0&quot;,&quot;shutter_speed&quot;:&quot;0.008&quot;,&quot;title&quot;:&quot;&quot;,&quot;orientation&quot;:&quot;0&quot;}\" data-image-title=\"epiSJA_5925\" data-image-description=\"\" data-image-caption=\"\" data-large-file=\"https:\/\/www.hoymercedes.com.ar\/principal\/wp-content\/uploads\/2017\/07\/epiSJA_5925.jpg\" class=\"wp-image-65413 size-medium\" src=\"https:\/\/www.hoymercedes.com.ar\/principal\/wp-content\/uploads\/2017\/07\/epiSJA_5925-630x420.jpg\" alt=\"\" width=\"630\" height=\"420\" srcset=\"https:\/\/www.hoymercedes.com.ar\/principal\/wp-content\/uploads\/2017\/07\/epiSJA_5925.jpg 630w, https:\/\/www.hoymercedes.com.ar\/principal\/wp-content\/uploads\/2017\/07\/epiSJA_5925-150x100.jpg 150w, https:\/\/www.hoymercedes.com.ar\/principal\/wp-content\/uploads\/2017\/07\/epiSJA_5925-300x200.jpg 300w\" sizes=\"auto, (max-width: 630px) 100vw, 630px\" \/><figcaption id=\"caption-attachment-65413\" class=\"wp-caption-text\">Parte de las nuevas instalaciones<\/figcaption><\/figure>\n<p>Por su parte, el Jefe de Gabinete, Ger\u00f3nimo Ustarroz, coment\u00f3 que \u201cLo que vivimos hoy en el Marchetti es concretar pol\u00edticas p\u00fablicas en serio al servicio de la gente. No son palabras, no son promesas, son hechos concretos que vamos haciendo realidad en la ciudad. Es un trabajo integral que hace la Municipalidad en este barrio Marchetti y la zona, con mejoramiento de calles y otros trabajos. En breve vamos a poner una plaza de \u00faltima generaci\u00f3n\u201d.<\/p>\n<p><img loading=\"lazy\" decoding=\"async\" data-attachment-id=\"65414\" data-permalink=\"https:\/\/www.hoymercedes.com.ar\/principal\/2017\/07\/29\/inauguran-nuevo-espacio-de-primera-infancia-y-caps-en-barrio-marchetti\/episja_6079\/#main\" data-orig-file=\"https:\/\/www.hoymercedes.com.ar\/principal\/wp-content\/uploads\/2017\/07\/epiSJA_6079.jpg\" data-orig-size=\"630,420\" data-comments-opened=\"0\" data-image-meta=\"{&quot;aperture&quot;:&quot;4&quot;,&quot;credit&quot;:&quot;SEBASTIANAMBROSSIO&quot;,&quot;camera&quot;:&quot;&quot;,&quot;caption&quot;:&quot;&quot;,&quot;created_timestamp&quot;:&quot;0&quot;,&quot;copyright&quot;:&quot;SebastianAmbrossio&quot;,&quot;focal_length&quot;:&quot;24&quot;,&quot;iso&quot;:&quot;0&quot;,&quot;shutter_speed&quot;:&quot;0.004&quot;,&quot;title&quot;:&quot;&quot;,&quot;orientation&quot;:&quot;0&quot;}\" data-image-title=\"epiSJA_6079\" data-image-description=\"\" data-image-caption=\"\" data-large-file=\"https:\/\/www.hoymercedes.com.ar\/principal\/wp-content\/uploads\/2017\/07\/epiSJA_6079.jpg\" class=\"aligncenter size-medium wp-image-65414\" src=\"https:\/\/www.hoymercedes.com.ar\/principal\/wp-content\/uploads\/2017\/07\/epiSJA_6079-630x420.jpg\" alt=\"\" width=\"630\" height=\"420\" srcset=\"https:\/\/www.hoymercedes.com.ar\/principal\/wp-content\/uploads\/2017\/07\/epiSJA_6079.jpg 630w, https:\/\/www.hoymercedes.com.ar\/principal\/wp-content\/uploads\/2017\/07\/epiSJA_6079-150x100.jpg 150w, https:\/\/www.hoymercedes.com.ar\/principal\/wp-content\/uploads\/2017\/07\/epiSJA_6079-300x200.jpg 300w\" sizes=\"auto, (max-width: 630px) 100vw, 630px\" \/><\/p>\n<p>El nuevo Espacio de Primera Infancia ya desde el lunes recibir\u00e1 a los nenes de 30 nuevas familias beneficiadas. Es un lugar para el desarrollo integral, la formaci\u00f3n, la contenci\u00f3n y el cuidado de la salud de nuestros futuros mercedinos. Adem\u00e1s, se pone en marcha un nuevo Centro de Atenci\u00f3n Primaria de la Salud, para que los mercedinos sigan siendo beneficiarios de derechos. De esta forma la Municipalidad contin\u00faa solidificando su pol\u00edtica de cuidado de la salud y bienestar de los vecinos.<\/p>\n<p><img loading=\"lazy\" decoding=\"async\" data-attachment-id=\"65415\" data-permalink=\"https:\/\/www.hoymercedes.com.ar\/principal\/2017\/07\/29\/inauguran-nuevo-espacio-de-primera-infancia-y-caps-en-barrio-marchetti\/episja_5977\/#main\" data-orig-file=\"https:\/\/www.hoymercedes.com.ar\/principal\/wp-content\/uploads\/2017\/07\/epiSJA_5977.jpg\" data-orig-size=\"630,420\" data-comments-opened=\"0\" data-image-meta=\"{&quot;aperture&quot;:&quot;4&quot;,&quot;credit&quot;:&quot;SEBASTIANAMBROSSIO&quot;,&quot;camera&quot;:&quot;&quot;,&quot;caption&quot;:&quot;&quot;,&quot;created_timestamp&quot;:&quot;0&quot;,&quot;copyright&quot;:&quot;SebastianAmbrossio&quot;,&quot;focal_length&quot;:&quot;24&quot;,&quot;iso&quot;:&quot;0&quot;,&quot;shutter_speed&quot;:&quot;0.002&quot;,&quot;title&quot;:&quot;&quot;,&quot;orientation&quot;:&quot;0&quot;}\" data-image-title=\"epiSJA_5977\" data-image-description=\"\" data-image-caption=\"\" data-large-file=\"https:\/\/www.hoymercedes.com.ar\/principal\/wp-content\/uploads\/2017\/07\/epiSJA_5977.jpg\" class=\"aligncenter size-medium wp-image-65415\" src=\"https:\/\/www.hoymercedes.com.ar\/principal\/wp-content\/uploads\/2017\/07\/epiSJA_5977-630x420.jpg\" alt=\"\" width=\"630\" height=\"420\" srcset=\"https:\/\/www.hoymercedes.com.ar\/principal\/wp-content\/uploads\/2017\/07\/epiSJA_5977.jpg 630w, https:\/\/www.hoymercedes.com.ar\/principal\/wp-content\/uploads\/2017\/07\/epiSJA_5977-150x100.jpg 150w, https:\/\/www.hoymercedes.com.ar\/principal\/wp-content\/uploads\/2017\/07\/epiSJA_5977-300x200.jpg 300w\" sizes=\"auto, (max-width: 630px) 100vw, 630px\" \/><\/p>\n<p><img loading=\"lazy\" decoding=\"async\" data-attachment-id=\"65416\" data-permalink=\"https:\/\/www.hoymercedes.com.ar\/principal\/2017\/07\/29\/inauguran-nuevo-espacio-de-primera-infancia-y-caps-en-barrio-marchetti\/episja_6024\/#main\" data-orig-file=\"https:\/\/www.hoymercedes.com.ar\/principal\/wp-content\/uploads\/2017\/07\/epiSJA_6024.jpg\" data-orig-size=\"630,420\" data-comments-opened=\"0\" data-image-meta=\"{&quot;aperture&quot;:&quot;4&quot;,&quot;credit&quot;:&quot;SEBASTIANAMBROSSIO&quot;,&quot;camera&quot;:&quot;&quot;,&quot;caption&quot;:&quot;&quot;,&quot;created_timestamp&quot;:&quot;0&quot;,&quot;copyright&quot;:&quot;SebastianAmbrossio&quot;,&quot;focal_length&quot;:&quot;32&quot;,&quot;iso&quot;:&quot;0&quot;,&quot;shutter_speed&quot;:&quot;0.004&quot;,&quot;title&quot;:&quot;&quot;,&quot;orientation&quot;:&quot;0&quot;}\" data-image-title=\"epiSJA_6024\" data-image-description=\"\" data-image-caption=\"\" data-large-file=\"https:\/\/www.hoymercedes.com.ar\/principal\/wp-content\/uploads\/2017\/07\/epiSJA_6024.jpg\" class=\"aligncenter size-medium wp-image-65416\" src=\"https:\/\/www.hoymercedes.com.ar\/principal\/wp-content\/uploads\/2017\/07\/epiSJA_6024-630x420.jpg\" alt=\"\" width=\"630\" height=\"420\" srcset=\"https:\/\/www.hoymercedes.com.ar\/principal\/wp-content\/uploads\/2017\/07\/epiSJA_6024.jpg 630w, https:\/\/www.hoymercedes.com.ar\/principal\/wp-content\/uploads\/2017\/07\/epiSJA_6024-150x100.jpg 150w, https:\/\/www.hoymercedes.com.ar\/principal\/wp-content\/uploads\/2017\/07\/epiSJA_6024-300x200.jpg 300w\" sizes=\"auto, (max-width: 630px) 100vw, 630px\" \/><\/p>\n<p><img loading=\"lazy\" decoding=\"async\" data-attachment-id=\"65417\" data-permalink=\"https:\/\/www.hoymercedes.com.ar\/principal\/2017\/07\/29\/inauguran-nuevo-espacio-de-primera-infancia-y-caps-en-barrio-marchetti\/episja_6037\/#main\" data-orig-file=\"https:\/\/www.hoymercedes.com.ar\/principal\/wp-content\/uploads\/2017\/07\/epiSJA_6037.jpg\" data-orig-size=\"630,420\" data-comments-opened=\"0\" data-image-meta=\"{&quot;aperture&quot;:&quot;4&quot;,&quot;credit&quot;:&quot;SEBASTIANAMBROSSIO&quot;,&quot;camera&quot;:&quot;&quot;,&quot;caption&quot;:&quot;&quot;,&quot;created_timestamp&quot;:&quot;0&quot;,&quot;copyright&quot;:&quot;SebastianAmbrossio&quot;,&quot;focal_length&quot;:&quot;24&quot;,&quot;iso&quot;:&quot;0&quot;,&quot;shutter_speed&quot;:&quot;0.004&quot;,&quot;title&quot;:&quot;&quot;,&quot;orientation&quot;:&quot;0&quot;}\" data-image-title=\"epiSJA_6037\" data-image-description=\"\" data-image-caption=\"\" data-large-file=\"https:\/\/www.hoymercedes.com.ar\/principal\/wp-content\/uploads\/2017\/07\/epiSJA_6037.jpg\" class=\"aligncenter size-medium wp-image-65417\" src=\"https:\/\/www.hoymercedes.com.ar\/principal\/wp-content\/uploads\/2017\/07\/epiSJA_6037-630x420.jpg\" alt=\"\" width=\"630\" height=\"420\" srcset=\"https:\/\/www.hoymercedes.com.ar\/principal\/wp-content\/uploads\/2017\/07\/epiSJA_6037.jpg 630w, https:\/\/www.hoymercedes.com.ar\/principal\/wp-content\/uploads\/2017\/07\/epiSJA_6037-150x100.jpg 150w, https:\/\/www.hoymercedes.com.ar\/principal\/wp-content\/uploads\/2017\/07\/epiSJA_6037-300x200.jpg 300w\" sizes=\"auto, (max-width: 630px) 100vw, 630px\" \/><\/p>\n<p><img loading=\"lazy\" decoding=\"async\" data-attachment-id=\"65418\" data-permalink=\"https:\/\/www.hoymercedes.com.ar\/principal\/2017\/07\/29\/inauguran-nuevo-espacio-de-primera-infancia-y-caps-en-barrio-marchetti\/episja_6052\/#main\" data-orig-file=\"https:\/\/www.hoymercedes.com.ar\/principal\/wp-content\/uploads\/2017\/07\/epiSJA_6052.jpg\" data-orig-size=\"630,420\" data-comments-opened=\"0\" data-image-meta=\"{&quot;aperture&quot;:&quot;4&quot;,&quot;credit&quot;:&quot;SEBASTIANAMBROSSIO&quot;,&quot;camera&quot;:&quot;&quot;,&quot;caption&quot;:&quot;&quot;,&quot;created_timestamp&quot;:&quot;0&quot;,&quot;copyright&quot;:&quot;SebastianAmbrossio&quot;,&quot;focal_length&quot;:&quot;70&quot;,&quot;iso&quot;:&quot;0&quot;,&quot;shutter_speed&quot;:&quot;0.004&quot;,&quot;title&quot;:&quot;&quot;,&quot;orientation&quot;:&quot;0&quot;}\" data-image-title=\"epiSJA_6052\" data-image-description=\"\" data-image-caption=\"\" data-large-file=\"https:\/\/www.hoymercedes.com.ar\/principal\/wp-content\/uploads\/2017\/07\/epiSJA_6052.jpg\" class=\"aligncenter size-medium wp-image-65418\" src=\"https:\/\/www.hoymercedes.com.ar\/principal\/wp-content\/uploads\/2017\/07\/epiSJA_6052-630x420.jpg\" alt=\"\" width=\"630\" height=\"420\" srcset=\"https:\/\/www.hoymercedes.com.ar\/principal\/wp-content\/uploads\/2017\/07\/epiSJA_6052.jpg 630w, https:\/\/www.hoymercedes.com.ar\/principal\/wp-content\/uploads\/2017\/07\/epiSJA_6052-150x100.jpg 150w, https:\/\/www.hoymercedes.com.ar\/principal\/wp-content\/uploads\/2017\/07\/epiSJA_6052-300x200.jpg 300w\" sizes=\"auto, (max-width: 630px) 100vw, 630px\" \/><\/p>\n<p><img loading=\"lazy\" decoding=\"async\" data-attachment-id=\"65419\" data-permalink=\"https:\/\/www.hoymercedes.com.ar\/principal\/2017\/07\/29\/inauguran-nuevo-espacio-de-primera-infancia-y-caps-en-barrio-marchetti\/episja_6077\/#main\" data-orig-file=\"https:\/\/www.hoymercedes.com.ar\/principal\/wp-content\/uploads\/2017\/07\/epiSJA_6077.jpg\" data-orig-size=\"630,420\" data-comments-opened=\"0\" data-image-meta=\"{&quot;aperture&quot;:&quot;4&quot;,&quot;credit&quot;:&quot;SEBASTIANAMBROSSIO&quot;,&quot;camera&quot;:&quot;&quot;,&quot;caption&quot;:&quot;&quot;,&quot;created_timestamp&quot;:&quot;0&quot;,&quot;copyright&quot;:&quot;SebastianAmbrossio&quot;,&quot;focal_length&quot;:&quot;24&quot;,&quot;iso&quot;:&quot;0&quot;,&quot;shutter_speed&quot;:&quot;0.004&quot;,&quot;title&quot;:&quot;&quot;,&quot;orientation&quot;:&quot;0&quot;}\" data-image-title=\"epiSJA_6077\" data-image-description=\"\" data-image-caption=\"\" data-large-file=\"https:\/\/www.hoymercedes.com.ar\/principal\/wp-content\/uploads\/2017\/07\/epiSJA_6077.jpg\" class=\"aligncenter size-medium wp-image-65419\" src=\"https:\/\/www.hoymercedes.com.ar\/principal\/wp-content\/uploads\/2017\/07\/epiSJA_6077-630x420.jpg\" alt=\"\" width=\"630\" height=\"420\" srcset=\"https:\/\/www.hoymercedes.com.ar\/principal\/wp-content\/uploads\/2017\/07\/epiSJA_6077.jpg 630w, https:\/\/www.hoymercedes.com.ar\/principal\/wp-content\/uploads\/2017\/07\/epiSJA_6077-150x100.jpg 150w, https:\/\/www.hoymercedes.com.ar\/principal\/wp-content\/uploads\/2017\/07\/epiSJA_6077-300x200.jpg 300w\" sizes=\"auto, (max-width: 630px) 100vw, 630px\" \/><\/p>\n<p><img loading=\"lazy\" decoding=\"async\" data-attachment-id=\"65420\" data-permalink=\"https:\/\/www.hoymercedes.com.ar\/principal\/2017\/07\/29\/inauguran-nuevo-espacio-de-primera-infancia-y-caps-en-barrio-marchetti\/episja_6103\/#main\" data-orig-file=\"https:\/\/www.hoymercedes.com.ar\/principal\/wp-content\/uploads\/2017\/07\/epiSJA_6103.jpg\" data-orig-size=\"630,420\" data-comments-opened=\"0\" data-image-meta=\"{&quot;aperture&quot;:&quot;4&quot;,&quot;credit&quot;:&quot;SEBASTIANAMBROSSIO&quot;,&quot;camera&quot;:&quot;&quot;,&quot;caption&quot;:&quot;&quot;,&quot;created_timestamp&quot;:&quot;0&quot;,&quot;copyright&quot;:&quot;SebastianAmbrossio&quot;,&quot;focal_length&quot;:&quot;24&quot;,&quot;iso&quot;:&quot;0&quot;,&quot;shutter_speed&quot;:&quot;0.004&quot;,&quot;title&quot;:&quot;&quot;,&quot;orientation&quot;:&quot;0&quot;}\" data-image-title=\"epiSJA_6103\" data-image-description=\"\" data-image-caption=\"\" data-large-file=\"https:\/\/www.hoymercedes.com.ar\/principal\/wp-content\/uploads\/2017\/07\/epiSJA_6103.jpg\" class=\"aligncenter size-medium wp-image-65420\" src=\"https:\/\/www.hoymercedes.com.ar\/principal\/wp-content\/uploads\/2017\/07\/epiSJA_6103-630x420.jpg\" alt=\"\" width=\"630\" height=\"420\" srcset=\"https:\/\/www.hoymercedes.com.ar\/principal\/wp-content\/uploads\/2017\/07\/epiSJA_6103.jpg 630w, https:\/\/www.hoymercedes.com.ar\/principal\/wp-content\/uploads\/2017\/07\/epiSJA_6103-150x100.jpg 150w, https:\/\/www.hoymercedes.com.ar\/principal\/wp-content\/uploads\/2017\/07\/epiSJA_6103-300x200.jpg 300w\" sizes=\"auto, (max-width: 630px) 100vw, 630px\" \/><\/p>\n<p><img loading=\"lazy\" decoding=\"async\" data-attachment-id=\"65421\" data-permalink=\"https:\/\/www.hoymercedes.com.ar\/principal\/2017\/07\/29\/inauguran-nuevo-espacio-de-primera-infancia-y-caps-en-barrio-marchetti\/episja_6180\/#main\" data-orig-file=\"https:\/\/www.hoymercedes.com.ar\/principal\/wp-content\/uploads\/2017\/07\/epiSJA_6180.jpg\" data-orig-size=\"630,420\" data-comments-opened=\"0\" data-image-meta=\"{&quot;aperture&quot;:&quot;4&quot;,&quot;credit&quot;:&quot;SEBASTIANAMBROSSIO&quot;,&quot;camera&quot;:&quot;&quot;,&quot;caption&quot;:&quot;&quot;,&quot;created_timestamp&quot;:&quot;0&quot;,&quot;copyright&quot;:&quot;SebastianAmbrossio&quot;,&quot;focal_length&quot;:&quot;52&quot;,&quot;iso&quot;:&quot;0&quot;,&quot;shutter_speed&quot;:&quot;0.001&quot;,&quot;title&quot;:&quot;&quot;,&quot;orientation&quot;:&quot;0&quot;}\" data-image-title=\"epiSJA_6180\" data-image-description=\"\" data-image-caption=\"\" data-large-file=\"https:\/\/www.hoymercedes.com.ar\/principal\/wp-content\/uploads\/2017\/07\/epiSJA_6180.jpg\" class=\"aligncenter size-medium wp-image-65421\" src=\"https:\/\/www.hoymercedes.com.ar\/principal\/wp-content\/uploads\/2017\/07\/epiSJA_6180-630x420.jpg\" alt=\"\" width=\"630\" height=\"420\" srcset=\"https:\/\/www.hoymercedes.com.ar\/principal\/wp-content\/uploads\/2017\/07\/epiSJA_6180.jpg 630w, https:\/\/www.hoymercedes.com.ar\/principal\/wp-content\/uploads\/2017\/07\/epiSJA_6180-150x100.jpg 150w, https:\/\/www.hoymercedes.com.ar\/principal\/wp-content\/uploads\/2017\/07\/epiSJA_6180-300x200.jpg 300w\" sizes=\"auto, (max-width: 630px) 100vw, 630px\" \/><\/p>\n<p>Fuente: Prensa Municipal<\/p>\n<p>&nbsp;<\/p>\n","protected":false},"excerpt":{"rendered":"<p>En el Barrio Marchetti la alegr\u00eda era total. Familias, vecinos, ni\u00f1os, profesionales, todos presentes en la fiesta que se vivi\u00f3 &#8230; <a title=\"Inauguran nuevo \u00abEspacio de Primera Infancia\u00bb y \u00abCAPs\u00bb en Barrio Marchetti\" class=\"read-more\" href=\"https:\/\/www.hoymercedes.com.ar\/principal\/2017\/07\/29\/inauguran-nuevo-espacio-de-primera-infancia-y-caps-en-barrio-marchetti\/\" aria-label=\"Leer m\u00e1s sobre Inauguran nuevo \u00abEspacio de Primera Infancia\u00bb y \u00abCAPs\u00bb en Barrio Marchetti\">Leer m\u00e1s<\/a><\/p>\n","protected":false},"author":1,"featured_media":65411,"comment_status":"closed","ping_status":"open","sticky":false,"template":"","format":"standard","meta":{"_monsterinsights_skip_tracking":false,"_monsterinsights_sitenote_active":false,"_monsterinsights_sitenote_note":"","_monsterinsights_sitenote_category":0,"jetpack_post_was_ever_published":false,"_jetpack_newsletter_access":"","_jetpack_dont_email_post_to_subs":false,"_jetpack_newsletter_tier_id":0,"_jetpack_memberships_contains_paywalled_content":false,"_jetpack_memberships_contains_paid_content":false,"footnotes":"","jetpack_publicize_message":"","jetpack_publicize_feature_enabled":true,"jetpack_social_post_already_shared":true,"jetpack_social_options":{"image_generator_settings":{"template":"highway","default_image_id":0,"font":"","enabled":false},"version":2},"_wpas_customize_per_network":false},"categories":[30],"tags":[1078,11612,11613,11611,5473,585,744,11614,281],"class_list":["post-65410","post","type-post","status-publish","format-standard","has-post-thumbnail","hentry","category-municipio","tag-caps","tag-centro-de-atencion-primaria-a-la-salud","tag-epi","tag-espacio-de-primera-infancia-mercedes","tag-jorgelina-silva","tag-juan-ustarroz","tag-mercede","tag-vanesa-siley","tag-wado-de-pedro","generate-columns","tablet-grid-50","mobile-grid-100","grid-parent","grid-50"],"jetpack_publicize_connections":[],"jetpack_featured_media_url":"https:\/\/www.hoymercedes.com.ar\/principal\/wp-content\/uploads\/2017\/07\/epiSJA_6138.jpg","wps_subtitle":"Ampliaci\u00f3n de derechos","jetpack_sharing_enabled":true,"_links":{"self":[{"href":"https:\/\/www.hoymercedes.com.ar\/principal\/wp-json\/wp\/v2\/posts\/65410","targetHints":{"allow":["GET"]}}],"collection":[{"href":"https:\/\/www.hoymercedes.com.ar\/principal\/wp-json\/wp\/v2\/posts"}],"about":[{"href":"https:\/\/www.hoymercedes.com.ar\/principal\/wp-json\/wp\/v2\/types\/post"}],"author":[{"embeddable":true,"href":"https:\/\/www.hoymercedes.com.ar\/principal\/wp-json\/wp\/v2\/users\/1"}],"replies":[{"embeddable":true,"href":"https:\/\/www.hoymercedes.com.ar\/principal\/wp-json\/wp\/v2\/comments?post=65410"}],"version-history":[{"count":0,"href":"https:\/\/www.hoymercedes.com.ar\/principal\/wp-json\/wp\/v2\/posts\/65410\/revisions"}],"wp:featuredmedia":[{"embeddable":true,"href":"https:\/\/www.hoymercedes.com.ar\/principal\/wp-json\/wp\/v2\/media\/65411"}],"wp:attachment":[{"href":"https:\/\/www.hoymercedes.com.ar\/principal\/wp-json\/wp\/v2\/media?parent=65410"}],"wp:term":[{"taxonomy":"category","embeddable":true,"href":"https:\/\/www.hoymercedes.com.ar\/principal\/wp-json\/wp\/v2\/categories?post=65410"},{"taxonomy":"post_tag","embeddable":true,"href":"https:\/\/www.hoymercedes.com.ar\/principal\/wp-json\/wp\/v2\/tags?post=65410"}],"curies":[{"name":"wp","href":"https:\/\/api.w.org\/{rel}","templated":true}]}}