{"id":65450,"date":"2017-07-31T11:14:04","date_gmt":"2017-07-31T14:14:04","guid":{"rendered":"http:\/\/www.hoymercedes.com.ar\/principal\/?p=65450"},"modified":"2017-07-31T12:50:35","modified_gmt":"2017-07-31T15:50:35","slug":"cuatro-equipos-son-los-que-mandan-en-primera-division","status":"publish","type":"post","link":"https:\/\/www.hoymercedes.com.ar\/principal\/2017\/07\/31\/cuatro-equipos-son-los-que-mandan-en-primera-division\/","title":{"rendered":"Cuatro equipos son los que mandan en Primera Divisi\u00f3n"},"content":{"rendered":"<p><strong><em>Con un cielo que por momentos brind\u00f3 lluvia y llovizna y bajo la amenaza constante de que el campo de juego no iba a resistir los cuatro partidos que estaban programados, se jug\u00f3 la segunda fecha del torneo de Primera Divisi\u00f3n de la Liga Mercedina de F\u00fatbol, que por el momento tiene a cuatro equipos liderando, todos con cuatro unidades, mientras Juventud de Suipacha espera un triunfo el mi\u00e9rcoles ante Mercedes para poder escaparse en la punta.<\/em><\/strong><\/p>\n<p>V\u00e9lez y Palometas empataron cero a cero en un flojo partido, donde ninguno de los dos pudo aprovechar la victoria que tuvieron en el debut. En el debut de la jornada, AMEFIP San Mart\u00edn venci\u00f3 2 a 0 a un Defensores que inici\u00f3 el Clausura con toda la ilusi\u00f3n y por ahora sigue sin sumar. Para los de Camargo y Rementer\u00eda, este triunfo significa la continuidad del buen trabajo que vienen realizando, buscando seguir achicando puntos a Trocha en la General.<\/p>\n<p>Por su parte, Atl\u00e9tico Marcos Paz sigue siendo fuerte en su cancha. Este domingo derrot\u00f3 3 a 0 a Ateneo de la Juventud, que es otro de los equipos que no gan\u00f3 y que tampoco marc\u00f3 goles en el Clausura. Para Comunicaciones fue el debut tras quedar libre en la primera fecha y gole\u00f3 3 a 0 a Quilmes, que ven\u00eda entonado tras vencer a Defensores. Tal vez la sorpresa de la fecha la dio El Tim\u00f3n, que sobre el final se lo dio vuelta a El Front\u00f3n y gan\u00f3 por 2 a 1.<\/p>\n<p>Por la lluvia, sin jugar qued\u00f3 Costa Brava ante Pabell\u00f3n de Marcos Paz, mientras que Juventud y Club Mercedes lo har\u00e1n el mi\u00e9rcoles por la noche, en Suipacha, aprovechando que ahora el Lechero puede hacer de local en la semana ya que cuenta el Estadio Municipal con el sistema de iluminaci\u00f3n acorde para disputar un partido.<\/p>\n<p class=\"Estilo25\"><strong>Defensores Juniors 0:<\/strong>\u00a0Germ\u00e1n Mart\u00ednez, Juli\u00e1n Oliveira, Leandro Ferreira, Brian Cifaldi, Esteban Rodr\u00edguez, Juan Santucho, Cristian Cabrera, Braian Barrios, Emanuel Ca\u00f1eros, Sebasti\u00e1n Montiel y Gerardo Verajao.\u00a0<strong>DT:<\/strong>\u00a0Maximiliano Scorini. Suplentes: Benjam\u00edn Polo y Alejandro Gonz\u00e1lez.<br \/>\n<strong>AMEFIP \u2013 San Mart\u00edn 2:<\/strong>\u00a0Tom\u00e1s Borrasca, Patricio Calabria, Jonathan Torres, Juan Rementer\u00eda, Franco Piemonte, Eric Brance, Juli\u00e1n Rementer\u00eda, Cristian Santana, Marcos Camargo, Germ\u00e1n Lucero y Walter Paj\u00f3n.\u00a0<strong>DT:<\/strong>\u00a0Marcelo Rementer\u00eda y Jorge Camargo.\u00a0<strong>Suplentes:<\/strong>\u00a0Jorge Bartolomeo, Nicol\u00e1s Montenegro, Fernando Saba y Nicol\u00e1s Serebrinki.<br \/>\n<strong>Gol el PT:<\/strong>\u00a0A los 43\u2019 Marcos Camargo para AMEFIP-San Mart\u00edn.<br \/>\n<strong>Gol en el ST:\u00a0<\/strong>A los 40\u2019 Germ\u00e1n Lucero para AMEFIP \u2013 San Mart\u00edn.<br \/>\n<strong>Cambios:<\/strong>\u00a0Gabriel Rejala por Leandro Ferreira, Claudio De Tunes por Esteban Rodr\u00edguez y Esteban Havandjian por Cristian Cabrera en Defensores Juniors. Mauro Cabrera por Walter Paj\u00f3n, Cristian Cabrera por Cristian Santana y Franco Mart\u00ednez por Patricio Calabria en AMEFIP San Mart\u00edn.<br \/>\n<strong>Expulsado:<\/strong>\u00a0Emanuel Ca\u00f1eros en Defensores Juniors.<br \/>\n<strong>Arbitro:<\/strong>\u00a0Ernesto Callegari<\/p>\n<p><strong>El Tim\u00f3n 2:<\/strong>\u00a0Federico Rodr\u00edguez, Julio Irrazabal, Enzo Mazzocchi, Lucas Ballesteros, Juan N\u00fa\u00f1ez, N\u00e9stor Fern\u00e1ndez, Mart\u00edn Di Blasi, Mart\u00edn M\u00f3naco, Juan Lagreca, Gustavo Saavedra y Jorge Pitrau.\u00a0<strong>DT:<\/strong>\u00a0Julio Compagnoni.\u00a0<strong>Suplentes:<\/strong>Lautaro Souble y Jano Detomasi.<br \/>\n<strong>El Front\u00f3n 1:<\/strong>\u00a0Mat\u00edas Ronconi, Santiago Gaynor, Mateo Casas, Pablo D\u00edaz, Federico Grosso, Ezequiel T\u00e1mparo, Alejandro Morada, Oscar Zapata, Sergio G\u00f3mez, Nahuel Santana y Mat\u00edas Paolacci.\u00a0<strong>DT:<\/strong>\u00a0Germ\u00e1n Stopiello.\u00a0<strong>Suplentes:<\/strong>Mateo Rodr\u00edguez, Nicol\u00e1s Gottardi y Carlos Schefer.<br \/>\n<strong>Gol en el PT:\u00a0<\/strong>A los 4\u2019 Nahuel Santana para El Front\u00f3n.<br \/>\n<strong>Gol en el ST:<\/strong>\u00a0A los 30\u2019 Germ\u00e1n Di Blasi y a los 45\u2019 Juan Lagreca para El Tim\u00f3n.<br \/>\n<strong>Cambios:<\/strong>\u00a0Federico Monz\u00f3n por Gustavo Saavedra, Ferm\u00edn Trillo por Julio Irrazabal y Sebasti\u00e1n Sala por Jorge Pitrau en El Tim\u00f3n. Francisco Tallarico por Alejandro Morada, Franco Lennard por Oscar Zapata y Joaqu\u00edn Casado por Sergio G\u00f3mez en El Front\u00f3n.<br \/>\n<strong>Expulsado:\u00a0<\/strong>Nahuel Santana en El Front\u00f3n.<br \/>\n<strong>Arbitro:<\/strong>\u00a0Cuenca<\/p>\n<p><strong>Los Palometas 0:<\/strong>\u00a0Jos\u00e9 Ventura, Franco Morales, Facundo Pinto, Maximiliano Castro, Nicol\u00e1s Aranda, Gustavo Medone, P\u00f3rfido, Gonzalo Picone, Diego Figueredo, Juan Rolandelli y Lucas Leguizam\u00f3n.\u00a0<strong>DT:\u00a0<\/strong>Mariano Pueblas.\u00a0<strong>Suplentes:\u00a0<\/strong>Mariano Bordieu y Marcelo Carpanetto.<br \/>\n<strong>V\u00e9lez 0:<\/strong>\u00a0Daniel Buzzi, Fabi\u00e1n Yarbeu, Miguel Maldonado, Franco Vivas, Maximiliano Lettieri, Lucas Alfonso, Agust\u00edn Aguirre, Lautaro Torre, Luis Giacoy, Sebasti\u00e1n Parodi y Maximiliano Mora.\u00a0<strong>DT:<\/strong>\u00a0Ernesto Ballesteros.<br \/>\n<strong>Cambios:<\/strong>\u00a0D. Cuello por Diego Figueredo, Miguel Lobos por Gonzalo Picone y P. Rodr\u00edguez por Maximiliano Castro en Los Palometas. Dante D\u00edaz por Lautaro Torre y Alvaro D\u00edaz por Maximiliano Lettieri en V\u00e9lez.<br \/>\n<strong>Expulsado:\u00a0<\/strong>Franco Vivas en V\u00e9lez.<br \/>\n<strong>Arbitro:\u00a0<\/strong>Germ\u00e1n Gauna<\/p>\n<p><strong>Comunicaciones 3:<\/strong>\u00a0Davis Br\u00edsoliz, Mart\u00edn Ag\u00fcero, Juan Quiroga, Jonathan Bartolomeo, Franco Torres, Tom\u00e1s P\u00e9rez, Sebasti\u00e1n Filipini, Agust\u00edn Tapia, Federico Amaya, Diego S\u00e1nchez y Neri Lazarte.\u00a0<strong>DT:<\/strong>\u00a0Julio Torres.\u00a0<strong>Suplentes:<\/strong>Mat\u00edas Ag\u00fcero, Axel S\u00e1nchez y Alfredo Villalva.<br \/>\n<strong>Quilmes 0:<\/strong>\u00a0Franco Trejo, Nicol\u00e1s Romero, Mat\u00edas Fern\u00e1ndez, Brian Climi\u00f1o, Sebasti\u00e1n Biagini, E. Ramos, Emiliano Pa\u00eds, Jonathan Damonte, Mat\u00edas Meriles, Nicol\u00e1s Loza y Patricio Vardacas.\u00a0<strong>DT:<\/strong>\u00a0Miguel L\u00f3pez.\u00a0<strong>Suplentes:<\/strong>\u00a0Gabriel Cejas y Agust\u00edn Corbella.<br \/>\n<strong>Gol en el PT:<\/strong>\u00a0A los 17\u2019 Federico Amaya y a los 42\u2019 Sebasti\u00e1n Filipini para Comunicaciones.<br \/>\n<strong>Cambios:<\/strong>\u00a0El\u00edas Mu\u00f1oz por Nicol\u00e1s Loza, Alejandro Carrera por Mat\u00edas Meriles en Quilmes. Juli\u00e1n Ag\u00fcero por Tom\u00e1s P\u00e9rez y Kevin Caba\u00f1ez por Federico Amaya en Comunicaciones.<br \/>\n<strong>Arbitro:<\/strong>\u00a0Eduardo Aguirre<br \/>\n<strong><\/p>\n<p>Atl\u00e9tico Marcos Paz\u00a0 3:<\/strong>\u00a0Pablo L\u00f3pez, Nazareno Egu\u00eda, Nahuel Fern\u00e1ndez, Axel Avila, Leandro Broggi, Enzo Guayama, Bruno Giordano, Federico Amorena, Gast\u00f3n Lucano, Diego Correa y Heredia.\u00a0<strong>DT:<\/strong>\u00a0Javier Flores.\u00a0<strong>Suplentes:<\/strong>\u00a0Marcelo Cristaldo, Dar\u00edo Broggi, Cristian Pereyra, Gonzalo Ruiz.<br \/>\n<strong>Ateneo 0:<\/strong>\u00a0Agust\u00edn Ramos, Agust\u00edn Flaherty, Facundo Otero, Ger\u00f3nimo Luna, Santiago Chen, Mariano Villone, Tom\u00e1s Puricelli, Juan Lombardo, Paulo Lescano, Ger\u00f3nimo Puricelli y Ezequiel Van\u00edn.\u00a0<strong>DT:<\/strong>\u00a0Gustavo Cestari.\u00a0<strong>Suplentes:<\/strong>\u00a0Tom\u00e1s Basualdo, Tupac Luna, Daniel Conenna, Diego Gorosito, Maximiliano Becerra.<\/p>\n<p class=\"Estilo25\"><strong>Goles:<\/strong>\u00a0Gast\u00f3n Lucano 2 y Diego Correa.<strong><\/p>\n<p>Mi\u00e9rcoles 2 de agosto<br \/>\nCancha: Juventud<\/strong>.<br \/>\nA las 21 Juventud vs. Club Mercedes.<\/p>\n<p><strong>Pr\u00f3xima fecha<\/strong><br \/>\nEl Front\u00f3n vs. Club Mercedes.<br \/>\nQuilmes vs. Trocha.<br \/>\nAMEFIP San Mart\u00edn vs. Comunicaciones.<br \/>\nAteneo vs. Defensores Juniors.<br \/>\nEstudiantes vs. Costa Brava.<br \/>\nV\u00e9lez vs. Atl\u00e9tico Marcos Paz.<br \/>\nPabell\u00f3n vs. Los Palometas.<br \/>\n<strong>Libre:<\/strong>\u00a0Juventud y El Tim\u00f3n.<\/p>\n<p><img loading=\"lazy\" decoding=\"async\" data-attachment-id=\"65451\" data-permalink=\"https:\/\/www.hoymercedes.com.ar\/principal\/2017\/07\/31\/cuatro-equipos-son-los-que-mandan-en-primera-division\/primera-72\/#main\" data-orig-file=\"https:\/\/www.hoymercedes.com.ar\/principal\/wp-content\/uploads\/2017\/07\/Primera-2.png\" data-orig-size=\"488,403\" data-comments-opened=\"0\" data-image-meta=\"{&quot;aperture&quot;:&quot;0&quot;,&quot;credit&quot;:&quot;&quot;,&quot;camera&quot;:&quot;&quot;,&quot;caption&quot;:&quot;&quot;,&quot;created_timestamp&quot;:&quot;0&quot;,&quot;copyright&quot;:&quot;&quot;,&quot;focal_length&quot;:&quot;0&quot;,&quot;iso&quot;:&quot;0&quot;,&quot;shutter_speed&quot;:&quot;0&quot;,&quot;title&quot;:&quot;&quot;,&quot;orientation&quot;:&quot;0&quot;}\" data-image-title=\"Primera\" data-image-description=\"\" data-image-caption=\"\" data-large-file=\"https:\/\/www.hoymercedes.com.ar\/principal\/wp-content\/uploads\/2017\/07\/Primera-2.png\" class=\"aligncenter size-full wp-image-65451\" src=\"https:\/\/www.hoymercedes.com.ar\/principal\/wp-content\/uploads\/2017\/07\/Primera-2.png\" alt=\"\" width=\"488\" height=\"403\" srcset=\"https:\/\/www.hoymercedes.com.ar\/principal\/wp-content\/uploads\/2017\/07\/Primera-2.png 488w, https:\/\/www.hoymercedes.com.ar\/principal\/wp-content\/uploads\/2017\/07\/Primera-2-150x124.png 150w\" sizes=\"auto, (max-width: 488px) 100vw, 488px\" \/> <img loading=\"lazy\" decoding=\"async\" data-attachment-id=\"65452\" data-permalink=\"https:\/\/www.hoymercedes.com.ar\/principal\/2017\/07\/31\/cuatro-equipos-son-los-que-mandan-en-primera-division\/goleadores-primera-29\/#main\" data-orig-file=\"https:\/\/www.hoymercedes.com.ar\/principal\/wp-content\/uploads\/2017\/07\/Goleadores-Primera-2.png\" data-orig-size=\"326,403\" data-comments-opened=\"0\" data-image-meta=\"{&quot;aperture&quot;:&quot;0&quot;,&quot;credit&quot;:&quot;&quot;,&quot;camera&quot;:&quot;&quot;,&quot;caption&quot;:&quot;&quot;,&quot;created_timestamp&quot;:&quot;0&quot;,&quot;copyright&quot;:&quot;&quot;,&quot;focal_length&quot;:&quot;0&quot;,&quot;iso&quot;:&quot;0&quot;,&quot;shutter_speed&quot;:&quot;0&quot;,&quot;title&quot;:&quot;&quot;,&quot;orientation&quot;:&quot;0&quot;}\" data-image-title=\"Goleadores Primera\" data-image-description=\"\" data-image-caption=\"\" data-large-file=\"https:\/\/www.hoymercedes.com.ar\/principal\/wp-content\/uploads\/2017\/07\/Goleadores-Primera-2.png\" class=\"aligncenter size-medium wp-image-65452\" src=\"https:\/\/www.hoymercedes.com.ar\/principal\/wp-content\/uploads\/2017\/07\/Goleadores-Primera-2.png\" alt=\"\" width=\"326\" height=\"403\" srcset=\"https:\/\/www.hoymercedes.com.ar\/principal\/wp-content\/uploads\/2017\/07\/Goleadores-Primera-2.png 326w, https:\/\/www.hoymercedes.com.ar\/principal\/wp-content\/uploads\/2017\/07\/Goleadores-Primera-2-121x150.png 121w\" sizes=\"auto, (max-width: 326px) 100vw, 326px\" \/> <img loading=\"lazy\" decoding=\"async\" data-attachment-id=\"65453\" data-permalink=\"https:\/\/www.hoymercedes.com.ar\/principal\/2017\/07\/31\/cuatro-equipos-son-los-que-mandan-en-primera-division\/general-25\/#main\" data-orig-file=\"https:\/\/www.hoymercedes.com.ar\/principal\/wp-content\/uploads\/2017\/07\/General-2.png\" data-orig-size=\"446,402\" data-comments-opened=\"0\" data-image-meta=\"{&quot;aperture&quot;:&quot;0&quot;,&quot;credit&quot;:&quot;&quot;,&quot;camera&quot;:&quot;&quot;,&quot;caption&quot;:&quot;&quot;,&quot;created_timestamp&quot;:&quot;0&quot;,&quot;copyright&quot;:&quot;&quot;,&quot;focal_length&quot;:&quot;0&quot;,&quot;iso&quot;:&quot;0&quot;,&quot;shutter_speed&quot;:&quot;0&quot;,&quot;title&quot;:&quot;&quot;,&quot;orientation&quot;:&quot;0&quot;}\" data-image-title=\"General\" data-image-description=\"\" data-image-caption=\"\" data-large-file=\"https:\/\/www.hoymercedes.com.ar\/principal\/wp-content\/uploads\/2017\/07\/General-2.png\" class=\"aligncenter size-medium wp-image-65453\" src=\"https:\/\/www.hoymercedes.com.ar\/principal\/wp-content\/uploads\/2017\/07\/General-2.png\" alt=\"\" width=\"446\" height=\"402\" srcset=\"https:\/\/www.hoymercedes.com.ar\/principal\/wp-content\/uploads\/2017\/07\/General-2.png 446w, https:\/\/www.hoymercedes.com.ar\/principal\/wp-content\/uploads\/2017\/07\/General-2-150x135.png 150w\" sizes=\"auto, (max-width: 446px) 100vw, 446px\" \/><\/p>\n","protected":false},"excerpt":{"rendered":"<p>Con un cielo que por momentos brind\u00f3 lluvia y llovizna y bajo la amenaza constante de que el campo de &#8230; <a title=\"Cuatro equipos son los que mandan en Primera Divisi\u00f3n\" class=\"read-more\" href=\"https:\/\/www.hoymercedes.com.ar\/principal\/2017\/07\/31\/cuatro-equipos-son-los-que-mandan-en-primera-division\/\" aria-label=\"Leer m\u00e1s sobre Cuatro equipos son los que mandan en Primera Divisi\u00f3n\">Leer m\u00e1s<\/a><\/p>\n","protected":false},"author":1,"featured_media":65451,"comment_status":"closed","ping_status":"open","sticky":false,"template":"","format":"standard","meta":{"_monsterinsights_skip_tracking":false,"_monsterinsights_sitenote_active":false,"_monsterinsights_sitenote_note":"","_monsterinsights_sitenote_category":0,"jetpack_post_was_ever_published":false,"_jetpack_newsletter_access":"","_jetpack_dont_email_post_to_subs":false,"_jetpack_newsletter_tier_id":0,"_jetpack_memberships_contains_paywalled_content":false,"_jetpack_memberships_contains_paid_content":false,"footnotes":"","jetpack_publicize_message":"","jetpack_publicize_feature_enabled":true,"jetpack_social_post_already_shared":true,"jetpack_social_options":{"image_generator_settings":{"template":"highway","default_image_id":0,"font":"","enabled":false},"version":2},"_wpas_customize_per_network":false},"categories":[21],"tags":[204,1003,1901,10,8996],"class_list":["post-65450","post","type-post","status-publish","format-standard","has-post-thumbnail","hentry","category-deportes","tag-deportes-2","tag-futbol","tag-liga-mercedina","tag-mercedes","tag-primera-division","generate-columns","tablet-grid-50","mobile-grid-100","grid-parent","grid-50"],"jetpack_publicize_connections":[],"jetpack_featured_media_url":"https:\/\/www.hoymercedes.com.ar\/principal\/wp-content\/uploads\/2017\/07\/Primera-2.png","wps_subtitle":"Liga Mercedina","jetpack_sharing_enabled":true,"_links":{"self":[{"href":"https:\/\/www.hoymercedes.com.ar\/principal\/wp-json\/wp\/v2\/posts\/65450","targetHints":{"allow":["GET"]}}],"collection":[{"href":"https:\/\/www.hoymercedes.com.ar\/principal\/wp-json\/wp\/v2\/posts"}],"about":[{"href":"https:\/\/www.hoymercedes.com.ar\/principal\/wp-json\/wp\/v2\/types\/post"}],"author":[{"embeddable":true,"href":"https:\/\/www.hoymercedes.com.ar\/principal\/wp-json\/wp\/v2\/users\/1"}],"replies":[{"embeddable":true,"href":"https:\/\/www.hoymercedes.com.ar\/principal\/wp-json\/wp\/v2\/comments?post=65450"}],"version-history":[{"count":0,"href":"https:\/\/www.hoymercedes.com.ar\/principal\/wp-json\/wp\/v2\/posts\/65450\/revisions"}],"wp:featuredmedia":[{"embeddable":true,"href":"https:\/\/www.hoymercedes.com.ar\/principal\/wp-json\/wp\/v2\/media\/65451"}],"wp:attachment":[{"href":"https:\/\/www.hoymercedes.com.ar\/principal\/wp-json\/wp\/v2\/media?parent=65450"}],"wp:term":[{"taxonomy":"category","embeddable":true,"href":"https:\/\/www.hoymercedes.com.ar\/principal\/wp-json\/wp\/v2\/categories?post=65450"},{"taxonomy":"post_tag","embeddable":true,"href":"https:\/\/www.hoymercedes.com.ar\/principal\/wp-json\/wp\/v2\/tags?post=65450"}],"curies":[{"name":"wp","href":"https:\/\/api.w.org\/{rel}","templated":true}]}}